{"id":20830,"date":"2026-04-25T11:15:54","date_gmt":"2026-04-25T14:15:54","guid":{"rendered":"https:\/\/fatoelado.com\/?p=20830"},"modified":"2026-04-25T11:15:54","modified_gmt":"2026-04-25T14:15:54","slug":"rafael-fonteles-lanca-expansao-do-ensino-superior-no-piaui-pelo-programa-mais-formacao-mais-renda-nesta-segunda-27","status":"publish","type":"post","link":"https:\/\/fatoelado.com\/?p=20830","title":{"rendered":"Rafael Fonteles lan\u00e7a expans\u00e3o do ensino superior no Piau\u00ed pelo programa Mais Forma\u00e7\u00e3o, Mais Renda, nesta segunda (27)"},"content":{"rendered":"<h2 class=\"elementor-heading-title elementor-size-default\" style=\"text-align: center;\">O lan\u00e7amento marca a amplia\u00e7\u00e3o das a\u00e7\u00f5es do programa, que tem como foco expandir o acesso ao ensino superior e a forma\u00e7\u00e3o profissional no estado.<\/h2>\n<p>&nbsp;<\/p>\n<p>O governador Rafael Fonteles lan\u00e7a, nesta segunda-feira (27), \u00e0s 8h30, no Teatro do Centro de Conven\u00e7\u00f5es, em Teresina, a expans\u00e3o dos cursos de ensino superior presencial e dos n\u00facleos de pesquisa aplicada no \u00e2mbito do Programa Mais Forma\u00e7\u00e3o, Mais Renda. A agenda re\u00fane institui\u00e7\u00f5es de ensino, pesquisa e \u00f3rg\u00e3os estaduais para anunciar a nova etapa da pol\u00edtica p\u00fablica voltada \u00e0 qualifica\u00e7\u00e3o profissional e ao desenvolvimento regional.<\/p>\n<p>A iniciativa \u00e9 coordenada pela Secretaria de Estado da Educa\u00e7\u00e3o (Seduc), em parceria com a Secretaria de Intelig\u00eancia Artificial e Inova\u00e7\u00e3o (SIA), a Funda\u00e7\u00e3o de Amparo \u00e0 Pesquisa do Estado do Piau\u00ed (Fapepi), a Universidade Estadual do Piau\u00ed (Uespi) e o Piau\u00ed Instituto de Tecnologia (PIT). Durante o evento, tamb\u00e9m est\u00e1 prevista a inaugura\u00e7\u00e3o da sede do PIT.<\/p>\n<figure id=\"attachment_117745\" class=\"wp-caption alignnone\" aria-describedby=\"caption-attachment-117745\"><img loading=\"lazy\" decoding=\"async\" class=\"size-full wp-image-117745\" src=\"https:\/\/www.pi.gov.br\/wp-content\/uploads\/2026\/02\/IMG_9688-scaled.jpg\" sizes=\"auto, (max-width: 2560px) 100vw, 2560px\" srcset=\"https:\/\/www.pi.gov.br\/wp-content\/uploads\/2026\/02\/IMG_9688-scaled.jpg 2560w, https:\/\/www.pi.gov.br\/wp-content\/uploads\/2026\/02\/IMG_9688-300x225.jpg 300w, https:\/\/www.pi.gov.br\/wp-content\/uploads\/2026\/02\/IMG_9688-1024x768.jpg 1024w, https:\/\/www.pi.gov.br\/wp-content\/uploads\/2026\/02\/IMG_9688-768x576.jpg 768w, https:\/\/www.pi.gov.br\/wp-content\/uploads\/2026\/02\/IMG_9688-1536x1152.jpg 1536w, https:\/\/www.pi.gov.br\/wp-content\/uploads\/2026\/02\/IMG_9688-2048x1536.jpg 2048w\" alt=\"\" width=\"2560\" height=\"1920\" \/><figcaption id=\"caption-attachment-117745\" class=\"wp-caption-text\">Foto: Ascom Uespi<\/figcaption><\/figure>\n<p>O lan\u00e7amento marca a amplia\u00e7\u00e3o das a\u00e7\u00f5es do programa, que tem como foco expandir o acesso ao ensino superior e a forma\u00e7\u00e3o profissional no estado, com articula\u00e7\u00e3o entre institui\u00e7\u00f5es p\u00fablicas, centros de pesquisa e parceiros do setor produtivo. De modo a contribuir diretamente para a gera\u00e7\u00e3o de emprego, renda e desenvolvimento econ\u00f4mico e social do Estado.<\/p>\n<p>Os detalhes da expans\u00e3o, incluindo novos cursos, vagas e munic\u00edpios contemplados, ser\u00e3o apresentados durante a solenidade.<\/p>\n<p><strong>Servi\u00e7o<\/strong><\/p>\n<p>Evento:Lan\u00e7amento da expans\u00e3o dos cursos de ensino superior e dos n\u00facleos de pesquisa aplicada, no \u00e2mbito do Programa Mais Forma\u00e7\u00e3o, Mais Renda<br \/>\nData: 27 de abril de 2026 (segunda-feira), \u00e0s 8h30<br \/>\nLocal: Centro de Conven\u00e7\u00f5es \u2013 Teatro G3 Telecom<br \/>\nEndere\u00e7o: Avenida Marechal Castelo Branco, 1275, Teresina<\/p>\n<figure id=\"attachment_133342\" class=\"wp-caption alignnone\" aria-describedby=\"caption-attachment-133342\"><img loading=\"lazy\" decoding=\"async\" class=\"size-full wp-image-133342\" src=\"https:\/\/www.pi.gov.br\/wp-content\/uploads\/2026\/04\/4ec03851-43a4-4dc2-beae-b3c36ebc1fe0.jpeg\" sizes=\"auto, (max-width: 1600px) 100vw, 1600px\" srcset=\"https:\/\/www.pi.gov.br\/wp-content\/uploads\/2026\/04\/4ec03851-43a4-4dc2-beae-b3c36ebc1fe0.jpeg 1600w, https:\/\/www.pi.gov.br\/wp-content\/uploads\/2026\/04\/4ec03851-43a4-4dc2-beae-b3c36ebc1fe0-300x188.jpeg 300w, https:\/\/www.pi.gov.br\/wp-content\/uploads\/2026\/04\/4ec03851-43a4-4dc2-beae-b3c36ebc1fe0-1024x640.jpeg 1024w, https:\/\/www.pi.gov.br\/wp-content\/uploads\/2026\/04\/4ec03851-43a4-4dc2-beae-b3c36ebc1fe0-768x480.jpeg 768w, https:\/\/www.pi.gov.br\/wp-content\/uploads\/2026\/04\/4ec03851-43a4-4dc2-beae-b3c36ebc1fe0-1536x960.jpeg 1536w\" alt=\"\" width=\"1600\" height=\"1000\" \/><figcaption id=\"caption-attachment-133342\" class=\"wp-caption-text\">Divulga\u00e7\u00e3o<\/p>\n<p>Fonte: Portal MeioNews.<br \/>\nConfira esta e outras mat\u00e9rias na \u00edntegra pelo link: https:\/\/www.pi.gov.br\/rafael-fonteles-lanca-expansao-do-ensino-superior-no-piaui-pelo-programa-mais-formacao-mais-renda-nesta-segunda-27\/<\/figcaption><\/figure>\n","protected":false},"excerpt":{"rendered":"<p>O lan\u00e7amento marca a amplia\u00e7\u00e3o das a\u00e7\u00f5es do programa, que tem como foco expandir o acesso ao ensino superior e a forma\u00e7\u00e3o profissional no estado. &nbsp; O governador Rafael Fonteles lan\u00e7a, nesta segunda-feira (27), \u00e0s 8h30, no Teatro do Centro de Conven\u00e7\u00f5es, em Teresina, a expans\u00e3o dos cursos de ensino superior presencial e dos n\u00facleos [&hellip;]<\/p>\n","protected":false},"author":3,"featured_media":20831,"comment_status":"open","ping_status":"open","sticky":false,"template":"","format":"standard","meta":{"om_disable_all_campaigns":false,"_monsterinsights_skip_tracking":false,"_monsterinsights_sitenote_active":false,"_monsterinsights_sitenote_note":"","_monsterinsights_sitenote_category":0,"footnotes":""},"categories":[33,30],"tags":[],"class_list":["post-20830","post","type-post","status-publish","format-standard","has-post-thumbnail","hentry","category-piaui","category-politica"],"jetpack_featured_media_url":"https:\/\/fatoelado.com\/wp-content\/uploads\/2026\/04\/IMG_9688-2048x1536-1.jpg","_links":{"self":[{"href":"https:\/\/fatoelado.com\/index.php?rest_route=\/wp\/v2\/posts\/20830","targetHints":{"allow":["GET"]}}],"collection":[{"href":"https:\/\/fatoelado.com\/index.php?rest_route=\/wp\/v2\/posts"}],"about":[{"href":"https:\/\/fatoelado.com\/index.php?rest_route=\/wp\/v2\/types\/post"}],"author":[{"embeddable":true,"href":"https:\/\/fatoelado.com\/index.php?rest_route=\/wp\/v2\/users\/3"}],"replies":[{"embeddable":true,"href":"https:\/\/fatoelado.com\/index.php?rest_route=%2Fwp%2Fv2%2Fcomments&post=20830"}],"version-history":[{"count":1,"href":"https:\/\/fatoelado.com\/index.php?rest_route=\/wp\/v2\/posts\/20830\/revisions"}],"predecessor-version":[{"id":20832,"href":"https:\/\/fatoelado.com\/index.php?rest_route=\/wp\/v2\/posts\/20830\/revisions\/20832"}],"wp:featuredmedia":[{"embeddable":true,"href":"https:\/\/fatoelado.com\/index.php?rest_route=\/wp\/v2\/media\/20831"}],"wp:attachment":[{"href":"https:\/\/fatoelado.com\/index.php?rest_route=%2Fwp%2Fv2%2Fmedia&parent=20830"}],"wp:term":[{"taxonomy":"category","embeddable":true,"href":"https:\/\/fatoelado.com\/index.php?rest_route=%2Fwp%2Fv2%2Fcategories&post=20830"},{"taxonomy":"post_tag","embeddable":true,"href":"https:\/\/fatoelado.com\/index.php?rest_route=%2Fwp%2Fv2%2Ftags&post=20830"}],"curies":[{"name":"wp","href":"https:\/\/api.w.org\/{rel}","templated":true}]}}