{"id":20824,"date":"2026-04-25T11:14:35","date_gmt":"2026-04-25T14:14:35","guid":{"rendered":"https:\/\/fatoelado.com\/?p=20824"},"modified":"2026-04-25T11:14:35","modified_gmt":"2026-04-25T14:14:35","slug":"atleta-piauiense-conquista-bronze-no-salto-triplo-do-sul-americano-da-juventude-no-panama","status":"publish","type":"post","link":"https:\/\/fatoelado.com\/?p=20824","title":{"rendered":"Atleta piauiense conquista bronze no salto triplo do Sul-Americano da Juventude no Panam\u00e1"},"content":{"rendered":"<h2 class=\"elementor-heading-title elementor-size-default\" style=\"text-align: center;\">Guilherme Medeiros tem apoio da Secepi, por meio do programa Bolsa Atleta Estadual.<\/h2>\n<p>&nbsp;<\/p>\n<p>O atletismo piauiense voltou a ganhar destaque internacional, nessa sexta-feira (24), durante os IV Jogos Sul-Americanos da Juventude Sub-18, realizados no Est\u00e1dio Rommel Fern\u00e1ndez, no Panam\u00e1. O jovem piauiense Guilherme Medeiros, de apenas 16 anos, conquistou a medalha de bronze no salto triplo. A competi\u00e7\u00e3o re\u00fane cerca de dois mil atletas de 15 pa\u00edses.<\/p>\n<p>Com a marca de 14,11 metros, representando a sele\u00e7\u00e3o brasileira de base, Guilherme celebrou o resultado com emo\u00e7\u00e3o e consci\u00eancia de que sua trajet\u00f3ria est\u00e1 apenas come\u00e7ando. \u201cN\u00e3o foi meu melhor salto. Senti o joelho no segundo, mas Deus sabe de tudo. Gratid\u00e3o a todos que estiveram comigo, principalmente minha fam\u00edlia. Isso aqui ainda \u00e9 s\u00f3 o come\u00e7o\u201d, declarou o atleta ap\u00f3s a conquista.<\/p>\n<p>Antes mesmo da competi\u00e7\u00e3o, a convoca\u00e7\u00e3o para a sele\u00e7\u00e3o brasileira j\u00e1 era encarada como um marco na carreira do jovem. \u201cIsso nem passava pela minha cabe\u00e7a\u201d, afirmou Guilherme, ao destacar a import\u00e2ncia de representar o Piau\u00ed, o Nordeste e o Brasil em um evento internacional.<\/p>\n<figure id=\"attachment_133329\" class=\"wp-caption alignnone\" aria-describedby=\"caption-attachment-133329\"><img loading=\"lazy\" decoding=\"async\" class=\"size-full wp-image-133329\" src=\"https:\/\/www.pi.gov.br\/wp-content\/uploads\/2026\/04\/guilherme-medeiros-panama-salto-triplo-e1777082834475.jpeg\" sizes=\"auto, (max-width: 1179px) 100vw, 1179px\" srcset=\"https:\/\/www.pi.gov.br\/wp-content\/uploads\/2026\/04\/guilherme-medeiros-panama-salto-triplo-e1777082834475.jpeg 1179w, https:\/\/www.pi.gov.br\/wp-content\/uploads\/2026\/04\/guilherme-medeiros-panama-salto-triplo-e1777082834475-300x187.jpeg 300w, https:\/\/www.pi.gov.br\/wp-content\/uploads\/2026\/04\/guilherme-medeiros-panama-salto-triplo-e1777082834475-1024x639.jpeg 1024w, https:\/\/www.pi.gov.br\/wp-content\/uploads\/2026\/04\/guilherme-medeiros-panama-salto-triplo-e1777082834475-768x479.jpeg 768w\" alt=\"\" width=\"1179\" height=\"736\" \/><figcaption id=\"caption-attachment-133329\" class=\"wp-caption-text\">Foto: Ascom Secepi<\/figcaption><\/figure>\n<p>Treinado pelo professor Alberto Sobrinho, Guilherme vem se consolidando como uma das promessas do atletismo nacional. Segundo o t\u00e9cnico, a convoca\u00e7\u00e3o precoce refor\u00e7a o potencial do atleta. \u201cEssa convoca\u00e7\u00e3o \u00e9 de extrema import\u00e2ncia para ele, para o Piau\u00ed e para nosso clube. Ele est\u00e1 entrando para a hist\u00f3ria como um dos poucos piauienses convocados para a sele\u00e7\u00e3o brasileira na categoria Sub-18\u201d, declarou na imprensa.<\/p>\n<p>Bicampe\u00e3o do salto triplo no Campeonato Norte-Nordeste de Atletismo, Guilherme agora soma ao curr\u00edculo uma medalha continental, resultado que emociona a fam\u00edlia. A m\u00e3e do atleta, Hiracy Medeiros, n\u00e3o escondeu o orgulho. \u201cJ\u00e1 chorei muito de tanta alegria. Ele \u00e9 o \u00fanico representante do Piau\u00ed e j\u00e1 est\u00e1 trazendo uma medalha\u201d, disse.<\/p>\n<p>A secret\u00e1ria de Estado dos Esportes, Josiene Campelo, destacou a import\u00e2ncia dos investimentos cont\u00ednuos. \u201c\u00c9 not\u00f3rio o fortalecimento dos nossos atletas e do esporte piauiense com os programas e projetos implantados pelo Governo do Estado. Resultados como esse incentiva talentos e leva o nome do Piau\u00ed cada vez mais longe\u201d, afirmou.<\/p>\n<p>O desempenho do jovem tamb\u00e9m reflete o impacto das pol\u00edticas p\u00fablicas de incentivo ao esporte no estado. Guilherme \u00e9 benefici\u00e1rio do programa Bolsa Atleta Estadual, executado pelo Governo do Estado, por meio da Secretaria dos Esportes (Secepi), recebendo aux\u00edlio mensal de R$ 1.000,00 para apoiar sua forma\u00e7\u00e3o no alto rendimento.<\/p>\n<figure id=\"attachment_133328\" class=\"wp-caption alignnone\" aria-describedby=\"caption-attachment-133328\"><img loading=\"lazy\" decoding=\"async\" class=\"wp-image-133328 size-full\" src=\"https:\/\/www.pi.gov.br\/wp-content\/uploads\/2026\/04\/guilherme-medeiros-atletismo.jpeg\" sizes=\"auto, (max-width: 1179px) 100vw, 1179px\" srcset=\"https:\/\/www.pi.gov.br\/wp-content\/uploads\/2026\/04\/guilherme-medeiros-atletismo.jpeg 1179w, https:\/\/www.pi.gov.br\/wp-content\/uploads\/2026\/04\/guilherme-medeiros-atletismo-300x269.jpeg 300w, https:\/\/www.pi.gov.br\/wp-content\/uploads\/2026\/04\/guilherme-medeiros-atletismo-1024x917.jpeg 1024w, https:\/\/www.pi.gov.br\/wp-content\/uploads\/2026\/04\/guilherme-medeiros-atletismo-768x688.jpeg 768w\" alt=\"\" width=\"1179\" height=\"1056\" \/><figcaption id=\"caption-attachment-133328\" class=\"wp-caption-text\">Foto: Ascom Secepi<\/figcaption><\/figure>\n<p>&nbsp;<\/p>\n<p>Fonte: Portal MeioNews.<br \/>\nConfira esta e outras mat\u00e9rias na \u00edntegra pelo link: https:\/\/www.pi.gov.br\/atleta-piauiense-conquista-bronze-no-salto-triplo-do-sul-americano-da-juventude-no-panama\/<\/p>\n","protected":false},"excerpt":{"rendered":"<p>Guilherme Medeiros tem apoio da Secepi, por meio do programa Bolsa Atleta Estadual. &nbsp; O atletismo piauiense voltou a ganhar destaque internacional, nessa sexta-feira (24), durante os IV Jogos Sul-Americanos da Juventude Sub-18, realizados no Est\u00e1dio Rommel Fern\u00e1ndez, no Panam\u00e1. O jovem piauiense Guilherme Medeiros, de apenas 16 anos, conquistou a medalha de bronze no [&hellip;]<\/p>\n","protected":false},"author":3,"featured_media":20825,"comment_status":"open","ping_status":"open","sticky":false,"template":"","format":"standard","meta":{"om_disable_all_campaigns":false,"_monsterinsights_skip_tracking":false,"_monsterinsights_sitenote_active":false,"_monsterinsights_sitenote_note":"","_monsterinsights_sitenote_category":0,"footnotes":""},"categories":[48],"tags":[],"class_list":["post-20824","post","type-post","status-publish","format-standard","has-post-thumbnail","hentry","category-esportes"],"jetpack_featured_media_url":"https:\/\/fatoelado.com\/wp-content\/uploads\/2026\/04\/guilherme-medeiros-panama-salto-triplo-e1777082834475.jpeg","_links":{"self":[{"href":"https:\/\/fatoelado.com\/index.php?rest_route=\/wp\/v2\/posts\/20824","targetHints":{"allow":["GET"]}}],"collection":[{"href":"https:\/\/fatoelado.com\/index.php?rest_route=\/wp\/v2\/posts"}],"about":[{"href":"https:\/\/fatoelado.com\/index.php?rest_route=\/wp\/v2\/types\/post"}],"author":[{"embeddable":true,"href":"https:\/\/fatoelado.com\/index.php?rest_route=\/wp\/v2\/users\/3"}],"replies":[{"embeddable":true,"href":"https:\/\/fatoelado.com\/index.php?rest_route=%2Fwp%2Fv2%2Fcomments&post=20824"}],"version-history":[{"count":1,"href":"https:\/\/fatoelado.com\/index.php?rest_route=\/wp\/v2\/posts\/20824\/revisions"}],"predecessor-version":[{"id":20826,"href":"https:\/\/fatoelado.com\/index.php?rest_route=\/wp\/v2\/posts\/20824\/revisions\/20826"}],"wp:featuredmedia":[{"embeddable":true,"href":"https:\/\/fatoelado.com\/index.php?rest_route=\/wp\/v2\/media\/20825"}],"wp:attachment":[{"href":"https:\/\/fatoelado.com\/index.php?rest_route=%2Fwp%2Fv2%2Fmedia&parent=20824"}],"wp:term":[{"taxonomy":"category","embeddable":true,"href":"https:\/\/fatoelado.com\/index.php?rest_route=%2Fwp%2Fv2%2Fcategories&post=20824"},{"taxonomy":"post_tag","embeddable":true,"href":"https:\/\/fatoelado.com\/index.php?rest_route=%2Fwp%2Fv2%2Ftags&post=20824"}],"curies":[{"name":"wp","href":"https:\/\/api.w.org\/{rel}","templated":true}]}}