{"id":20820,"date":"2026-04-25T11:13:12","date_gmt":"2026-04-25T14:13:12","guid":{"rendered":"https:\/\/fatoelado.com\/?p=20820"},"modified":"2026-04-25T11:13:12","modified_gmt":"2026-04-25T14:13:12","slug":"exame-confirma-lesao-militao-passara-por-cirurgia-e-deve-ficar-fora-da-copa-do-mundo","status":"publish","type":"post","link":"https:\/\/fatoelado.com\/?p=20820","title":{"rendered":"Exame confirma les\u00e3o, Milit\u00e3o passar\u00e1 por cirurgia e deve ficar fora da Copa do Mundo"},"content":{"rendered":"<h2 class=\"article-subtitle\" style=\"text-align: center;\">Zagueiro do Real Madrid teve reabertura de les\u00e3o na coxa, n\u00e3o joga mais nesta temporada e est\u00e1 praticamente fora do Mundial com a Sele\u00e7\u00e3o Brasileira<\/h2>\n<p>&nbsp;<\/p>\n<div class=\"article-image-featured\" style=\"text-align: center;\"><img decoding=\"async\" class=\"i-amphtml-fill-content i-amphtml-replaced-content aligncenter\" src=\"https:\/\/www.meionews.com\/uploads\/imagens\/2026\/4\/25\/zagueiro-eder-militao--6cb5566261c33d76.jpg\" alt=\"Zagueiro \u00c9der Milit\u00e3o | Reprodu\u00e7\u00e3o\" data-amp-loading=\"lazy\" \/><small>Zagueiro \u00c9der Milit\u00e3o | Foto: Reprodu\u00e7\u00e3o<\/small><\/div>\n<div class=\"g-news\"><\/div>\n<div class=\"article-html\">\n<div class=\"article-html-more\">\n<p><strong>A Sele\u00e7\u00e3o Brasileira est\u00e1 perto de sofrer mais uma baixa importante para a Copa do Mundo. O zagueiro \u00c9der Milit\u00e3o, do Real Madrid, precisar\u00e1 passar por uma nova cirurgia ap\u00f3s ter a les\u00e3o na coxa agravada,<\/strong> o que praticamente o tira da disputa do torneio.<\/p>\n<p>O defensor sentiu um desconforto na \u00faltima ter\u00e7a-feira, durante a partida contra o Alav\u00e9s, e precisou ser substitu\u00eddo ainda antes do intervalo.<\/p>\n<p><span class=\"highlight\">Inicialmente, os exames indicavam que o problema n\u00e3o era grave. No entanto, ap\u00f3s avalia\u00e7\u00f5es m\u00e9dicas mais detalhadas, foi confirmada a reabertura da cicatriz da les\u00e3o na coxa sofrida pelo jogador em dezembro.<\/span><\/p>\n<p>Com isso, Milit\u00e3o ter\u00e1 de ser submetido a um procedimento cir\u00fargico, o que aumenta significativamente o tempo de recupera\u00e7\u00e3o e encerra sua temporada pelo clube espanhol.<\/p>\n<p>&nbsp;<\/p>\n<div class=\"dimg\"><img decoding=\"async\" class=\"i-amphtml-intrinsic-sizer\" role=\"presentation\" src=\"data:;base64,<svg height=\"665px\" width=\"1200px\" xmlns=\"http:\/\/www.w3.org\/2000\/svg\" version=\"1.1\"\/>&#8221; alt=&#8221;&#8221; aria-hidden=&#8221;true&#8221; \/><img decoding=\"async\" class=\"i-amphtml-fill-content i-amphtml-replaced-content\" src=\"https:\/\/www.meionews.com\/uploads\/imagens\/2026\/4\/25\/exame-confirma-lesao-militao-passara-por-cirurgia-e-deve-ficar-fora-da-copa-do-mundo--2ca0748043f8e13d.jpg\" alt=\"\u00c9der Milit\u00e3o deixa o gramado do Santiago Bernab\u00e9u com dores | Foto: Thomas COEX \/ AFP\u00a0\" data-amp-loading=\"lazy\" \/><\/div>\n<p><span class=\"fr-inner\">\u00c9der Milit\u00e3o deixa o gramado do Santiago Bernab\u00e9u com dores | Foto: Thomas COEX \/ AFP\u00a0<\/span>&nbsp;<\/p>\n<h2 data-end=\"1078\" data-section-id=\"1qd68jm\" data-start=\"1037\"><strong>Les\u00f5es preocupam Real Madrid e Sele\u00e7\u00e3o<\/strong><\/h2>\n<p>O tratamento conservador com PRP (plasma rico em plaquetas), realizado em dezembro, j\u00e1 apresentava riscos devido \u00e0 cicatriza\u00e7\u00e3o em uma \u00e1rea delicada, o que acabou confirmando o pior cen\u00e1rio para o atleta.<\/p>\n<p>Al\u00e9m de ficar fora do restante da temporada pelo Real Madrid, tudo indica que o zagueiro tamb\u00e9m perder\u00e1 a Copa do Mundo com a Sele\u00e7\u00e3o Brasileira.<\/p>\n<p>Antes dele, Rodrygo tamb\u00e9m j\u00e1 havia sido confirmado como desfalque para o t\u00e9cnico Carlo Ancelotti ap\u00f3s uma grave les\u00e3o no joelho.<\/p>\n<p><strong>O clube espanhol ainda enfrenta outros problemas no elenco.\u00a0<\/strong>\u00c1lvaro Arbeloa tamb\u00e9m entrou para a lista de lesionados. Arda G\u00fcler deve ficar afastado por tr\u00eas a quatro semanas por conta de uma les\u00e3o na coxa, enquanto Kylian Mbapp\u00e9 n\u00e3o conseguiu terminar a partida contra o Betis devido a uma fadiga muscular.<\/p>\n<p>&nbsp;<\/p>\n<p><em>Com informa\u00e7\u00f5es da ESPN<\/em><\/p>\n<p class=\"ads\">\n<div class=\"article-more\">\n<div class=\"more-news\">Fonte: Portal MeioNews.<br \/>\nConfira esta e outras mat\u00e9rias na \u00edntegra pelo link: https:\/\/www.meionews.com\/esportes\/exame-confirma-lesao-militao-passara-por-cirurgia-e-deve-ficar-fora-da-copa-do-mundo-561832<\/div>\n<\/div>\n<\/div>\n<\/div>\n","protected":false},"excerpt":{"rendered":"<p>Zagueiro do Real Madrid teve reabertura de les\u00e3o na coxa, n\u00e3o joga mais nesta temporada e est\u00e1 praticamente fora do Mundial com a Sele\u00e7\u00e3o Brasileira &nbsp; Zagueiro \u00c9der Milit\u00e3o | Foto: Reprodu\u00e7\u00e3o A Sele\u00e7\u00e3o Brasileira est\u00e1 perto de sofrer mais uma baixa importante para a Copa do Mundo. O zagueiro \u00c9der Milit\u00e3o, do Real Madrid, [&hellip;]<\/p>\n","protected":false},"author":3,"featured_media":20821,"comment_status":"open","ping_status":"open","sticky":false,"template":"","format":"standard","meta":{"om_disable_all_campaigns":false,"_monsterinsights_skip_tracking":false,"_monsterinsights_sitenote_active":false,"_monsterinsights_sitenote_note":"","_monsterinsights_sitenote_category":0,"footnotes":""},"categories":[48],"tags":[],"class_list":["post-20820","post","type-post","status-publish","format-standard","has-post-thumbnail","hentry","category-esportes"],"jetpack_featured_media_url":"https:\/\/fatoelado.com\/wp-content\/uploads\/2026\/04\/zagueiro-eder-militao-6cb5566261c33d76.jpg","_links":{"self":[{"href":"https:\/\/fatoelado.com\/index.php?rest_route=\/wp\/v2\/posts\/20820","targetHints":{"allow":["GET"]}}],"collection":[{"href":"https:\/\/fatoelado.com\/index.php?rest_route=\/wp\/v2\/posts"}],"about":[{"href":"https:\/\/fatoelado.com\/index.php?rest_route=\/wp\/v2\/types\/post"}],"author":[{"embeddable":true,"href":"https:\/\/fatoelado.com\/index.php?rest_route=\/wp\/v2\/users\/3"}],"replies":[{"embeddable":true,"href":"https:\/\/fatoelado.com\/index.php?rest_route=%2Fwp%2Fv2%2Fcomments&post=20820"}],"version-history":[{"count":2,"href":"https:\/\/fatoelado.com\/index.php?rest_route=\/wp\/v2\/posts\/20820\/revisions"}],"predecessor-version":[{"id":20823,"href":"https:\/\/fatoelado.com\/index.php?rest_route=\/wp\/v2\/posts\/20820\/revisions\/20823"}],"wp:featuredmedia":[{"embeddable":true,"href":"https:\/\/fatoelado.com\/index.php?rest_route=\/wp\/v2\/media\/20821"}],"wp:attachment":[{"href":"https:\/\/fatoelado.com\/index.php?rest_route=%2Fwp%2Fv2%2Fmedia&parent=20820"}],"wp:term":[{"taxonomy":"category","embeddable":true,"href":"https:\/\/fatoelado.com\/index.php?rest_route=%2Fwp%2Fv2%2Fcategories&post=20820"},{"taxonomy":"post_tag","embeddable":true,"href":"https:\/\/fatoelado.com\/index.php?rest_route=%2Fwp%2Fv2%2Ftags&post=20820"}],"curies":[{"name":"wp","href":"https:\/\/api.w.org\/{rel}","templated":true}]}}