{"id":20806,"date":"2026-04-25T11:07:08","date_gmt":"2026-04-25T14:07:08","guid":{"rendered":"https:\/\/fatoelado.com\/?p=20806"},"modified":"2026-04-25T11:07:08","modified_gmt":"2026-04-25T14:07:08","slug":"pgr-da-parecer-favoravel-a-cirurgia-no-ombro-de-bolsonaro","status":"publish","type":"post","link":"https:\/\/fatoelado.com\/?p=20806","title":{"rendered":"PGR d\u00e1 parecer favor\u00e1vel a cirurgia no ombro de Bolsonaro"},"content":{"rendered":"<p><img decoding=\"async\" class=\"aligncenter\" src=\"https:\/\/cidadeverde.com\/assets\/uploads\/colecoes\/2\/2026\/03\/bolsonaro.jpg\" alt=\"bolsonaro.jpg\" \/><\/p>\n<p>A Procuradoria-Geral da Rep\u00fablica se manifestou nesta sexta-feira (24) a favor da realiza\u00e7\u00e3o de uma cirurgia no ombro de Jair Bolsonaro (PL), conformado solicitado pela defesa do ex-presidente. O ministro Alexandre de Moraes, do Supremo Tribunal Federal (STF), havia pedido um parecer da PGR com prazo at\u00e9 28 de abril.<\/p>\n<p>A opera\u00e7\u00e3o, voltada a fixar les\u00f5es no manguito rotador, estava inicialmente prevista para esta sexta (24) ou s\u00e1bado (25). O ex-presidente tem se queixado de dores no local e realiza atividades de fisioterapia semanalmente.<\/p>\n<p>O balan\u00e7o das sess\u00f5es divulgado nesta sexta relatou que Bolsonaro conduziu atividades pr\u00e9-operat\u00f3rias sem intercorr\u00eancias, com foco em mobilidade articular, ativa\u00e7\u00e3o muscular e condicionamento. O parecer recomenda a continuidade das sess\u00f5es ap\u00f3s a cirurgia.<\/p>\n<p>No relat\u00f3rio anterior, a equipe de fisioterapia disse que Bolsonaro havia relatado dores e fadiga durante sess\u00f5es, com a interrup\u00e7\u00e3o tempor\u00e1ria da pr\u00e1tica em um dos atendimentos. Essa quest\u00e3o levou a equipe m\u00e9dica a constatar a necessidade de realizar a cirurgia o quanto antes.<\/p>\n<p>O balan\u00e7o desta semana tamb\u00e9m cita uma estabiliza\u00e7\u00e3o dos epis\u00f3dios de solu\u00e7o g\u00e1strico e uma \u201cmelhora progressiva\u201d no sistema respirat\u00f3rio do ex-presidente ap\u00f3s o quadro de broncopneumonia identificado no \u00faltimo m\u00eas. Os documentos cobrem as atividades de Bolsonaro dos dias 16 a 22 de abril.<\/p>\n<p>Conforme determina\u00e7\u00e3o do ministro Alexandre de Moraes, a equipe que acompanha o quadro de sa\u00fade do ex-presidente precisa enviar semanalmente atualiza\u00e7\u00f5es sobre o seu estado.<\/p>\n<p>O ex-presidente passou a cumprir pris\u00e3o domiciliar humanit\u00e1ria por 90 dias em 27 de mar\u00e7o enquanto se recupera plenamente da pneumonia decorrente de um epis\u00f3dio de broncoaspira\u00e7\u00e3o \u2013 a entrada de l\u00edquidos ou alimentos pelo pulm\u00e3o ao em vez do es\u00f4fago.<\/p>\n<p>&nbsp;<\/p>\n<p>Fonte: Portal CidadeVerde.<br \/>\nConfira esta e outras mat\u00e9rias na \u00edntegra pelo link: https:\/\/cidadeverde.com\/noticias\/454895\/pgr-da-parecer-favoravel-a-cirurgia-no-ombro-de-bolsonaro<\/p>\n","protected":false},"excerpt":{"rendered":"<p>A Procuradoria-Geral da Rep\u00fablica se manifestou nesta sexta-feira (24) a favor da realiza\u00e7\u00e3o de uma cirurgia no ombro de Jair Bolsonaro (PL), conformado solicitado pela defesa do ex-presidente. O ministro Alexandre de Moraes, do Supremo Tribunal Federal (STF), havia pedido um parecer da PGR com prazo at\u00e9 28 de abril. A opera\u00e7\u00e3o, voltada a fixar [&hellip;]<\/p>\n","protected":false},"author":3,"featured_media":20807,"comment_status":"open","ping_status":"open","sticky":false,"template":"","format":"standard","meta":{"om_disable_all_campaigns":false,"_monsterinsights_skip_tracking":false,"_monsterinsights_sitenote_active":false,"_monsterinsights_sitenote_note":"","_monsterinsights_sitenote_category":0,"footnotes":""},"categories":[47],"tags":[],"class_list":["post-20806","post","type-post","status-publish","format-standard","has-post-thumbnail","hentry","category-nacionais"],"jetpack_featured_media_url":"https:\/\/fatoelado.com\/wp-content\/uploads\/2026\/04\/bolsonaro.jpg","_links":{"self":[{"href":"https:\/\/fatoelado.com\/index.php?rest_route=\/wp\/v2\/posts\/20806","targetHints":{"allow":["GET"]}}],"collection":[{"href":"https:\/\/fatoelado.com\/index.php?rest_route=\/wp\/v2\/posts"}],"about":[{"href":"https:\/\/fatoelado.com\/index.php?rest_route=\/wp\/v2\/types\/post"}],"author":[{"embeddable":true,"href":"https:\/\/fatoelado.com\/index.php?rest_route=\/wp\/v2\/users\/3"}],"replies":[{"embeddable":true,"href":"https:\/\/fatoelado.com\/index.php?rest_route=%2Fwp%2Fv2%2Fcomments&post=20806"}],"version-history":[{"count":2,"href":"https:\/\/fatoelado.com\/index.php?rest_route=\/wp\/v2\/posts\/20806\/revisions"}],"predecessor-version":[{"id":20809,"href":"https:\/\/fatoelado.com\/index.php?rest_route=\/wp\/v2\/posts\/20806\/revisions\/20809"}],"wp:featuredmedia":[{"embeddable":true,"href":"https:\/\/fatoelado.com\/index.php?rest_route=\/wp\/v2\/media\/20807"}],"wp:attachment":[{"href":"https:\/\/fatoelado.com\/index.php?rest_route=%2Fwp%2Fv2%2Fmedia&parent=20806"}],"wp:term":[{"taxonomy":"category","embeddable":true,"href":"https:\/\/fatoelado.com\/index.php?rest_route=%2Fwp%2Fv2%2Fcategories&post=20806"},{"taxonomy":"post_tag","embeddable":true,"href":"https:\/\/fatoelado.com\/index.php?rest_route=%2Fwp%2Fv2%2Ftags&post=20806"}],"curies":[{"name":"wp","href":"https:\/\/api.w.org\/{rel}","templated":true}]}}