{"id":20803,"date":"2026-04-25T11:06:34","date_gmt":"2026-04-25T14:06:34","guid":{"rendered":"https:\/\/fatoelado.com\/?p=20803"},"modified":"2026-04-25T11:06:34","modified_gmt":"2026-04-25T14:06:34","slug":"ministerio-da-saude-alerta-sobre-o-risco-de-sarampo-na-copa-do-mundo","status":"publish","type":"post","link":"https:\/\/fatoelado.com\/?p=20803","title":{"rendered":"Minist\u00e9rio da Sa\u00fade alerta sobre o risco de sarampo na Copa do Mundo"},"content":{"rendered":"<p><img decoding=\"async\" class=\"aligncenter\" src=\"https:\/\/cidadeverde.com\/assets\/uploads\/colecoes\/2\/2026\/04\/copa_do_mundo_2026.jpg\" alt=\"Copa do Mundo 2026\" \/><\/p>\n<p>O Minist\u00e9rio da Sa\u00fade emitiu nesta quinta-feira, 23, uma nota t\u00e9cnica alertando para o risco de contamina\u00e7\u00e3o por sarampo na Copa do Mundo, que ser\u00e1 realizada entre 11 de junho e 19 de julho nos Estados Unidos, M\u00e9xico e Canad\u00e1.<\/p>\n<p>Segundo a pasta, eventos internacionais como a Copa re\u00fanem muitas pessoas e aumentam o fluxo de viajantes entre pa\u00edses e continentes, o que pode facilitar a dissemina\u00e7\u00e3o de doen\u00e7as transmiss\u00edveis.<\/p>\n<p>A nota lembra que, em 2025, o Canad\u00e1 somou 5.062 casos de sarampo e, em 2026, registra 124, mantendo-se como \u00e1rea de circula\u00e7\u00e3o end\u00eamica.<\/p>\n<blockquote><p>&#8220;Situa\u00e7\u00e3o semelhante foi observada no M\u00e9xico, que passou de 7 casos em 2024 para 6.152 em 2025 e 1.190 casos em janeiro de 2026, conforme dados preliminares&#8221;, continua o documento.<\/p><\/blockquote>\n<p>Nos Estados Unidos, foram notificados 2.144 casos em 2025 e 721 em janeiro de 2026.<\/p>\n<p>A situa\u00e7\u00e3o faz com que o risco regional nas Am\u00e9ricas seja classificado como &#8220;muito alto&#8221;. Apesar disso, o Brasil mant\u00e9m o status de &#8216;pa\u00eds livre da circula\u00e7\u00e3o end\u00eamica do v\u00edrus do sarampo&#8217;.<\/p>\n<p>Em 2025, o Brasil registrou 3.952 casos suspeitos. A maioria (3 841) foi descartada. Outros 46 seguem em investiga\u00e7\u00e3o e 38 foram confirmados.<\/p>\n<p>Entre os casos confirmados, 10 vieram de fora do Pa\u00eds, 25 t\u00eam rela\u00e7\u00e3o com viagens internacionais e tr\u00eas ainda n\u00e3o t\u00eam origem identificada. Quase todos os infectados n\u00e3o tinham se vacinado.<\/p>\n<p>Em 2026, foram registrados 232 casos suspeitos no Brasil. Dois foram confirmados. Um deles \u00e9 de uma crian\u00e7a que mora em S\u00e3o Paulo e viajou para a Bol\u00edvia. O outro \u00e9 de uma jovem de 22 anos, do Rio de Janeiro. Nenhuma das duas tinha hist\u00f3rico de vacina\u00e7\u00e3o contra a doen\u00e7a.<\/p>\n<blockquote><p>&#8220;N\u00f3s precisamos manter a popula\u00e7\u00e3o vacinada, o que funciona como uma barreira para a transmiss\u00e3o do v\u00edrus&#8221;, destaca Renato Kfouri, vice-presidente da Sociedade Brasileira de Imuniza\u00e7\u00f5es (SBIm). O m\u00e9dico tamb\u00e9m chama aten\u00e7\u00e3o para a import\u00e2ncia da vigil\u00e2ncia ativa para a detec\u00e7\u00e3o precoce dos casos.<\/p><\/blockquote>\n<p>Na nota, o minist\u00e9rio orienta que estados e munic\u00edpios intensifiquem a vacina\u00e7\u00e3o, a vigil\u00e2ncia e a notifica\u00e7\u00e3o r\u00e1pida de casos suspeitos.<\/p>\n<h2><strong>Quem deve se vacinar?<\/strong><\/h2>\n<p>A vacina\u00e7\u00e3o, refor\u00e7a Kfouri, \u00e9 a principal forma de preven\u00e7\u00e3o contra a doen\u00e7a. A recomenda\u00e7\u00e3o \u00e9 que os viajantes verifiquem se a carteira de vacina\u00e7\u00e3o est\u00e1 em dia antes de sair do Pa\u00eds e fiquem atentos a sintomas ap\u00f3s a viagem.<\/p>\n<p>A nota orienta que todos aqueles com destino aos pa\u00edses da Copa do Mundo estejam com a vacina\u00e7\u00e3o contra o sarampo atualizada. A recomenda\u00e7\u00e3o tamb\u00e9m vale para quem n\u00e3o pretende viajar, j\u00e1 que a maioria dos casos confirmados no Brasil ocorreu entre pessoas sem imuniza\u00e7\u00e3o.<\/p>\n<p>Crian\u00e7as de seis a onze meses devem receber uma dose da vacina, com aplica\u00e7\u00e3o ao menos 15 dias antes do embarque. A partir de um ano at\u00e9 os 29 anos, o esquema prev\u00ea duas doses do imunizante. Quem ainda n\u00e3o completou a imuniza\u00e7\u00e3o precisa iniciar o processo cerca de 45 dias antes da viagem, j\u00e1 que h\u00e1 intervalo entre as doses e tempo para resposta do organismo.<\/p>\n<p>Adultos de 30 a 59 anos precisam ter ao menos uma dose registrada, aplicada com anteced\u00eancia m\u00ednima de 15 dias. Mesmo fora do prazo ideal, a orienta\u00e7\u00e3o \u00e9 tomar a vacina antes do embarque.<\/p>\n<h2><strong>Sarampo<\/strong><\/h2>\n<p>O sarampo \u00e9 causado por um v\u00edrus do g\u00eanero Morbillivirus. A transmiss\u00e3o ocorre por via respirat\u00f3ria, assim como a gripe e outras infec\u00e7\u00f5es virais.<\/p>\n<p>Os sintomas iniciais costumam, inclusive, ser parecidos com os da gripe: febre alta, tosse, coriza, conjuntivite e mal-estar. Depois de alguns dias, por\u00e9m, surgem manchas vermelhas pelo corpo, a principal marca da doen\u00e7a.<\/p>\n<p>Algumas das complica\u00e7\u00f5es da infec\u00e7\u00e3o s\u00e3o pneumonia, infec\u00e7\u00e3o no ouvido e inflama\u00e7\u00e3o no c\u00e9rebro. Especialmente entre crian\u00e7as, a doen\u00e7a tamb\u00e9m pode levar \u00e0 morte.<\/p>\n<p>&nbsp;<\/p>\n<p>Fonte: Portal CidadeVerde.<br \/>\nConfira esta e outras mat\u00e9rias na \u00edntegra pelo link: https:\/\/cidadeverde.com\/noticias\/454898\/ministerio-da-saude-alerta-sobre-o-risco-de-sarampo-na-copa-do-mundo<\/p>\n","protected":false},"excerpt":{"rendered":"<p>O Minist\u00e9rio da Sa\u00fade emitiu nesta quinta-feira, 23, uma nota t\u00e9cnica alertando para o risco de contamina\u00e7\u00e3o por sarampo na Copa do Mundo, que ser\u00e1 realizada entre 11 de junho e 19 de julho nos Estados Unidos, M\u00e9xico e Canad\u00e1. Segundo a pasta, eventos internacionais como a Copa re\u00fanem muitas pessoas e aumentam o fluxo [&hellip;]<\/p>\n","protected":false},"author":3,"featured_media":20804,"comment_status":"open","ping_status":"open","sticky":false,"template":"","format":"standard","meta":{"om_disable_all_campaigns":false,"_monsterinsights_skip_tracking":false,"_monsterinsights_sitenote_active":false,"_monsterinsights_sitenote_note":"","_monsterinsights_sitenote_category":0,"footnotes":""},"categories":[42],"tags":[],"class_list":["post-20803","post","type-post","status-publish","format-standard","has-post-thumbnail","hentry","category-saude"],"jetpack_featured_media_url":"https:\/\/fatoelado.com\/wp-content\/uploads\/2026\/04\/copa_do_mundo_2026-1.jpg","_links":{"self":[{"href":"https:\/\/fatoelado.com\/index.php?rest_route=\/wp\/v2\/posts\/20803","targetHints":{"allow":["GET"]}}],"collection":[{"href":"https:\/\/fatoelado.com\/index.php?rest_route=\/wp\/v2\/posts"}],"about":[{"href":"https:\/\/fatoelado.com\/index.php?rest_route=\/wp\/v2\/types\/post"}],"author":[{"embeddable":true,"href":"https:\/\/fatoelado.com\/index.php?rest_route=\/wp\/v2\/users\/3"}],"replies":[{"embeddable":true,"href":"https:\/\/fatoelado.com\/index.php?rest_route=%2Fwp%2Fv2%2Fcomments&post=20803"}],"version-history":[{"count":1,"href":"https:\/\/fatoelado.com\/index.php?rest_route=\/wp\/v2\/posts\/20803\/revisions"}],"predecessor-version":[{"id":20805,"href":"https:\/\/fatoelado.com\/index.php?rest_route=\/wp\/v2\/posts\/20803\/revisions\/20805"}],"wp:featuredmedia":[{"embeddable":true,"href":"https:\/\/fatoelado.com\/index.php?rest_route=\/wp\/v2\/media\/20804"}],"wp:attachment":[{"href":"https:\/\/fatoelado.com\/index.php?rest_route=%2Fwp%2Fv2%2Fmedia&parent=20803"}],"wp:term":[{"taxonomy":"category","embeddable":true,"href":"https:\/\/fatoelado.com\/index.php?rest_route=%2Fwp%2Fv2%2Fcategories&post=20803"},{"taxonomy":"post_tag","embeddable":true,"href":"https:\/\/fatoelado.com\/index.php?rest_route=%2Fwp%2Fv2%2Ftags&post=20803"}],"curies":[{"name":"wp","href":"https:\/\/api.w.org\/{rel}","templated":true}]}}