{"id":20765,"date":"2026-04-24T11:10:43","date_gmt":"2026-04-24T14:10:43","guid":{"rendered":"https:\/\/fatoelado.com\/?p=20765"},"modified":"2026-04-24T11:10:43","modified_gmt":"2026-04-24T14:10:43","slug":"defesa-civil-do-piaui-apresenta-plano-estadual-e-reforca-integracao-entre-areas-de-prevencao","status":"publish","type":"post","link":"https:\/\/fatoelado.com\/?p=20765","title":{"rendered":"Defesa Civil do Piau\u00ed apresenta Plano Estadual e refor\u00e7a integra\u00e7\u00e3o entre \u00e1reas de preven\u00e7\u00e3o"},"content":{"rendered":"<h2 class=\"elementor-heading-title elementor-size-default\" style=\"text-align: center;\">Documento representa um avan\u00e7o significativo na integra\u00e7\u00e3o entre as \u00e1reas que comp\u00f5em a Defesa Civil.<\/h2>\n<p>&nbsp;<\/p>\n<p>A Secretaria da Defesa Civil do Piau\u00ed realizou, nessa quinta-feira (23), a apresenta\u00e7\u00e3o oficial do Plano Estadual de Prote\u00e7\u00e3o e Defesa Civil. O encontro aconteceu no audit\u00f3rio do Quartel do Comando-Geral da Pol\u00edcia Militar, em Teresina, e reuniu servidores de diferentes setores do \u00f3rg\u00e3o.<\/p>\n<p>A programa\u00e7\u00e3o contou com uma palestra do diretor de preven\u00e7\u00e3o e mitiga\u00e7\u00e3o, Werton Costa, respons\u00e1vel pela condu\u00e7\u00e3o t\u00e9cnica do plano, e do secret\u00e1rio estadual da Defesa Civil, Eduardo Apolonio, que destacou a import\u00e2ncia do momento para o fortalecimento institucional e alinhamento das a\u00e7\u00f5es.<\/p>\n<p>A apresenta\u00e7\u00e3o teve como objetivo n\u00e3o apenas detalhar a constru\u00e7\u00e3o do plano, mas tamb\u00e9m esclarecer d\u00favidas e promover maior entendimento sobre as a\u00e7\u00f5es desenvolvidas pela Defesa Civil no estado.<\/p>\n<figure id=\"attachment_132899\" class=\"wp-caption aligncenter\" aria-describedby=\"caption-attachment-132899\"><img loading=\"lazy\" decoding=\"async\" class=\"wp-image-132899 size-full\" src=\"https:\/\/www.pi.gov.br\/wp-content\/uploads\/2026\/04\/WhatsApp-Image-2026-04-24-at-10.28.56.jpeg\" sizes=\"auto, (max-width: 1600px) 100vw, 1600px\" srcset=\"https:\/\/www.pi.gov.br\/wp-content\/uploads\/2026\/04\/WhatsApp-Image-2026-04-24-at-10.28.56.jpeg 1600w, https:\/\/www.pi.gov.br\/wp-content\/uploads\/2026\/04\/WhatsApp-Image-2026-04-24-at-10.28.56-300x225.jpeg 300w, https:\/\/www.pi.gov.br\/wp-content\/uploads\/2026\/04\/WhatsApp-Image-2026-04-24-at-10.28.56-1024x768.jpeg 1024w, https:\/\/www.pi.gov.br\/wp-content\/uploads\/2026\/04\/WhatsApp-Image-2026-04-24-at-10.28.56-768x576.jpeg 768w, https:\/\/www.pi.gov.br\/wp-content\/uploads\/2026\/04\/WhatsApp-Image-2026-04-24-at-10.28.56-1536x1152.jpeg 1536w\" alt=\"\" width=\"1600\" height=\"1200\" \/><figcaption id=\"caption-attachment-132899\" class=\"wp-caption-text\">Foto: Ascom Sedec<\/figcaption><\/figure>\n<p>Durante sua fala, o secret\u00e1rio ressaltou que o plano \u00e9 resultado de um trabalho constru\u00eddo ao longo do tempo e refor\u00e7ou o papel pioneiro do Piau\u00ed na sua conclus\u00e3o. Segundo ele, o documento representa um avan\u00e7o significativo na integra\u00e7\u00e3o entre as \u00e1reas que comp\u00f5em a Defesa Civil.<\/p>\n<p>\u201cEsse \u00e9 um momento muito importante, porque estamos buscando cada vez mais a aproxima\u00e7\u00e3o e a uni\u00e3o entre os setores. O Plano de Defesa Civil j\u00e1 vem sendo elaborado h\u00e1 um tempo, capitaneado pelo professor Werton na diretoria de preven\u00e7\u00e3o, e agora temos a honra de apresent\u00e1-lo oficialmente\u201d, afirmou.<\/p>\n<figure id=\"attachment_132900\" class=\"wp-caption aligncenter\" aria-describedby=\"caption-attachment-132900\"><img loading=\"lazy\" decoding=\"async\" class=\"wp-image-132900 size-full\" src=\"https:\/\/www.pi.gov.br\/wp-content\/uploads\/2026\/04\/20260423_125728.jpg-scaled.jpeg\" sizes=\"auto, (max-width: 2560px) 100vw, 2560px\" srcset=\"https:\/\/www.pi.gov.br\/wp-content\/uploads\/2026\/04\/20260423_125728.jpg-scaled.jpeg 2560w, https:\/\/www.pi.gov.br\/wp-content\/uploads\/2026\/04\/20260423_125728.jpg-300x225.jpeg 300w, https:\/\/www.pi.gov.br\/wp-content\/uploads\/2026\/04\/20260423_125728.jpg-1024x768.jpeg 1024w, https:\/\/www.pi.gov.br\/wp-content\/uploads\/2026\/04\/20260423_125728.jpg-768x576.jpeg 768w, https:\/\/www.pi.gov.br\/wp-content\/uploads\/2026\/04\/20260423_125728.jpg-1536x1152.jpeg 1536w, https:\/\/www.pi.gov.br\/wp-content\/uploads\/2026\/04\/20260423_125728.jpg-2048x1536.jpeg 2048w\" alt=\"\" width=\"2560\" height=\"1920\" \/><figcaption id=\"caption-attachment-132900\" class=\"wp-caption-text\">Foto: Ascom Sedec<\/figcaption><\/figure>\n<p>Eduardo Apolonio tamb\u00e9m destacou que o plano n\u00e3o deve se restringir a um \u00fanico setor, mas ser compreendido por todos os agentes envolvidos. Ele enfatizou a necessidade de dissemina\u00e7\u00e3o das informa\u00e7\u00f5es entre as equipes, garantindo que todos tenham clareza sobre suas fun\u00e7\u00f5es e responsabilidades.<\/p>\n<p>\u201cO que teremos aqui \u00e9 a explana\u00e7\u00e3o da metodologia utilizada e dos objetivos que queremos alcan\u00e7ar. \u00c9 fundamental que todas as \u00e1reas de preven\u00e7\u00e3o, resposta e reconstru\u00e7\u00e3o estejam alinhadas. Cada agente precisa saber o que est\u00e1 acontecendo e qual o seu papel nesse processo\u201d, completou o gestor, refor\u00e7ando a\u00a0import\u00e2ncia dos participantes no compartilhamento e multiplica\u00e7\u00e3o do conte\u00fado apresentado.<\/p>\n<p>&nbsp;<\/p>\n<p>Fonte: Portal pi.Gov.<br \/>\nConfira esta e outras mat\u00e9rias na \u00edntegra pelo link: https:\/\/www.pi.gov.br\/defesa-civil-do-piaui-apresenta-plano-estadual-e-reforca-integracao-entre-areas-de-prevencao\/<\/p>\n","protected":false},"excerpt":{"rendered":"<p>Documento representa um avan\u00e7o significativo na integra\u00e7\u00e3o entre as \u00e1reas que comp\u00f5em a Defesa Civil. &nbsp; A Secretaria da Defesa Civil do Piau\u00ed realizou, nessa quinta-feira (23), a apresenta\u00e7\u00e3o oficial do Plano Estadual de Prote\u00e7\u00e3o e Defesa Civil. O encontro aconteceu no audit\u00f3rio do Quartel do Comando-Geral da Pol\u00edcia Militar, em Teresina, e reuniu servidores [&hellip;]<\/p>\n","protected":false},"author":3,"featured_media":20766,"comment_status":"open","ping_status":"open","sticky":false,"template":"","format":"standard","meta":{"om_disable_all_campaigns":false,"_monsterinsights_skip_tracking":false,"_monsterinsights_sitenote_active":false,"_monsterinsights_sitenote_note":"","_monsterinsights_sitenote_category":0,"footnotes":""},"categories":[33],"tags":[],"class_list":["post-20765","post","type-post","status-publish","format-standard","has-post-thumbnail","hentry","category-piaui"],"jetpack_featured_media_url":"https:\/\/fatoelado.com\/wp-content\/uploads\/2026\/04\/20260423_125728.jpg-2048x1536-1.jpeg","_links":{"self":[{"href":"https:\/\/fatoelado.com\/index.php?rest_route=\/wp\/v2\/posts\/20765","targetHints":{"allow":["GET"]}}],"collection":[{"href":"https:\/\/fatoelado.com\/index.php?rest_route=\/wp\/v2\/posts"}],"about":[{"href":"https:\/\/fatoelado.com\/index.php?rest_route=\/wp\/v2\/types\/post"}],"author":[{"embeddable":true,"href":"https:\/\/fatoelado.com\/index.php?rest_route=\/wp\/v2\/users\/3"}],"replies":[{"embeddable":true,"href":"https:\/\/fatoelado.com\/index.php?rest_route=%2Fwp%2Fv2%2Fcomments&post=20765"}],"version-history":[{"count":1,"href":"https:\/\/fatoelado.com\/index.php?rest_route=\/wp\/v2\/posts\/20765\/revisions"}],"predecessor-version":[{"id":20767,"href":"https:\/\/fatoelado.com\/index.php?rest_route=\/wp\/v2\/posts\/20765\/revisions\/20767"}],"wp:featuredmedia":[{"embeddable":true,"href":"https:\/\/fatoelado.com\/index.php?rest_route=\/wp\/v2\/media\/20766"}],"wp:attachment":[{"href":"https:\/\/fatoelado.com\/index.php?rest_route=%2Fwp%2Fv2%2Fmedia&parent=20765"}],"wp:term":[{"taxonomy":"category","embeddable":true,"href":"https:\/\/fatoelado.com\/index.php?rest_route=%2Fwp%2Fv2%2Fcategories&post=20765"},{"taxonomy":"post_tag","embeddable":true,"href":"https:\/\/fatoelado.com\/index.php?rest_route=%2Fwp%2Fv2%2Ftags&post=20765"}],"curies":[{"name":"wp","href":"https:\/\/api.w.org\/{rel}","templated":true}]}}