{"id":20762,"date":"2026-04-24T11:09:55","date_gmt":"2026-04-24T14:09:55","guid":{"rendered":"https:\/\/fatoelado.com\/?p=20762"},"modified":"2026-04-24T11:09:55","modified_gmt":"2026-04-24T14:09:55","slug":"pm-inicia-novo-curso-de-operacoes-de-choque-com-54-policiais-e-reforca-integracao-entre-forcas-de-seguranca-no-piaui","status":"publish","type":"post","link":"https:\/\/fatoelado.com\/?p=20762","title":{"rendered":"PM inicia novo Curso de Opera\u00e7\u00f5es de Choque com 54 policiais e refor\u00e7a integra\u00e7\u00e3o entre for\u00e7as de seguran\u00e7a no Piau\u00ed"},"content":{"rendered":"<h2 class=\"elementor-heading-title elementor-size-default\" style=\"text-align: center;\">Objetivo \u00e9 preparar os profissionais para atua\u00e7\u00e3o em opera\u00e7\u00f5es de alta complexidade, especialmente em situa\u00e7\u00f5es que envolvem grandes aglomera\u00e7\u00f5es.<\/h2>\n<p>&nbsp;<\/p>\n<p>A Pol\u00edcia Militar do Piau\u00ed deu in\u00edcio, nesta sexta-feira (24), ao IV Curso de Opera\u00e7\u00f5es de Choque, em solenidade realizada no Quartel do Comando-Geral (QCG). A capacita\u00e7\u00e3o re\u00fane 54 policiais de diferentes for\u00e7as de seguran\u00e7a, refor\u00e7ando a integra\u00e7\u00e3o entre institui\u00e7\u00f5es e o aprimoramento t\u00e9cnico das tropas especializadas.<\/p>\n<p>Entre os participantes, o curso re\u00fane profissionais de diferentes estados e institui\u00e7\u00f5es, refor\u00e7ando o car\u00e1ter integrado da capacita\u00e7\u00e3o. Ao todo, participam quatro policiais militares e um policial penal do Maranh\u00e3o, um policial rodovi\u00e1rio federal e dois policiais penais do Piau\u00ed e um integrante da Guarda Civil Municipal.<\/p>\n<figure id=\"attachment_132864\" class=\"wp-caption alignnone\" aria-describedby=\"caption-attachment-132864\"><img loading=\"lazy\" decoding=\"async\" class=\"wp-image-132864 size-full\" src=\"https:\/\/www.pi.gov.br\/wp-content\/uploads\/2026\/04\/5783383b-050f-42c8-8cca-e18de93a2f89.jpeg\" sizes=\"auto, (max-width: 1600px) 100vw, 1600px\" srcset=\"https:\/\/www.pi.gov.br\/wp-content\/uploads\/2026\/04\/5783383b-050f-42c8-8cca-e18de93a2f89.jpeg 1600w, https:\/\/www.pi.gov.br\/wp-content\/uploads\/2026\/04\/5783383b-050f-42c8-8cca-e18de93a2f89-300x200.jpeg 300w, https:\/\/www.pi.gov.br\/wp-content\/uploads\/2026\/04\/5783383b-050f-42c8-8cca-e18de93a2f89-1024x682.jpeg 1024w, https:\/\/www.pi.gov.br\/wp-content\/uploads\/2026\/04\/5783383b-050f-42c8-8cca-e18de93a2f89-768x512.jpeg 768w, https:\/\/www.pi.gov.br\/wp-content\/uploads\/2026\/04\/5783383b-050f-42c8-8cca-e18de93a2f89-1536x1023.jpeg 1536w\" alt=\"\" width=\"1600\" height=\"1066\" \/><figcaption id=\"caption-attachment-132864\" class=\"wp-caption-text\">Foto: Mateus Ara\u00fajo<\/figcaption><\/figure>\n<p>Com carga hor\u00e1ria de 560 horas\/aula e dura\u00e7\u00e3o de aproximadamente dois meses, o curso tem como objetivo preparar os profissionais para atua\u00e7\u00e3o em opera\u00e7\u00f5es de alta complexidade, especialmente em situa\u00e7\u00f5es que envolvem grandes aglomera\u00e7\u00f5es, como controle de dist\u00farbios civis, manifesta\u00e7\u00f5es, rebeli\u00f5es e reintegra\u00e7\u00f5es de posse.<\/p>\n<p>O policial rodovi\u00e1rio federal Fabiano Almeida destacou a import\u00e2ncia pessoal e profissional de participar da forma\u00e7\u00e3o.<\/p>\n<p>\u201cSou policial rodovi\u00e1rio federal h\u00e1 cinco anos, mas antes fui policial militar aqui no Piau\u00ed por 11 anos. Servi no Batalh\u00e3o Rone, que foi onde tudo come\u00e7ou, a casa do choque, e desde aquela \u00e9poca eu j\u00e1 tinha essa vontade de ser choqueano. Agora surgiu essa oportunidade e eu abracei com todas as for\u00e7as. N\u00e3o tenho d\u00favidas de que esse curso ser\u00e1 um dos melhores. O n\u00edvel dos operadores e dos instrutores \u00e9 excelente. Espero um curso extremamente t\u00e9cnico e quero absorver ao m\u00e1ximo essa doutrina do choque que sempre sonhei\u201d, afirmou.<\/p>\n<figure id=\"attachment_132867\" class=\"wp-caption alignnone\" aria-describedby=\"caption-attachment-132867\"><img loading=\"lazy\" decoding=\"async\" class=\"wp-image-132867 size-full\" src=\"https:\/\/www.pi.gov.br\/wp-content\/uploads\/2026\/04\/5e221eeb-3e18-4ff6-afee-31d1e19e739a.jpeg\" sizes=\"auto, (max-width: 1600px) 100vw, 1600px\" srcset=\"https:\/\/www.pi.gov.br\/wp-content\/uploads\/2026\/04\/5e221eeb-3e18-4ff6-afee-31d1e19e739a.jpeg 1600w, https:\/\/www.pi.gov.br\/wp-content\/uploads\/2026\/04\/5e221eeb-3e18-4ff6-afee-31d1e19e739a-300x200.jpeg 300w, https:\/\/www.pi.gov.br\/wp-content\/uploads\/2026\/04\/5e221eeb-3e18-4ff6-afee-31d1e19e739a-1024x682.jpeg 1024w, https:\/\/www.pi.gov.br\/wp-content\/uploads\/2026\/04\/5e221eeb-3e18-4ff6-afee-31d1e19e739a-768x512.jpeg 768w, https:\/\/www.pi.gov.br\/wp-content\/uploads\/2026\/04\/5e221eeb-3e18-4ff6-afee-31d1e19e739a-1536x1023.jpeg 1536w\" alt=\"\" width=\"1600\" height=\"1066\" \/><figcaption id=\"caption-attachment-132867\" class=\"wp-caption-text\">Foto: Mateus Ara\u00fajo<\/figcaption><\/figure>\n<p>O comandante do Batalh\u00e3o de Choque da PMPI, major Ant\u00f4nio Marques, ressaltou a relev\u00e2ncia da qualifica\u00e7\u00e3o para o fortalecimento da seguran\u00e7a p\u00fablica.<\/p>\n<p>\u201cEsse curso \u00e9 de suma import\u00e2ncia para que os policiais estejam habilitados a atuar em diversos tipos de eventos, como controle de dist\u00farbios civis, rebeli\u00f5es, manifesta\u00e7\u00f5es e reintegra\u00e7\u00f5es de posse. Hoje, \u00e9 fundamental que o policial do Choque esteja preparado para esse tipo de ocorr\u00eancia\u201d, pontuou.<\/p>\n<figure id=\"attachment_132865\" class=\"wp-caption alignnone\" aria-describedby=\"caption-attachment-132865\"><img loading=\"lazy\" decoding=\"async\" class=\"size-full wp-image-132865\" src=\"https:\/\/www.pi.gov.br\/wp-content\/uploads\/2026\/04\/bd43937d-0deb-4c11-bd5e-827fa869aee2.jpeg\" sizes=\"auto, (max-width: 1600px) 100vw, 1600px\" srcset=\"https:\/\/www.pi.gov.br\/wp-content\/uploads\/2026\/04\/bd43937d-0deb-4c11-bd5e-827fa869aee2.jpeg 1600w, https:\/\/www.pi.gov.br\/wp-content\/uploads\/2026\/04\/bd43937d-0deb-4c11-bd5e-827fa869aee2-300x200.jpeg 300w, https:\/\/www.pi.gov.br\/wp-content\/uploads\/2026\/04\/bd43937d-0deb-4c11-bd5e-827fa869aee2-1024x682.jpeg 1024w, https:\/\/www.pi.gov.br\/wp-content\/uploads\/2026\/04\/bd43937d-0deb-4c11-bd5e-827fa869aee2-768x512.jpeg 768w, https:\/\/www.pi.gov.br\/wp-content\/uploads\/2026\/04\/bd43937d-0deb-4c11-bd5e-827fa869aee2-1536x1023.jpeg 1536w\" alt=\"\" width=\"1600\" height=\"1066\" \/><figcaption id=\"caption-attachment-132865\" class=\"wp-caption-text\">Foto: Mateus Ara\u00fajo<\/figcaption><\/figure>\n<p>A forma\u00e7\u00e3o integra o calend\u00e1rio institucional da corpora\u00e7\u00e3o e busca elevar o n\u00edvel operacional dos policiais, garantindo maior efici\u00eancia e preparo nas a\u00e7\u00f5es de preserva\u00e7\u00e3o da ordem p\u00fablica.<\/p>\n<figure id=\"attachment_132866\" class=\"wp-caption alignnone\" aria-describedby=\"caption-attachment-132866\"><img loading=\"lazy\" decoding=\"async\" class=\"size-full wp-image-132866\" src=\"https:\/\/www.pi.gov.br\/wp-content\/uploads\/2026\/04\/e21cfe27-4411-4a3c-92b2-32f8e42de800.jpeg\" sizes=\"auto, (max-width: 1600px) 100vw, 1600px\" srcset=\"https:\/\/www.pi.gov.br\/wp-content\/uploads\/2026\/04\/e21cfe27-4411-4a3c-92b2-32f8e42de800.jpeg 1600w, https:\/\/www.pi.gov.br\/wp-content\/uploads\/2026\/04\/e21cfe27-4411-4a3c-92b2-32f8e42de800-300x200.jpeg 300w, https:\/\/www.pi.gov.br\/wp-content\/uploads\/2026\/04\/e21cfe27-4411-4a3c-92b2-32f8e42de800-1024x682.jpeg 1024w, https:\/\/www.pi.gov.br\/wp-content\/uploads\/2026\/04\/e21cfe27-4411-4a3c-92b2-32f8e42de800-768x512.jpeg 768w, https:\/\/www.pi.gov.br\/wp-content\/uploads\/2026\/04\/e21cfe27-4411-4a3c-92b2-32f8e42de800-1536x1023.jpeg 1536w\" alt=\"\" width=\"1600\" height=\"1066\" \/><figcaption id=\"caption-attachment-132866\" class=\"wp-caption-text\">Foto: Mateus Ara\u00fajo<\/p>\n<p>Fonte: Portal pi.Gov.<br \/>\nConfira esta e outras mat\u00e9rias na \u00edntegra pelo link: https:\/\/www.pi.gov.br\/pm-inicia-novo-curso-de-operacoes-de-choque-com-54-policiais-e-reforca-integracao-entre-forcas-de-seguranca-no-piaui\/<\/figcaption><\/figure>\n","protected":false},"excerpt":{"rendered":"<p>Objetivo \u00e9 preparar os profissionais para atua\u00e7\u00e3o em opera\u00e7\u00f5es de alta complexidade, especialmente em situa\u00e7\u00f5es que envolvem grandes aglomera\u00e7\u00f5es. &nbsp; A Pol\u00edcia Militar do Piau\u00ed deu in\u00edcio, nesta sexta-feira (24), ao IV Curso de Opera\u00e7\u00f5es de Choque, em solenidade realizada no Quartel do Comando-Geral (QCG). A capacita\u00e7\u00e3o re\u00fane 54 policiais de diferentes for\u00e7as de seguran\u00e7a, [&hellip;]<\/p>\n","protected":false},"author":3,"featured_media":20763,"comment_status":"open","ping_status":"open","sticky":false,"template":"","format":"standard","meta":{"om_disable_all_campaigns":false,"_monsterinsights_skip_tracking":false,"_monsterinsights_sitenote_active":false,"_monsterinsights_sitenote_note":"","_monsterinsights_sitenote_category":0,"footnotes":""},"categories":[33,542],"tags":[],"class_list":["post-20762","post","type-post","status-publish","format-standard","has-post-thumbnail","hentry","category-piaui","category-policia"],"jetpack_featured_media_url":"https:\/\/fatoelado.com\/wp-content\/uploads\/2026\/04\/5e221eeb-3e18-4ff6-afee-31d1e19e739a.jpeg","_links":{"self":[{"href":"https:\/\/fatoelado.com\/index.php?rest_route=\/wp\/v2\/posts\/20762","targetHints":{"allow":["GET"]}}],"collection":[{"href":"https:\/\/fatoelado.com\/index.php?rest_route=\/wp\/v2\/posts"}],"about":[{"href":"https:\/\/fatoelado.com\/index.php?rest_route=\/wp\/v2\/types\/post"}],"author":[{"embeddable":true,"href":"https:\/\/fatoelado.com\/index.php?rest_route=\/wp\/v2\/users\/3"}],"replies":[{"embeddable":true,"href":"https:\/\/fatoelado.com\/index.php?rest_route=%2Fwp%2Fv2%2Fcomments&post=20762"}],"version-history":[{"count":1,"href":"https:\/\/fatoelado.com\/index.php?rest_route=\/wp\/v2\/posts\/20762\/revisions"}],"predecessor-version":[{"id":20764,"href":"https:\/\/fatoelado.com\/index.php?rest_route=\/wp\/v2\/posts\/20762\/revisions\/20764"}],"wp:featuredmedia":[{"embeddable":true,"href":"https:\/\/fatoelado.com\/index.php?rest_route=\/wp\/v2\/media\/20763"}],"wp:attachment":[{"href":"https:\/\/fatoelado.com\/index.php?rest_route=%2Fwp%2Fv2%2Fmedia&parent=20762"}],"wp:term":[{"taxonomy":"category","embeddable":true,"href":"https:\/\/fatoelado.com\/index.php?rest_route=%2Fwp%2Fv2%2Fcategories&post=20762"},{"taxonomy":"post_tag","embeddable":true,"href":"https:\/\/fatoelado.com\/index.php?rest_route=%2Fwp%2Fv2%2Ftags&post=20762"}],"curies":[{"name":"wp","href":"https:\/\/api.w.org\/{rel}","templated":true}]}}