{"id":20758,"date":"2026-04-24T11:08:29","date_gmt":"2026-04-24T14:08:29","guid":{"rendered":"https:\/\/fatoelado.com\/?p=20758"},"modified":"2026-04-24T11:08:29","modified_gmt":"2026-04-24T14:08:29","slug":"uefa-suspende-prestianni-por-seis-jogos-apos-caso-de-racismo-contra-vini-jr","status":"publish","type":"post","link":"https:\/\/fatoelado.com\/?p=20758","title":{"rendered":"Uefa suspende Prestianni por seis jogos ap\u00f3s caso de racismo contra Vini Jr"},"content":{"rendered":"<h2 class=\"article-subtitle\" style=\"text-align: center;\">Entidade publicou a decis\u00e3o nesta sexta-feira (24) e pedir\u00e1 \u00e0 Fifa que estenda puni\u00e7\u00e3o a todas as competi\u00e7\u00f5es<\/h2>\n<p>&nbsp;<\/p>\n<div class=\"article-image-featured\" style=\"text-align: center;\"><img decoding=\"async\" class=\"i-amphtml-fill-content i-amphtml-replaced-content aligncenter\" src=\"https:\/\/www.meionews.com\/uploads\/imagens\/2026\/4\/24\/uefa-suspende-prestianni--1ea489827ab53778.jpg\" alt=\"Uefa suspende Prestianni | Reprodu\u00e7\u00e3o \/ TNT Sports\" data-amp-loading=\"lazy\" \/><small>Uefa suspende Prestianni | Foto: Reprodu\u00e7\u00e3o \/ TNT Sports<\/small><\/div>\n<div class=\"g-news\"><\/div>\n<div class=\"article-html\">\n<div class=\"article-html-more\">\n<p>A UEFA anunciou nesta sexta-feira (24) a suspens\u00e3o de\u00a0<strong data-end=\"154\" data-start=\"137\">seis partidas<\/strong>\u00a0para o argentino Gianluca Prestianni por\u00a0<strong data-end=\"241\" data-start=\"214\">conduta discriminat\u00f3ria<\/strong> em caso envolvendo Vin\u00edcius J\u00fanior. O epis\u00f3dio aconteceu durante o confronto entre Benfica e Real Madrid pela Liga dos Campe\u00f5es da UEFA.<\/p>\n<p>Segundo o Comit\u00ea de Controle, \u00c9tica e Disciplina da UEFA, a puni\u00e7\u00e3o foi aplicada por \u201cconduta discriminat\u00f3ria\u201d, com men\u00e7\u00e3o espec\u00edfica a homofobia.<\/p>\n<h2 data-end=\"694\" data-section-id=\"5qgc4z\" data-start=\"664\">Suspens\u00e3o pode ser ampliada<\/h2>\n<p>Al\u00e9m da san\u00e7\u00e3o nas competi\u00e7\u00f5es europeias, a UEFA informou que solicitar\u00e1 \u00e0 FIFA a\u00a0<strong data-end=\"853\" data-start=\"811\">extens\u00e3o da pena para torneios globais<\/strong>. Caso isso ocorra, Prestianni poder\u00e1 ficar fora at\u00e9 mesmo de partidas da\u00a0<strong data-end=\"947\" data-start=\"930\">Copa do Mundo<\/strong>, se for convocado.<\/p>\n<p>O atleta j\u00e1 havia cumprido\u00a0<strong data-end=\"1056\" data-start=\"1032\">um jogo de suspens\u00e3o<\/strong>, ficando fora da partida de volta dos playoffs da Champions contra o Real Madrid, no Est\u00e1dio Santiago Bernab\u00e9u.<\/p>\n<p>O meia-atacante Gianluca Prestianni foi acusado por Vin\u00edcius J\u00fanior de ter proferido um\u00a0<strong data-end=\"187\" data-start=\"168\">insulto racista<\/strong>\u00a0durante o jogo de ida entre Benfica e Real Madrid, disputado no Est\u00e1dio da Luz.<\/p>\n<h2 data-end=\"385\" data-section-id=\"1i9iuwo\" data-start=\"348\">Imagens mostram discuss\u00e3o em campo<\/h2>\n<p>A transmiss\u00e3o da partida registrou o momento em que Prestianni cobre a boca com a camisa enquanto discutia com o atacante brasileiro, o que levantou suspeitas sobre o teor da fala. O argentino, de 20 anos, negou as acusa\u00e7\u00f5es e afirmou, em publica\u00e7\u00e3o nas redes sociais, que houve interpreta\u00e7\u00e3o equivocada por parte de Vin\u00edcius J\u00fanior.<\/p>\n<p>Em entrevista \u00e0 emissora Telefe, o jogador admitiu ter utilizado o termo \u201cmaric\u00f3n\u201d (ofensa homof\u00f3bica em espanhol), alegando que o insulto n\u00e3o teve cunho racista. At\u00e9 o momento, o Benfica n\u00e3o se manifestou oficialmente sobre a suspens\u00e3o aplicada ao atleta.<\/p>\n<\/div>\n<p>&nbsp;<\/p>\n<div class=\"article-html-more\">\n<div class=\"article-more\">\n<div class=\"more-news\">Fonte: Portal MeioNews.<br \/>\nConfira esta e outras mat\u00e9rias na \u00edntegra pelo link: https:\/\/www.meionews.com\/esportes\/uefa-suspende-prestianni-por-seis-jogos-apos-caso-de-racismo-contra-vini-jr-561751<\/div>\n<\/div>\n<\/div>\n<\/div>\n","protected":false},"excerpt":{"rendered":"<p>Entidade publicou a decis\u00e3o nesta sexta-feira (24) e pedir\u00e1 \u00e0 Fifa que estenda puni\u00e7\u00e3o a todas as competi\u00e7\u00f5es &nbsp; Uefa suspende Prestianni | Foto: Reprodu\u00e7\u00e3o \/ TNT Sports A UEFA anunciou nesta sexta-feira (24) a suspens\u00e3o de\u00a0seis partidas\u00a0para o argentino Gianluca Prestianni por\u00a0conduta discriminat\u00f3ria em caso envolvendo Vin\u00edcius J\u00fanior. O epis\u00f3dio aconteceu durante o confronto [&hellip;]<\/p>\n","protected":false},"author":3,"featured_media":20759,"comment_status":"open","ping_status":"open","sticky":false,"template":"","format":"standard","meta":{"om_disable_all_campaigns":false,"_monsterinsights_skip_tracking":false,"_monsterinsights_sitenote_active":false,"_monsterinsights_sitenote_note":"","_monsterinsights_sitenote_category":0,"footnotes":""},"categories":[48],"tags":[],"class_list":["post-20758","post","type-post","status-publish","format-standard","has-post-thumbnail","hentry","category-esportes"],"jetpack_featured_media_url":"https:\/\/fatoelado.com\/wp-content\/uploads\/2026\/04\/uefa-suspende-prestianni-1ea489827ab53778.jpg","_links":{"self":[{"href":"https:\/\/fatoelado.com\/index.php?rest_route=\/wp\/v2\/posts\/20758","targetHints":{"allow":["GET"]}}],"collection":[{"href":"https:\/\/fatoelado.com\/index.php?rest_route=\/wp\/v2\/posts"}],"about":[{"href":"https:\/\/fatoelado.com\/index.php?rest_route=\/wp\/v2\/types\/post"}],"author":[{"embeddable":true,"href":"https:\/\/fatoelado.com\/index.php?rest_route=\/wp\/v2\/users\/3"}],"replies":[{"embeddable":true,"href":"https:\/\/fatoelado.com\/index.php?rest_route=%2Fwp%2Fv2%2Fcomments&post=20758"}],"version-history":[{"count":2,"href":"https:\/\/fatoelado.com\/index.php?rest_route=\/wp\/v2\/posts\/20758\/revisions"}],"predecessor-version":[{"id":20761,"href":"https:\/\/fatoelado.com\/index.php?rest_route=\/wp\/v2\/posts\/20758\/revisions\/20761"}],"wp:featuredmedia":[{"embeddable":true,"href":"https:\/\/fatoelado.com\/index.php?rest_route=\/wp\/v2\/media\/20759"}],"wp:attachment":[{"href":"https:\/\/fatoelado.com\/index.php?rest_route=%2Fwp%2Fv2%2Fmedia&parent=20758"}],"wp:term":[{"taxonomy":"category","embeddable":true,"href":"https:\/\/fatoelado.com\/index.php?rest_route=%2Fwp%2Fv2%2Fcategories&post=20758"},{"taxonomy":"post_tag","embeddable":true,"href":"https:\/\/fatoelado.com\/index.php?rest_route=%2Fwp%2Fv2%2Ftags&post=20758"}],"curies":[{"name":"wp","href":"https:\/\/api.w.org\/{rel}","templated":true}]}}