{"id":20755,"date":"2026-04-24T11:07:38","date_gmt":"2026-04-24T14:07:38","guid":{"rendered":"https:\/\/fatoelado.com\/?p=20755"},"modified":"2026-04-24T11:07:38","modified_gmt":"2026-04-24T14:07:38","slug":"caso-do-atacante-estevao-abre-esperanca-para-volta-apos-estreia-na-copa-do-mundo","status":"publish","type":"post","link":"https:\/\/fatoelado.com\/?p=20755","title":{"rendered":"Caso do atacante Est\u00eav\u00e3o abre esperan\u00e7a para volta ap\u00f3s estreia na Copa do Mundo"},"content":{"rendered":"<h2 class=\"article-subtitle\" style=\"text-align: center;\">T\u00e9cnico Carlo Ancelotti precisar\u00e1 definir se convoca atacante sob risco de perd\u00ea-lo nos primeiros jogos<\/h2>\n<p>&nbsp;<\/p>\n<div class=\"article-image-featured\" style=\"text-align: center;\"><img decoding=\"async\" class=\"i-amphtml-fill-content i-amphtml-replaced-content aligncenter\" src=\"https:\/\/www.meionews.com\/uploads\/imagens\/2026\/4\/24\/estevao-em-treino-na-selecao-brasileira-em-2025--2e112be2c9f0bee7.jpg\" alt=\"Est\u00eav\u00e3o em treino na sele\u00e7\u00e3o brasileira em 2025 | CBF\" data-amp-loading=\"lazy\" \/><small>Est\u00eav\u00e3o em treino na sele\u00e7\u00e3o brasileira em 2025 | Foto: CBF<\/small><\/div>\n<div class=\"g-news\"><\/div>\n<div class=\"article-html\">\n<div class=\"article-html-more\">\n<p>O atacante Est\u00eav\u00e3o deve voltar ao Brasil nos pr\u00f3ximos dias para iniciar o\u00a0<strong data-end=\"211\" data-start=\"181\">tratamento na coxa direita<\/strong>, mantendo a esperan\u00e7a de disputar a\u00a0<strong data-end=\"265\" data-start=\"248\">Copa do Mundo<\/strong>. Mesmo com uma\u00a0<strong data-end=\"353\" data-start=\"319\">ruptura quase total do m\u00fasculo<\/strong>, o jogador acertou com o Chelsea um\u00a0<strong data-end=\"446\" data-start=\"420\">tratamento conservador<\/strong>, com a expectativa de retorno em\u00a0<strong data-end=\"500\" data-start=\"480\">menos de 60 dias<\/strong>.<\/p>\n<p>&nbsp;<\/p>\n<h2 data-end=\"539\" data-section-id=\"1lbga1r\" data-start=\"503\">Prazo \u00e9 apertado, mas h\u00e1 otimismo<\/h2>\n<p>Nos bastidores, a avalia\u00e7\u00e3o \u00e9 de que les\u00f5es desse tipo costumam afastar atletas por at\u00e9 dois meses e meio, mas o caso de Est\u00eav\u00e3o n\u00e3o seria o mais grave poss\u00edvel, o que mant\u00e9m o otimismo por um retorno ainda durante o Mundial.<\/p>\n<p>A Confedera\u00e7\u00e3o Brasileira de Futebol pretende acompanhar de perto a recupera\u00e7\u00e3o visando a convoca\u00e7\u00e3o do dia 18 de maio.<\/p>\n<p>O t\u00e9cnico Carlo Ancelotti ter\u00e1 que decidir se convoca o atacante mesmo ainda em recupera\u00e7\u00e3o \u2014 correndo o risco de n\u00e3o t\u00ea-lo nas primeiras partidas \u2014 ou se opta por outro nome para a lista final.<\/p>\n<\/div>\n<\/div>\n<p>&nbsp;<\/p>\n<p>&nbsp;<\/p>\n<div class=\"article-html\">\n<div class=\"article-html-more\">\n<div class=\"article-more\">\n<div class=\"more-news\">Fonte: Portal MeioNews.<br \/>\nConfira esta e outras mat\u00e9rias na \u00edntegra pelo link: https:\/\/www.meionews.com\/esportes\/caso-do-atacante-estevao-abre-esperanca-para-volta-apos-estreia-na-copa-do-mundo-561723<\/div>\n<\/div>\n<\/div>\n<\/div>\n","protected":false},"excerpt":{"rendered":"<p>T\u00e9cnico Carlo Ancelotti precisar\u00e1 definir se convoca atacante sob risco de perd\u00ea-lo nos primeiros jogos &nbsp; Est\u00eav\u00e3o em treino na sele\u00e7\u00e3o brasileira em 2025 | Foto: CBF O atacante Est\u00eav\u00e3o deve voltar ao Brasil nos pr\u00f3ximos dias para iniciar o\u00a0tratamento na coxa direita, mantendo a esperan\u00e7a de disputar a\u00a0Copa do Mundo. Mesmo com uma\u00a0ruptura quase [&hellip;]<\/p>\n","protected":false},"author":3,"featured_media":20756,"comment_status":"open","ping_status":"open","sticky":false,"template":"","format":"standard","meta":{"om_disable_all_campaigns":false,"_monsterinsights_skip_tracking":false,"_monsterinsights_sitenote_active":false,"_monsterinsights_sitenote_note":"","_monsterinsights_sitenote_category":0,"footnotes":""},"categories":[48],"tags":[],"class_list":["post-20755","post","type-post","status-publish","format-standard","has-post-thumbnail","hentry","category-esportes"],"jetpack_featured_media_url":"https:\/\/fatoelado.com\/wp-content\/uploads\/2026\/04\/estevao-em-treino-na-selecao-brasileira-em-2025-2e112be2c9f0bee7.jpg","_links":{"self":[{"href":"https:\/\/fatoelado.com\/index.php?rest_route=\/wp\/v2\/posts\/20755","targetHints":{"allow":["GET"]}}],"collection":[{"href":"https:\/\/fatoelado.com\/index.php?rest_route=\/wp\/v2\/posts"}],"about":[{"href":"https:\/\/fatoelado.com\/index.php?rest_route=\/wp\/v2\/types\/post"}],"author":[{"embeddable":true,"href":"https:\/\/fatoelado.com\/index.php?rest_route=\/wp\/v2\/users\/3"}],"replies":[{"embeddable":true,"href":"https:\/\/fatoelado.com\/index.php?rest_route=%2Fwp%2Fv2%2Fcomments&post=20755"}],"version-history":[{"count":1,"href":"https:\/\/fatoelado.com\/index.php?rest_route=\/wp\/v2\/posts\/20755\/revisions"}],"predecessor-version":[{"id":20757,"href":"https:\/\/fatoelado.com\/index.php?rest_route=\/wp\/v2\/posts\/20755\/revisions\/20757"}],"wp:featuredmedia":[{"embeddable":true,"href":"https:\/\/fatoelado.com\/index.php?rest_route=\/wp\/v2\/media\/20756"}],"wp:attachment":[{"href":"https:\/\/fatoelado.com\/index.php?rest_route=%2Fwp%2Fv2%2Fmedia&parent=20755"}],"wp:term":[{"taxonomy":"category","embeddable":true,"href":"https:\/\/fatoelado.com\/index.php?rest_route=%2Fwp%2Fv2%2Fcategories&post=20755"},{"taxonomy":"post_tag","embeddable":true,"href":"https:\/\/fatoelado.com\/index.php?rest_route=%2Fwp%2Fv2%2Ftags&post=20755"}],"curies":[{"name":"wp","href":"https:\/\/api.w.org\/{rel}","templated":true}]}}