{"id":20704,"date":"2026-04-23T10:59:24","date_gmt":"2026-04-23T13:59:24","guid":{"rendered":"https:\/\/fatoelado.com\/?p=20704"},"modified":"2026-04-23T10:59:24","modified_gmt":"2026-04-23T13:59:24","slug":"piaui-sustentavel-inclusivo-saf-inicia-supervisao-de-acoes-do-programa-em-seis-municipios-do-piaui","status":"publish","type":"post","link":"https:\/\/fatoelado.com\/?p=20704","title":{"rendered":"Piau\u00ed Sustent\u00e1vel Inclusivo: SAF inicia supervis\u00e3o de a\u00e7\u00f5es do programa em seis munic\u00edpios do Piau\u00ed"},"content":{"rendered":"<h2 class=\"elementor-heading-title elementor-size-default\" style=\"text-align: center;\">Ser\u00e3o nove dias de visitas a benefici\u00e1rios e verifica\u00e7\u00e3o de atividades executadas nos diversos territ\u00f3rios do estado.<\/h2>\n<p>&nbsp;<\/p>\n<p>A Secretaria da Agricultura Familiar (SAF) iniciou, nessa quarta-feira (22), a segunda etapa da miss\u00e3o do Programa Piau\u00ed Sustent\u00e1vel Inclusivo (PSI). A a\u00e7\u00e3o \u00e9 realizada de forma conjunta com a Secretaria de Planejamento (Seplan), Secretaria de Assist\u00eancia T\u00e9cnica e Defesa Agropecu\u00e1ria (Sada), Secretaria do Meio Ambiente e Recursos H\u00eddricos (Semarh), Instituto de Terras do Piau\u00ed (Interpi), Fundo Internacional de Desenvolvimento Agr\u00edcola (Fida) e o Banco Interamericano de Desenvolvimento (BID).<\/p>\n<p>A miss\u00e3o segue at\u00e9 o pr\u00f3ximo dia 30, com o objetivo de verificar as atividades executadas pela SAF, como passagens molhadas, cisternas, plano de adapta\u00e7\u00e3o produtiva (PAP) e assessoramento t\u00e9cnico sistem\u00e1tico (ATS) em comunidades quilombolas e fam\u00edlias de agricultores.<\/p>\n<figure id=\"attachment_132562\" class=\"wp-caption alignnone\" aria-describedby=\"caption-attachment-132562\"><img loading=\"lazy\" decoding=\"async\" class=\"size-full wp-image-132562\" src=\"https:\/\/www.pi.gov.br\/wp-content\/uploads\/2026\/04\/IMG_4044-scaled.jpg\" sizes=\"auto, (max-width: 2560px) 100vw, 2560px\" srcset=\"https:\/\/www.pi.gov.br\/wp-content\/uploads\/2026\/04\/IMG_4044-scaled.jpg 2560w, https:\/\/www.pi.gov.br\/wp-content\/uploads\/2026\/04\/IMG_4044-300x200.jpg 300w, https:\/\/www.pi.gov.br\/wp-content\/uploads\/2026\/04\/IMG_4044-1024x683.jpg 1024w, https:\/\/www.pi.gov.br\/wp-content\/uploads\/2026\/04\/IMG_4044-768x512.jpg 768w, https:\/\/www.pi.gov.br\/wp-content\/uploads\/2026\/04\/IMG_4044-1536x1024.jpg 1536w, https:\/\/www.pi.gov.br\/wp-content\/uploads\/2026\/04\/IMG_4044-2048x1365.jpg 2048w\" alt=\"\" width=\"2560\" height=\"1707\" \/><figcaption id=\"caption-attachment-132562\" class=\"wp-caption-text\">Foto: Geirlys Silva<\/figcaption><\/figure>\n<p>De acordo com o superintendente de Projetos Territoriais da SAF, Jairo Chagas, nesta segunda etapa, tr\u00eas grupos compostos pela equipe do PSI se deslocaram para os munic\u00edpios de Oeiras, Amarante, S\u00e3o Francisco do Piau\u00ed, S\u00e3o Raimundo Nonato, Valen\u00e7a e Paulistana.\u00a0\u201cSer\u00e3o nove dias de miss\u00e3o, iniciando com visitas a benefici\u00e1rios do PAP, dos Planos de Neg\u00f3cios, regulariza\u00e7\u00e3o fundi\u00e1ria e de recupera\u00e7\u00e3o ambiental, al\u00e9m das comunidades que receberam obras de mobilidade rural, como as passagens molhadas\u201d, explicou o gestor.<\/p>\n<figure id=\"attachment_132574\" class=\"wp-caption alignnone\" aria-describedby=\"caption-attachment-132574\"><img loading=\"lazy\" decoding=\"async\" class=\"wp-image-132574 size-full\" src=\"https:\/\/www.pi.gov.br\/wp-content\/uploads\/2026\/04\/IMG_1527-scaled.jpg\" sizes=\"auto, (max-width: 2560px) 100vw, 2560px\" srcset=\"https:\/\/www.pi.gov.br\/wp-content\/uploads\/2026\/04\/IMG_1527-scaled.jpg 2560w, https:\/\/www.pi.gov.br\/wp-content\/uploads\/2026\/04\/IMG_1527-300x200.jpg 300w, https:\/\/www.pi.gov.br\/wp-content\/uploads\/2026\/04\/IMG_1527-1024x683.jpg 1024w, https:\/\/www.pi.gov.br\/wp-content\/uploads\/2026\/04\/IMG_1527-768x512.jpg 768w, https:\/\/www.pi.gov.br\/wp-content\/uploads\/2026\/04\/IMG_1527-1536x1024.jpg 1536w, https:\/\/www.pi.gov.br\/wp-content\/uploads\/2026\/04\/IMG_1527-2048x1365.jpg 2048w\" alt=\"\" width=\"2560\" height=\"1707\" \/><figcaption id=\"caption-attachment-132574\" class=\"wp-caption-text\">Foto: Geirlys Silva<\/figcaption><\/figure>\n<p>O superintendente afirmou que a revis\u00e3o integra uma s\u00e9rie de a\u00e7\u00f5es com foco em impulsionar a comercializa\u00e7\u00e3o de produtos da agricultura familiar, garantindo maior renda e autonomia do povo do campo.<\/p>\n<p>\u201cO nosso foco \u00e9 na comercializa\u00e7\u00e3o, para que as fam\u00edlias consigam acessar mercados n\u00e3o apenas institucionais, mas tamb\u00e9m tradicionais, para poderem gerar renda e terem autonomia no semi\u00e1rido\u201d, afirmou o superintendente sobre o objetivo do PAP.<\/p>\n<figure id=\"attachment_132570\" class=\"wp-caption alignnone\" aria-describedby=\"caption-attachment-132570\"><img loading=\"lazy\" decoding=\"async\" class=\"size-full wp-image-132570\" src=\"https:\/\/www.pi.gov.br\/wp-content\/uploads\/2026\/04\/IMG_1217-scaled.jpg\" sizes=\"auto, (max-width: 2560px) 100vw, 2560px\" srcset=\"https:\/\/www.pi.gov.br\/wp-content\/uploads\/2026\/04\/IMG_1217-scaled.jpg 2560w, https:\/\/www.pi.gov.br\/wp-content\/uploads\/2026\/04\/IMG_1217-300x200.jpg 300w, https:\/\/www.pi.gov.br\/wp-content\/uploads\/2026\/04\/IMG_1217-1024x683.jpg 1024w, https:\/\/www.pi.gov.br\/wp-content\/uploads\/2026\/04\/IMG_1217-768x512.jpg 768w, https:\/\/www.pi.gov.br\/wp-content\/uploads\/2026\/04\/IMG_1217-1536x1024.jpg 1536w, https:\/\/www.pi.gov.br\/wp-content\/uploads\/2026\/04\/IMG_1217-2048x1365.jpg 2048w\" alt=\"\" width=\"2560\" height=\"1706\" \/><figcaption id=\"caption-attachment-132570\" class=\"wp-caption-text\">Foto: Geirlys Silva<\/figcaption><\/figure>\n<p>Segundo a agricultora Zilda Monte, da Associa\u00e7\u00e3o Barriguda, em Oeiras, as a\u00e7\u00f5es da SAF t\u00eam gerado resultados positivos na produ\u00e7\u00e3o e conviv\u00eancia nas comunidades, com uma melhor troca de conhecimentos e solu\u00e7\u00f5es para os problemas da regi\u00e3o.<\/p>\n<p>\u201cAs a\u00e7\u00f5es t\u00eam sido de extrema import\u00e2ncia pois, com a presen\u00e7a dos t\u00e9cnicos, n\u00f3s agricultores aprendemos novas t\u00e9cnicas de plantio, manejo de solo, trabalhos que melhoram a qualidade da produ\u00e7\u00e3o e aumento da nossa produtividade. As visitas tamb\u00e9m facilitam a solucionar problemas no campo, fazendo com que a comunidade se sinta mais confiante, valorizada e acolhida\u201d, completou a produtora.<\/p>\n<figure id=\"attachment_132572\" class=\"wp-caption alignnone\" aria-describedby=\"caption-attachment-132572\"><img loading=\"lazy\" decoding=\"async\" class=\"wp-image-132572 size-full\" src=\"https:\/\/www.pi.gov.br\/wp-content\/uploads\/2026\/04\/WhatsApp-Image-2026-04-22-at-12.20.12.jpeg\" sizes=\"auto, (max-width: 1280px) 100vw, 1280px\" srcset=\"https:\/\/www.pi.gov.br\/wp-content\/uploads\/2026\/04\/WhatsApp-Image-2026-04-22-at-12.20.12.jpeg 1280w, https:\/\/www.pi.gov.br\/wp-content\/uploads\/2026\/04\/WhatsApp-Image-2026-04-22-at-12.20.12-300x200.jpeg 300w, https:\/\/www.pi.gov.br\/wp-content\/uploads\/2026\/04\/WhatsApp-Image-2026-04-22-at-12.20.12-1024x682.jpeg 1024w, https:\/\/www.pi.gov.br\/wp-content\/uploads\/2026\/04\/WhatsApp-Image-2026-04-22-at-12.20.12-768x512.jpeg 768w\" alt=\"\" width=\"1280\" height=\"853\" \/><figcaption id=\"caption-attachment-132572\" class=\"wp-caption-text\">Foto: Geirlys Silva<\/figcaption><\/figure>\n<p><strong>Projeto Piau\u00ed Sustent\u00e1vel e Inclusivo<\/strong><\/p>\n<p>O Projeto Piau\u00ed Sustent\u00e1vel e Inclusivo (PSI) \u00e9 executado pelo Governo do Piau\u00ed por meio de opera\u00e7\u00e3o de cr\u00e9dito com o Banco Interamericano de Desenvolvimento (BID) e o Fundo Internacional de Desenvolvimento Agr\u00edcola (Fida).<\/p>\n<p>O objetivo \u00e9 garantir a melhoria de renda e da qualidade de vida da popula\u00e7\u00e3o rural, por meio da seguran\u00e7a alimentar e nutricional, do acesso regular \u00e0 \u00e1gua, do crescimento produtivo ambientalmente sustent\u00e1vel e resili\u00eancia \u00e0s mudan\u00e7as clim\u00e1ticas no semi\u00e1rido piauiense.<\/p>\n<p>&nbsp;<\/p>\n<p>Fonte: Portal pi.Gov.<br \/>\nConfira esta e outras mat\u00e9rias na \u00edntegra pelo link:https:\/\/www.pi.gov.br\/piaui-sustentavel-inclusivo-saf-inicia-supervisao-de-acoes-do-programa-em-seis-municipios-do-piaui\/<\/p>\n","protected":false},"excerpt":{"rendered":"<p>Ser\u00e3o nove dias de visitas a benefici\u00e1rios e verifica\u00e7\u00e3o de atividades executadas nos diversos territ\u00f3rios do estado. &nbsp; A Secretaria da Agricultura Familiar (SAF) iniciou, nessa quarta-feira (22), a segunda etapa da miss\u00e3o do Programa Piau\u00ed Sustent\u00e1vel Inclusivo (PSI). A a\u00e7\u00e3o \u00e9 realizada de forma conjunta com a Secretaria de Planejamento (Seplan), Secretaria de Assist\u00eancia [&hellip;]<\/p>\n","protected":false},"author":3,"featured_media":20705,"comment_status":"open","ping_status":"open","sticky":false,"template":"","format":"standard","meta":{"om_disable_all_campaigns":false,"_monsterinsights_skip_tracking":false,"_monsterinsights_sitenote_active":false,"_monsterinsights_sitenote_note":"","_monsterinsights_sitenote_category":0,"footnotes":""},"categories":[33],"tags":[],"class_list":["post-20704","post","type-post","status-publish","format-standard","has-post-thumbnail","hentry","category-piaui"],"jetpack_featured_media_url":"https:\/\/fatoelado.com\/wp-content\/uploads\/2026\/04\/IMG_4044-2048x1365-1.jpg","_links":{"self":[{"href":"https:\/\/fatoelado.com\/index.php?rest_route=\/wp\/v2\/posts\/20704","targetHints":{"allow":["GET"]}}],"collection":[{"href":"https:\/\/fatoelado.com\/index.php?rest_route=\/wp\/v2\/posts"}],"about":[{"href":"https:\/\/fatoelado.com\/index.php?rest_route=\/wp\/v2\/types\/post"}],"author":[{"embeddable":true,"href":"https:\/\/fatoelado.com\/index.php?rest_route=\/wp\/v2\/users\/3"}],"replies":[{"embeddable":true,"href":"https:\/\/fatoelado.com\/index.php?rest_route=%2Fwp%2Fv2%2Fcomments&post=20704"}],"version-history":[{"count":1,"href":"https:\/\/fatoelado.com\/index.php?rest_route=\/wp\/v2\/posts\/20704\/revisions"}],"predecessor-version":[{"id":20706,"href":"https:\/\/fatoelado.com\/index.php?rest_route=\/wp\/v2\/posts\/20704\/revisions\/20706"}],"wp:featuredmedia":[{"embeddable":true,"href":"https:\/\/fatoelado.com\/index.php?rest_route=\/wp\/v2\/media\/20705"}],"wp:attachment":[{"href":"https:\/\/fatoelado.com\/index.php?rest_route=%2Fwp%2Fv2%2Fmedia&parent=20704"}],"wp:term":[{"taxonomy":"category","embeddable":true,"href":"https:\/\/fatoelado.com\/index.php?rest_route=%2Fwp%2Fv2%2Fcategories&post=20704"},{"taxonomy":"post_tag","embeddable":true,"href":"https:\/\/fatoelado.com\/index.php?rest_route=%2Fwp%2Fv2%2Ftags&post=20704"}],"curies":[{"name":"wp","href":"https:\/\/api.w.org\/{rel}","templated":true}]}}