{"id":18566,"date":"2026-03-12T05:13:36","date_gmt":"2026-03-12T08:13:36","guid":{"rendered":"https:\/\/fatoelado.com\/?p=18566"},"modified":"2026-03-11T22:15:03","modified_gmt":"2026-03-12T01:15:03","slug":"seis-anos-depois-covid-19-ainda-pede-atencao-e-vacinacao-segue-essencial-em-teresina","status":"publish","type":"post","link":"https:\/\/fatoelado.com\/?p=18566","title":{"rendered":"Seis anos depois, Covid-19 ainda pede aten\u00e7\u00e3o e vacina\u00e7\u00e3o segue essencial em Teresina"},"content":{"rendered":"<h2 class=\"article-subtitle\" style=\"text-align: center;\">Seis anos ap\u00f3s a OMS declarar a pandemia de Covid-19, a FMS refor\u00e7a a import\u00e2ncia da vacina\u00e7\u00e3o. Mantenha sua imuniza\u00e7\u00e3o em dia e proteja vidas<\/h2>\n<p>&nbsp;<\/p>\n<div class=\"article-image-featured\" style=\"text-align: center;\"><img decoding=\"async\" class=\"i-amphtml-fill-content i-amphtml-replaced-content aligncenter\" src=\"https:\/\/www.meionews.com\/uploads\/imagens\/2026\/3\/11\/seis-anos-apos-pandemia-vacinacao-contra-covid-19-continua-essencial--103c04608ceb758b.jpg\" alt=\"Seis anos ap\u00f3s pandemia, vacina\u00e7\u00e3o contra Covid-19 continua essencial | Divulga\u00e7\u00e3o\/Ascom FMS\" data-amp-loading=\"lazy\" \/><small>Seis anos ap\u00f3s pandemia, vacina\u00e7\u00e3o contra Covid-19 continua essencial | Foto: Divulga\u00e7\u00e3o\/Ascom FMS<\/small><\/div>\n<div class=\"g-news\"><\/div>\n<div class=\"article-html\">\n<div class=\"article-html-more\">\n<p>Nesta quarta-feira (11),\u00a0<strong>completam-se seis anos desde que a Organiza\u00e7\u00e3o Mundial da Sa\u00fade (OMS) declarou a pandemia da Covid-19.<\/strong> Mesmo fora do per\u00edodo de emerg\u00eancia, autoridades de sa\u00fade refor\u00e7am que a doen\u00e7a ainda exige aten\u00e7\u00e3o e a Funda\u00e7\u00e3o Municipal de Sa\u00fade (FMS) convoca o p\u00fablico-alvo para manter a imuniza\u00e7\u00e3o em dia, lembrando que a vacina continua sendo essencial para proteger vidas.<\/p>\n<p><strong>Fazem parte do p\u00fablico-alvo da vacina contra Covid-19:\u00a0<\/strong>crian\u00e7as de 6 meses a menores de 5 anos, gestantes, idosos, profissionais de sa\u00fade, pessoas com comorbidades, defici\u00eancia permanente ou imunocomprometidas, al\u00e9m de ind\u00edgenas, quilombolas, ribeirinhos, pessoas em institui\u00e7\u00f5es de longa perman\u00eancia, privados de liberdade e funcion\u00e1rios do sistema prisional. Tamb\u00e9m est\u00e3o inclu\u00eddos adolescentes em medidas socioeducativas e pessoas em situa\u00e7\u00e3o de rua.<\/p>\n<p><strong>Em 2025, 853 pessoas foram diagnosticadas com Covid-19 em Teresina,\u00a0<\/strong>n\u00famero considerado baixo em compara\u00e7\u00e3o ao per\u00edodo cr\u00edtico da pandemia. Desde 2021, j\u00e1 foram aplicadas 2 milh\u00f5es e 736 mil doses da vacina na capital e essa imuniza\u00e7\u00e3o teve papel decisivo: contribuiu para reduzir \u00f3bitos, interna\u00e7\u00f5es e casos graves, al\u00e9m de aliviar a press\u00e3o sobre os hospitais e possibilitar a retomada segura das atividades sociais e econ\u00f4micas.<\/p>\n<p>A<strong>\u00a0coordenadora de vacina\u00e7\u00e3o da FMS, Emanuelle Dias<\/strong>, que participou das primeiras campanhas, relembra a import\u00e2ncia da imuniza\u00e7\u00e3o:<\/p>\n<blockquote><p>\u00a0\u201cCada dose aplicada foi um gesto de cuidado coletivo. A vacina trouxe esperan\u00e7a em meio ao medo e continua sendo essencial para proteger vidas. \u00c9 um legado da ci\u00eancia e da uni\u00e3o da sociedade. Seguimos convocando o p\u00fablico-alvo, pois a imuniza\u00e7\u00e3o \u00e9 fundamental para reduzir \u00f3bitos e casos graves\u201d, enfatizou.<\/p>\n<p>&nbsp;<\/p><\/blockquote>\n<div class=\"article-share_buttons2 article-share\">\n<div class=\"share_buttons\">\n<div class=\"buttons\">\n<p>Fonte: Portal MeioNews.<br \/>\nConfira esta e outras mat\u00e9rias na \u00edntegra pelo link: https:\/\/www.meionews.com\/piaui\/seis-anos-depois-covid-19-ainda-pede-atencao-e-vacinacao-segue-essencial-em-teresina-557717<\/p>\n<\/div>\n<\/div>\n<\/div>\n<\/div>\n<\/div>\n","protected":false},"excerpt":{"rendered":"<p>Seis anos ap\u00f3s a OMS declarar a pandemia de Covid-19, a FMS refor\u00e7a a import\u00e2ncia da vacina\u00e7\u00e3o. Mantenha sua imuniza\u00e7\u00e3o em dia e proteja vidas &nbsp; Seis anos ap\u00f3s pandemia, vacina\u00e7\u00e3o contra Covid-19 continua essencial | Foto: Divulga\u00e7\u00e3o\/Ascom FMS Nesta quarta-feira (11),\u00a0completam-se seis anos desde que a Organiza\u00e7\u00e3o Mundial da Sa\u00fade (OMS) declarou a pandemia [&hellip;]<\/p>\n","protected":false},"author":3,"featured_media":18567,"comment_status":"open","ping_status":"open","sticky":false,"template":"","format":"standard","meta":{"om_disable_all_campaigns":false,"_monsterinsights_skip_tracking":false,"_monsterinsights_sitenote_active":false,"_monsterinsights_sitenote_note":"","_monsterinsights_sitenote_category":0,"footnotes":""},"categories":[33],"tags":[],"class_list":["post-18566","post","type-post","status-publish","format-standard","has-post-thumbnail","hentry","category-piaui"],"jetpack_featured_media_url":"https:\/\/fatoelado.com\/wp-content\/uploads\/2026\/03\/seis-anos-apos-pandemia-vacinacao-contra-covid-19-continua-essencial-103c04608ceb758b.jpg","_links":{"self":[{"href":"https:\/\/fatoelado.com\/index.php?rest_route=\/wp\/v2\/posts\/18566","targetHints":{"allow":["GET"]}}],"collection":[{"href":"https:\/\/fatoelado.com\/index.php?rest_route=\/wp\/v2\/posts"}],"about":[{"href":"https:\/\/fatoelado.com\/index.php?rest_route=\/wp\/v2\/types\/post"}],"author":[{"embeddable":true,"href":"https:\/\/fatoelado.com\/index.php?rest_route=\/wp\/v2\/users\/3"}],"replies":[{"embeddable":true,"href":"https:\/\/fatoelado.com\/index.php?rest_route=%2Fwp%2Fv2%2Fcomments&post=18566"}],"version-history":[{"count":1,"href":"https:\/\/fatoelado.com\/index.php?rest_route=\/wp\/v2\/posts\/18566\/revisions"}],"predecessor-version":[{"id":18571,"href":"https:\/\/fatoelado.com\/index.php?rest_route=\/wp\/v2\/posts\/18566\/revisions\/18571"}],"wp:featuredmedia":[{"embeddable":true,"href":"https:\/\/fatoelado.com\/index.php?rest_route=\/wp\/v2\/media\/18567"}],"wp:attachment":[{"href":"https:\/\/fatoelado.com\/index.php?rest_route=%2Fwp%2Fv2%2Fmedia&parent=18566"}],"wp:term":[{"taxonomy":"category","embeddable":true,"href":"https:\/\/fatoelado.com\/index.php?rest_route=%2Fwp%2Fv2%2Fcategories&post=18566"},{"taxonomy":"post_tag","embeddable":true,"href":"https:\/\/fatoelado.com\/index.php?rest_route=%2Fwp%2Fv2%2Ftags&post=18566"}],"curies":[{"name":"wp","href":"https:\/\/api.w.org\/{rel}","templated":true}]}}