{"id":18561,"date":"2026-03-12T05:11:55","date_gmt":"2026-03-12T08:11:55","guid":{"rendered":"https:\/\/fatoelado.com\/?p=18561"},"modified":"2026-03-11T22:14:49","modified_gmt":"2026-03-12T01:14:49","slug":"whatsapp-vai-permitir-que-pais-monitorem-mensagens-de-criancas-menores-de-13-anos","status":"publish","type":"post","link":"https:\/\/fatoelado.com\/?p=18561","title":{"rendered":"Whatsapp vai permitir que pais monitorem mensagens de crian\u00e7as menores de 13 anos"},"content":{"rendered":"<h2 class=\"article-subtitle\" style=\"text-align: center;\">Com a fun\u00e7\u00e3o ativa, os respons\u00e1veis poder\u00e3o definir em quais grupos a crian\u00e7a pode participar. O aplicativo tamb\u00e9m mostrar\u00e1 quem s\u00e3o os administradores e os demais integrantes das conversas<\/h2>\n<p>&nbsp;<\/p>\n<div class=\"article-image-featured\" style=\"text-align: center;\"><img decoding=\"async\" class=\"i-amphtml-fill-content i-amphtml-replaced-content aligncenter\" src=\"https:\/\/www.meionews.com\/uploads\/imagens\/2026\/3\/11\/a-criacao-do-recurso-atende-a-pedidos-de-familias-que-buscam-mais-seguranca-aos-filhos--0d6194afbe9dbc2e.jpg\" alt=\"A cria\u00e7\u00e3o do recurso atende a pedidos de fam\u00edlias que buscam mais seguran\u00e7a aos filhos | Foto: Reprodu\u00e7\u00e3o \" data-amp-loading=\"lazy\" \/><small>A cria\u00e7\u00e3o do recurso atende a pedidos de fam\u00edlias que buscam mais seguran\u00e7a aos filhos | Foto: Reprodu\u00e7\u00e3o<\/small><\/div>\n<div class=\"g-news\"><\/div>\n<div class=\"article-html\">\n<div class=\"article-html-more\">\n<p>O WhatsApp anunciou uma\u00a0<strong><u>nova ferramenta voltada \u00e0 seguran\u00e7a de crian\u00e7as no aplicativo. A funcionalidade permitir\u00e1 que pais ou respons\u00e1veis acompanhem a atividade de usu\u00e1rios menores de 13 anos<\/u><\/strong>, al\u00e9m de definir limites de uso e\u00a0<strong>controle<\/strong> de intera\u00e7\u00f5es.<\/p>\n<p>O recurso foi apresentado nesta quarta-feira (11) e deve come\u00e7ar a ser testado nas pr\u00f3ximas semanas com um grupo reduzido de usu\u00e1rios.<\/p>\n<h2>Como ativar?<\/h2>\n<p>Para ativar o monitoramento, o respons\u00e1vel precisar\u00e1 ter o pr\u00f3prio celular e o aparelho da crian\u00e7a juntos no momento da configura\u00e7\u00e3o. A partir desse processo, as contas ficam vinculadas e passam a ser gerenciadas pelos adultos.<\/p>\n<p>Com a fun\u00e7\u00e3o ativa,\u00a0<span class=\"highlight\">os respons\u00e1veis poder\u00e3o definir em quais grupos a crian\u00e7a pode participar. O aplicativo tamb\u00e9m mostrar\u00e1 quem s\u00e3o os administradores e os demais integrantes das conversas<\/span>, ajudando na decis\u00e3o sobre permitir ou n\u00e3o o acesso.<\/p>\n<p>Outra ferramenta permitir\u00e1 que solicita\u00e7\u00f5es de conversa enviadas por desconhecidos sejam analisadas primeiro pelos pais. Essas mensagens ficam separadas em uma pasta espec\u00edfica antes de chegar \u00e0 crian\u00e7a.<\/p>\n<h2>Mais seguran\u00e7a<\/h2>\n<p>Al\u00e9m disso, o sistema envia notifica\u00e7\u00f5es aos respons\u00e1veis sempre que o menor adicionar, bloquear ou denunciar algum contato.<\/p>\n<p>Segundo o WhatsApp, se uma mensagem inadequada for enviada por algu\u00e9m j\u00e1 salvo na lista de contatos, a conta gerenciada tamb\u00e9m poder\u00e1 bloquear ou denunciar o usu\u00e1rio, como ocorre em contas comuns.<\/p>\n<p>As configura\u00e7\u00f5es de prote\u00e7\u00e3o focam principalmente nas mensagens e chamadas dentro do aplicativo e s\u00e3o protegidas por senha, podendo ser alteradas apenas pelos adultos respons\u00e1veis.<\/p>\n<h2>Restri\u00e7\u00f5es<\/h2>\n<p>Contas monitoradas tamb\u00e9m ter\u00e3o restri\u00e7\u00f5es a alguns recursos da plataforma, como o uso de Meta AI, canais, status, mensagens tempor\u00e1rias e conte\u00fados de visualiza\u00e7\u00e3o \u00fanica.<\/p>\n<p>De acordo com a empresa, a ferramenta foi desenvolvida ap\u00f3s pedidos de fam\u00edlias que buscavam uma experi\u00eancia mais segura e adequada para usu\u00e1rios mais jovens.<\/p>\n<p>O aplicativo afirma ainda que, mesmo com o controle parental, as conversas continuam protegidas por criptografia de ponta a ponta, e que os dados dessas contas n\u00e3o ser\u00e3o utilizados para publicidade.<\/p>\n<p>Em comunicado, a plataforma afirmou que as contas supervisionadas foram criadas para atender \u00e0s regras de prote\u00e7\u00e3o infantil e privacidade, al\u00e9m de contar com avalia\u00e7\u00f5es frequentes feitas por especialistas independentes em seguran\u00e7a digital.<\/p>\n<p class=\"ads\">\n<div class=\"article-share_buttons2 article-share\">\n<div class=\"share_buttons\">\n<div class=\"buttons\">\n<p>Fonte: Portal MeioNews.<br \/>\nConfira esta e outras mat\u00e9rias na \u00edntegra pelo link: https:\/\/www.meionews.com\/noticias\/whatsapp-vai-permitir-que-pais-monitorem-mensagens-de-criancas-menores-de-13-anos-557713<\/p>\n<\/div>\n<\/div>\n<\/div>\n<\/div>\n<\/div>\n","protected":false},"excerpt":{"rendered":"<p>Com a fun\u00e7\u00e3o ativa, os respons\u00e1veis poder\u00e3o definir em quais grupos a crian\u00e7a pode participar. O aplicativo tamb\u00e9m mostrar\u00e1 quem s\u00e3o os administradores e os demais integrantes das conversas &nbsp; A cria\u00e7\u00e3o do recurso atende a pedidos de fam\u00edlias que buscam mais seguran\u00e7a aos filhos | Foto: Reprodu\u00e7\u00e3o O WhatsApp anunciou uma\u00a0nova ferramenta voltada \u00e0 [&hellip;]<\/p>\n","protected":false},"author":3,"featured_media":18562,"comment_status":"open","ping_status":"open","sticky":false,"template":"","format":"standard","meta":{"om_disable_all_campaigns":false,"_monsterinsights_skip_tracking":false,"_monsterinsights_sitenote_active":false,"_monsterinsights_sitenote_note":"","_monsterinsights_sitenote_category":0,"footnotes":""},"categories":[47],"tags":[],"class_list":["post-18561","post","type-post","status-publish","format-standard","has-post-thumbnail","hentry","category-nacionais"],"jetpack_featured_media_url":"https:\/\/fatoelado.com\/wp-content\/uploads\/2026\/03\/a-criacao-do-recurso-atende-a-pedidos-de-familias-que-buscam-mais-seguranca-aos-filhos-0d6194afbe9dbc2e.jpg","_links":{"self":[{"href":"https:\/\/fatoelado.com\/index.php?rest_route=\/wp\/v2\/posts\/18561","targetHints":{"allow":["GET"]}}],"collection":[{"href":"https:\/\/fatoelado.com\/index.php?rest_route=\/wp\/v2\/posts"}],"about":[{"href":"https:\/\/fatoelado.com\/index.php?rest_route=\/wp\/v2\/types\/post"}],"author":[{"embeddable":true,"href":"https:\/\/fatoelado.com\/index.php?rest_route=\/wp\/v2\/users\/3"}],"replies":[{"embeddable":true,"href":"https:\/\/fatoelado.com\/index.php?rest_route=%2Fwp%2Fv2%2Fcomments&post=18561"}],"version-history":[{"count":1,"href":"https:\/\/fatoelado.com\/index.php?rest_route=\/wp\/v2\/posts\/18561\/revisions"}],"predecessor-version":[{"id":18569,"href":"https:\/\/fatoelado.com\/index.php?rest_route=\/wp\/v2\/posts\/18561\/revisions\/18569"}],"wp:featuredmedia":[{"embeddable":true,"href":"https:\/\/fatoelado.com\/index.php?rest_route=\/wp\/v2\/media\/18562"}],"wp:attachment":[{"href":"https:\/\/fatoelado.com\/index.php?rest_route=%2Fwp%2Fv2%2Fmedia&parent=18561"}],"wp:term":[{"taxonomy":"category","embeddable":true,"href":"https:\/\/fatoelado.com\/index.php?rest_route=%2Fwp%2Fv2%2Fcategories&post=18561"},{"taxonomy":"post_tag","embeddable":true,"href":"https:\/\/fatoelado.com\/index.php?rest_route=%2Fwp%2Fv2%2Ftags&post=18561"}],"curies":[{"name":"wp","href":"https:\/\/api.w.org\/{rel}","templated":true}]}}