{"id":18555,"date":"2026-03-11T05:58:38","date_gmt":"2026-03-11T08:58:38","guid":{"rendered":"https:\/\/fatoelado.com\/?p=18555"},"modified":"2026-03-10T23:59:20","modified_gmt":"2026-03-11T02:59:20","slug":"homem-e-condenado-a-14-anos-por-homicidio-motivado-por-homofobia-no-pi","status":"publish","type":"post","link":"https:\/\/fatoelado.com\/?p=18555","title":{"rendered":"Homem \u00e9 condenado a 14 anos por homic\u00eddio motivado por homofobia no PI"},"content":{"rendered":"<p><img decoding=\"async\" class=\"aligncenter\" src=\"https:\/\/cidadeverde.com\/assets\/uploads\/colecoes\/2\/2026\/03\/juri.jpg\" alt=\"juri.jpg\" \/><\/p>\n<p>O Tribunal de Justi\u00e7a do Piau\u00ed condenou Deyvit de Souza Ferreira a 14 anos de pris\u00e3o por homic\u00eddio duplamente qualificado contra Aurino Aldenir Costa. O julgamento ocorreu no dia 4 de mar\u00e7o, no Tribunal Popular do J\u00fari da Comarca de Jaic\u00f3s.<\/p>\n<p>O crime ocorreu em julho de 2017, no povoado Cajueiro, zona rural de Patos do Piau\u00ed. Conforme a den\u00fancia do Minist\u00e9rio P\u00fablico, as investiga\u00e7\u00f5es apontaram que Aurino foi assassinado com golpes de faca por Deyvit.<\/p>\n<p>Durante o julgamento, o Minist\u00e9rio P\u00fablico foi representado pelo promotor de Justi\u00e7a Sebasti\u00e3o Jacson Santos Borges, que sustentou a responsabiliza\u00e7\u00e3o penal do acusado com base no conjunto probat\u00f3rio produzido nos autos, demonstrando a materialidade do crime e a participa\u00e7\u00e3o do r\u00e9u no homic\u00eddio.<\/p>\n<p>Os jurados reconheceram que o crime foi praticado por homofobia, mediante motivo torpe e com recurso que dificultou a defesa da v\u00edtima, circunst\u00e2ncias que qualificaram o homic\u00eddio.<\/p>\n<p>Com a decis\u00e3o do Conselho de Senten\u00e7a, o juiz de Direito Ant\u00f4nio Genival Pereira de Sousa, presidente do Tribunal do J\u00fari, fixou a pena em 14 anos de reclus\u00e3o, a ser cumprida inicialmente em regime fechado.<\/p>\n<p>&nbsp;<\/p>\n<p>Fonte: Portal CidadeVerde.<br \/>\nConfira esta e outras mat\u00e9rias na \u00edntegra pelo link: https:\/\/cidadeverde.com\/noticias\/452181\/homem-e-condenado-a-14-anos-por-homicidio-motivado-por-homofobia-no-pi<\/p>\n","protected":false},"excerpt":{"rendered":"<p>O Tribunal de Justi\u00e7a do Piau\u00ed condenou Deyvit de Souza Ferreira a 14 anos de pris\u00e3o por homic\u00eddio duplamente qualificado contra Aurino Aldenir Costa. O julgamento ocorreu no dia 4 de mar\u00e7o, no Tribunal Popular do J\u00fari da Comarca de Jaic\u00f3s. O crime ocorreu em julho de 2017, no povoado Cajueiro, zona rural de Patos [&hellip;]<\/p>\n","protected":false},"author":3,"featured_media":18556,"comment_status":"open","ping_status":"open","sticky":false,"template":"","format":"standard","meta":{"om_disable_all_campaigns":false,"_monsterinsights_skip_tracking":false,"_monsterinsights_sitenote_active":false,"_monsterinsights_sitenote_note":"","_monsterinsights_sitenote_category":0,"footnotes":""},"categories":[33],"tags":[],"class_list":["post-18555","post","type-post","status-publish","format-standard","has-post-thumbnail","hentry","category-piaui"],"jetpack_featured_media_url":"https:\/\/fatoelado.com\/wp-content\/uploads\/2026\/03\/juri.jpg","_links":{"self":[{"href":"https:\/\/fatoelado.com\/index.php?rest_route=\/wp\/v2\/posts\/18555","targetHints":{"allow":["GET"]}}],"collection":[{"href":"https:\/\/fatoelado.com\/index.php?rest_route=\/wp\/v2\/posts"}],"about":[{"href":"https:\/\/fatoelado.com\/index.php?rest_route=\/wp\/v2\/types\/post"}],"author":[{"embeddable":true,"href":"https:\/\/fatoelado.com\/index.php?rest_route=\/wp\/v2\/users\/3"}],"replies":[{"embeddable":true,"href":"https:\/\/fatoelado.com\/index.php?rest_route=%2Fwp%2Fv2%2Fcomments&post=18555"}],"version-history":[{"count":1,"href":"https:\/\/fatoelado.com\/index.php?rest_route=\/wp\/v2\/posts\/18555\/revisions"}],"predecessor-version":[{"id":18557,"href":"https:\/\/fatoelado.com\/index.php?rest_route=\/wp\/v2\/posts\/18555\/revisions\/18557"}],"wp:featuredmedia":[{"embeddable":true,"href":"https:\/\/fatoelado.com\/index.php?rest_route=\/wp\/v2\/media\/18556"}],"wp:attachment":[{"href":"https:\/\/fatoelado.com\/index.php?rest_route=%2Fwp%2Fv2%2Fmedia&parent=18555"}],"wp:term":[{"taxonomy":"category","embeddable":true,"href":"https:\/\/fatoelado.com\/index.php?rest_route=%2Fwp%2Fv2%2Fcategories&post=18555"},{"taxonomy":"post_tag","embeddable":true,"href":"https:\/\/fatoelado.com\/index.php?rest_route=%2Fwp%2Fv2%2Ftags&post=18555"}],"curies":[{"name":"wp","href":"https:\/\/api.w.org\/{rel}","templated":true}]}}