{"id":18552,"date":"2026-03-11T05:57:46","date_gmt":"2026-03-11T08:57:46","guid":{"rendered":"https:\/\/fatoelado.com\/?p=18552"},"modified":"2026-03-10T23:58:36","modified_gmt":"2026-03-11T02:58:36","slug":"nova-diretoria-da-aje-piaui-assume-gestao-com-foco-em-capacitacao-e-expansao","status":"publish","type":"post","link":"https:\/\/fatoelado.com\/?p=18552","title":{"rendered":"Nova diretoria da AJE Piau\u00ed assume gest\u00e3o com foco em capacita\u00e7\u00e3o e expans\u00e3o"},"content":{"rendered":"<p><img decoding=\"async\" src=\"https:\/\/cidadeverde.com\/assets\/uploads\/colecoes\/2\/2026\/03\/whatsapp_image_2026-03-10_at_19_44_03.jpeg\" alt=\"Nova diretoria da AJE Piau\u00ed assume gest\u00e3o\" \/><\/p>\n<p data-end=\"586\" data-start=\"304\">A\u00a0<strong><span class=\"hover:entity-accent entity-underline inline cursor-pointer align-baseline\">Associa\u00e7\u00e3o de Jovens Empres\u00e1rios do Piau\u00ed<\/span><\/strong>\u00a0iniciou um novo ciclo de gest\u00e3o com a\u00a0<strong>posse da diretoria para 2026.<\/strong>\u00a0A nova lideran\u00e7a da entidade pretende\u00a0<strong>ampliar iniciativas de capacita\u00e7\u00e3o, fortalecer conex\u00f5es institucionais e expandir a atua\u00e7\u00e3o da associa\u00e7\u00e3o para outras regi\u00f5es do estado.<\/strong><\/p>\n<p data-end=\"832\" data-start=\"588\">\u00c0 frente da entidade, o presidente\u00a0<strong data-end=\"664\" data-start=\"623\">Rafael F\u00e9 Castro<\/strong>\u00a0afirmou que a expectativa \u00e9 impulsionar oportunidades para jovens empres\u00e1rios piauienses por meio de qualifica\u00e7\u00e3o, networking e articula\u00e7\u00e3o com institui\u00e7\u00f5es parceiras.<\/p>\n<blockquote>\n<p data-end=\"1125\" data-start=\"834\">\u201cA gente est\u00e1 com uma expectativa muito alta de realmente melhorar a vida do jovem empres\u00e1rio do Piau\u00ed. Temos muitos planos: investir em capacita\u00e7\u00e3o, trazer cursos, palestras e fortalecer o networking, abrindo portas n\u00e3o s\u00f3 aqui no estado, mas tamb\u00e9m no Brasil e at\u00e9 fora do pa\u00eds\u201d, destacou.<\/p>\n<\/blockquote>\n<p><em>Foto: Eduardo Costa \/ cidadeverde.com<\/em><\/p>\n<p><img decoding=\"async\" src=\"https:\/\/cidadeverde.com\/assets\/uploads\/colecoes\/2\/2026\/03\/whatsapp_image_2026-03-10_at_19_13_57.jpeg\" alt=\"Nova diretoria da AJE Piau\u00ed - rafael castro presidente\" \/><\/p>\n<p data-end=\"1450\" data-start=\"1127\">Segundo o presidente, algumas iniciativas j\u00e1 come\u00e7aram a ser implementadas neste in\u00edcio de gest\u00e3o. Entre elas est\u00e3o eventos voltados ao desenvolvimento empresarial,\u00a0como o\u00a0<strong data-end=\"1325\" data-start=\"1299\">Espet\u00e1culo de Neg\u00f3cios<\/strong>, realizado recentemente no estado, al\u00e9m de novos encontros voltados para p\u00fablicos espec\u00edficos, como mulheres empreendedoras.<\/p>\n<p data-end=\"1750\" data-start=\"1452\">A nova diretoria tamb\u00e9m trabalha na cria\u00e7\u00e3o de um\u00a0<strong data-end=\"1541\" data-start=\"1502\">clube de benef\u00edcios para associados<\/strong>, com descontos em institui\u00e7\u00f5es parceiras, al\u00e9m da articula\u00e7\u00e3o de parcerias com entidades como Sebrae, Fiep, Fecom\u00e9rcio, Banco do Nordeste e Caixa Econ\u00f4mica Federal, com foco em capacita\u00e7\u00e3o e acesso a cr\u00e9dito.<\/p>\n<p data-end=\"1921\" data-start=\"1752\">Outra frente destacada pela gest\u00e3o \u00e9 a aproxima\u00e7\u00e3o com empresas de recursos humanos para facilitar a contrata\u00e7\u00e3o de profissionais qualificados pelas empresas associadas.<\/p>\n<p>\u201cA gente tamb\u00e9m voltou a fazer parte da Confedera\u00e7\u00e3o Nacional dos Jovens Empres\u00e1rios, o CONAJE. Isso permite conectar o empres\u00e1rio piauiense com empreendedores de todo o Brasil. E estamos trabalhando ainda em uma miss\u00e3o internacional para o final do ano\u201d, acrescentou Rafael Castro.<\/p>\n<h2 data-end=\"2233\" data-section-id=\"11pv0tw\" data-start=\"2207\"><strong>Continuidade e expans\u00e3o<\/strong><\/h2>\n<p><em>Foto: Eduardo Costa \/ cidadeverde.com<\/em><\/p>\n<p><img decoding=\"async\" src=\"https:\/\/cidadeverde.com\/assets\/uploads\/colecoes\/2\/2026\/03\/whatsapp_image_2026-03-10_at_19_14_10.jpeg\" alt=\"Nova diretoria da AJE Piau\u00ed - roland jacob vice presidentepresidente\" \/><\/p>\n<p>O vice-presidente da entidade,\u00a0<strong data-end=\"2307\" data-start=\"2266\">Roland Jacob<\/strong>, ressaltou que a nova gest\u00e3o pretende dar continuidade \u00e0s iniciativas iniciadas anteriormente, mas com foco em colocar projetos em pr\u00e1tica.<\/p>\n<p data-end=\"2671\" data-start=\"2449\">\u201cFicamos muito honrados de assumir a gest\u00e3o da AJE para 2026. O desafio \u00e9 dar continuidade ao trabalho que come\u00e7ou no ano passado, mas principalmente tirar as ideias do papel e colocar nossos projetos em pr\u00e1tica\u201d, afirmou.<\/p>\n<p data-end=\"2766\" data-start=\"2673\">Segundo ele, uma das prioridades ser\u00e1 ampliar a presen\u00e7a da associa\u00e7\u00e3o no interior do estado.<\/p>\n<blockquote>\n<p data-end=\"3050\" data-start=\"2768\">\u201cAtualmente a AJE tem atua\u00e7\u00e3o mais forte em Teresina e em algumas cidades com representantes locais. Mas entendemos que precisamos criar coordenadorias e n\u00facleos em regi\u00f5es como Floriano, Parna\u00edba, Uru\u00e7u\u00ed, Picos e Valen\u00e7a, para levar a voz do jovem empreendedor para essas regi\u00f5es.\u201d<\/p>\n<\/blockquote>\n<h2 data-end=\"3091\" data-section-id=\"4v9qih\" data-start=\"3052\"><strong>Comunica\u00e7\u00e3o e fortalecimento da rede<\/strong><\/h2>\n<p><em>Foto: Eduardo Costa \/ cidadeverde.com<\/em><\/p>\n<p><img decoding=\"async\" src=\"https:\/\/cidadeverde.com\/assets\/uploads\/colecoes\/2\/2026\/03\/whatsapp_image_2026-03-10_at_19_14_02.jpeg\" alt=\"Nova diretoria da AJE Piau\u00ed - maria tajra\" \/><\/p>\n<p data-end=\"3218\" data-start=\"3093\">A nova diretoria tamb\u00e9m aposta na comunica\u00e7\u00e3o para atrair novos associados e fortalecer o ecossistema empreendedor no estado.<\/p>\n<p data-end=\"3373\" data-start=\"3220\">A diretora de comunica\u00e7\u00e3o da AJE,\u00a0<strong data-end=\"3295\" data-start=\"3254\">Maria Tajra<\/strong>, destacou que a associa\u00e7\u00e3o tem papel importante na conex\u00e3o entre empres\u00e1rios.<\/p>\n<p data-end=\"3575\" data-start=\"3375\">\u201cA AJE existe h\u00e1 28 anos e tem essa relev\u00e2ncia de fazer pontes entre empres\u00e1rios. Muitas vezes empreender \u00e9 uma jornada solit\u00e1ria, ent\u00e3o o empreendedor precisa se conectar, precisa de apoio\u201d, afirmou.<\/p>\n<p data-end=\"3660\" data-start=\"3577\">Segundo ela, a entidade est\u00e1 aberta \u00e0 participa\u00e7\u00e3o de empres\u00e1rios de todo o estado.<\/p>\n<blockquote>\n<p data-end=\"3926\" data-start=\"3662\">\u201cA AJE nasceu em Teresina e por isso tem uma atua\u00e7\u00e3o mais forte aqui, mas o nosso desejo \u00e9 expandir. A associa\u00e7\u00e3o \u00e9 feita por pessoas e empres\u00e1rios que se engajam, ent\u00e3o quem estiver em outros munic\u00edpios tamb\u00e9m pode nos procurar. Estamos sempre abertos a crescer.\u201d<\/p>\n<\/blockquote>\n<p data-end=\"4141\" data-start=\"3928\">A expectativa da nova gest\u00e3o \u00e9 fortalecer a cultura empreendedora no Piau\u00ed por meio de iniciativas que estimulem a troca de experi\u00eancias, a qualifica\u00e7\u00e3o profissional e a gera\u00e7\u00e3o de novas oportunidades de neg\u00f3cios.<\/p>\n<p data-end=\"4141\" data-start=\"3928\">\n<p data-end=\"4141\" data-start=\"3928\">Fonte: Portal CidadeVerde.<br \/>\nConfira esta e outras mat\u00e9rias na \u00edntegra pelo link: https:\/\/cidadeverde.com\/noticias\/452232\/nova-diretoria-da-aje-piaui-assume-gestao-com-foco-em-capacitacao-e-expansao<\/p>\n","protected":false},"excerpt":{"rendered":"<p>A\u00a0Associa\u00e7\u00e3o de Jovens Empres\u00e1rios do Piau\u00ed\u00a0iniciou um novo ciclo de gest\u00e3o com a\u00a0posse da diretoria para 2026.\u00a0A nova lideran\u00e7a da entidade pretende\u00a0ampliar iniciativas de capacita\u00e7\u00e3o, fortalecer conex\u00f5es institucionais e expandir a atua\u00e7\u00e3o da associa\u00e7\u00e3o para outras regi\u00f5es do estado. \u00c0 frente da entidade, o presidente\u00a0Rafael F\u00e9 Castro\u00a0afirmou que a expectativa \u00e9 impulsionar oportunidades para jovens [&hellip;]<\/p>\n","protected":false},"author":3,"featured_media":18553,"comment_status":"open","ping_status":"open","sticky":false,"template":"","format":"standard","meta":{"om_disable_all_campaigns":false,"_monsterinsights_skip_tracking":false,"_monsterinsights_sitenote_active":false,"_monsterinsights_sitenote_note":"","_monsterinsights_sitenote_category":0,"footnotes":""},"categories":[33],"tags":[],"class_list":["post-18552","post","type-post","status-publish","format-standard","has-post-thumbnail","hentry","category-piaui"],"jetpack_featured_media_url":"https:\/\/fatoelado.com\/wp-content\/uploads\/2026\/03\/whatsapp_image_2026-03-10_at_19_44_03.jpeg","_links":{"self":[{"href":"https:\/\/fatoelado.com\/index.php?rest_route=\/wp\/v2\/posts\/18552","targetHints":{"allow":["GET"]}}],"collection":[{"href":"https:\/\/fatoelado.com\/index.php?rest_route=\/wp\/v2\/posts"}],"about":[{"href":"https:\/\/fatoelado.com\/index.php?rest_route=\/wp\/v2\/types\/post"}],"author":[{"embeddable":true,"href":"https:\/\/fatoelado.com\/index.php?rest_route=\/wp\/v2\/users\/3"}],"replies":[{"embeddable":true,"href":"https:\/\/fatoelado.com\/index.php?rest_route=%2Fwp%2Fv2%2Fcomments&post=18552"}],"version-history":[{"count":1,"href":"https:\/\/fatoelado.com\/index.php?rest_route=\/wp\/v2\/posts\/18552\/revisions"}],"predecessor-version":[{"id":18554,"href":"https:\/\/fatoelado.com\/index.php?rest_route=\/wp\/v2\/posts\/18552\/revisions\/18554"}],"wp:featuredmedia":[{"embeddable":true,"href":"https:\/\/fatoelado.com\/index.php?rest_route=\/wp\/v2\/media\/18553"}],"wp:attachment":[{"href":"https:\/\/fatoelado.com\/index.php?rest_route=%2Fwp%2Fv2%2Fmedia&parent=18552"}],"wp:term":[{"taxonomy":"category","embeddable":true,"href":"https:\/\/fatoelado.com\/index.php?rest_route=%2Fwp%2Fv2%2Fcategories&post=18552"},{"taxonomy":"post_tag","embeddable":true,"href":"https:\/\/fatoelado.com\/index.php?rest_route=%2Fwp%2Fv2%2Ftags&post=18552"}],"curies":[{"name":"wp","href":"https:\/\/api.w.org\/{rel}","templated":true}]}}