{"id":18545,"date":"2026-03-11T05:54:51","date_gmt":"2026-03-11T08:54:51","guid":{"rendered":"https:\/\/fatoelado.com\/?p=18545"},"modified":"2026-03-10T23:56:14","modified_gmt":"2026-03-11T02:56:14","slug":"pesquisa-ipsos-ipec-aprovacao-de-lula-cresce-3-pontos-e-vai-a-33","status":"publish","type":"post","link":"https:\/\/fatoelado.com\/?p=18545","title":{"rendered":"Pesquisa Ipsos-Ipec: aprova\u00e7\u00e3o de Lula cresce 3 pontos e vai a 33%"},"content":{"rendered":"<h2 class=\"article-subtitle\" style=\"text-align: center;\">Pesquisa Ipsos-Ipec revela a avalia\u00e7\u00e3o do governo Lula: 33% o aprovam e 40% o reprovam. Veja os detalhes da estabilidade negativa e a leve alta positiva.<\/h2>\n<p>&nbsp;<\/p>\n<div class=\"article-image-featured\" style=\"text-align: center;\"><img decoding=\"async\" class=\"i-amphtml-fill-content i-amphtml-replaced-content aligncenter\" src=\"https:\/\/www.meionews.com\/uploads\/imagens\/2026\/3\/10\/presidente-lula--6d68299fdcb79422.jpg\" alt=\"Presidente Lula | Divulga\u00e7\u00e3o\" data-amp-loading=\"lazy\" \/><small>Presidente Lula | Foto: Divulga\u00e7\u00e3o<\/small><\/div>\n<div class=\"g-news\"><\/div>\n<div class=\"article-html\">\n<div class=\"article-html-more\">\n<p><strong>Pesquisa Ipsos-Ipec divulgada nesta ter\u00e7a-feira (10) aponta que o governo Lula (PT)<\/strong> \u00e9 considerado \u00f3timo ou bom por 33% dos brasileiros e ruim ou p\u00e9ssimo para 40%.<\/p>\n<p><strong>Os n\u00fameros indicam que a avalia\u00e7\u00e3o negativa do presidente segue est\u00e1vel em rela\u00e7\u00e3o \u00e0 \u00faltima pesquisa, realizada em dezem<\/strong>bro, quando 40% tamb\u00e9m avaliaram o governo como ruim ou p\u00e9ssimo. J\u00e1 a avalia\u00e7\u00e3o positiva oscilou para cima, passando de 30% para 33%.<\/p>\n<p><strong>Veja os n\u00fameros:<\/strong><\/p>\n<ul data-mrf-recirculation=\"Mat\u00e9ria - Leia Tamb\u00e9m (Lista)\">\n<li><strong>Ruim ou p\u00e9ssimo:\u00a0<\/strong>40% (eram 40% em dezembro e 38% em setembro);<\/li>\n<li><strong>Regular:\u00a0<\/strong>24% (eram 29% em dezembro e 31% em setembro);<\/li>\n<li><strong>Bom ou \u00f3timo:<\/strong>\u00a033% (eram 30% em dezembro e em setembro);<\/li>\n<li><strong>N\u00e3o sabem ou n\u00e3o responderam:<\/strong>\u00a03% (eram 2% em dezembro e era 1% em setembro).<\/li>\n<\/ul>\n<p>&nbsp;<\/p>\n<p>O levantamento ouviu 2 mil pessoas com 16 anos ou mais entre os dias 5 a 9 de mar\u00e7o em 131 cidades do Brasil. A margem de erro \u00e9 de 2 pontos para mais ou menos e o n\u00edvel de confian\u00e7a \u00e9 de 95%.<\/p>\n<p>O Ipsos-Ipec tamb\u00e9m questionou como o brasileiro avalia a maneira como o presidente Lula est\u00e1 administrando o pa\u00eds: 51% desaprovam o trabalho, enquanto 43% aprovam. N\u00e3o sabem ou n\u00e3o responderam somam 6% dos entrevistados.<\/p>\n<p>Em rela\u00e7\u00e3o ao levantamento anterior, a aprova\u00e7\u00e3o teve oscila\u00e7\u00e3o para cima de um ponto percentual (de 42% para 43%), enquanto a desaprova\u00e7\u00e3o oscilou um ponto para baixo (de 52% para 51%).<\/p>\n<p>&nbsp;<\/p>\n<p><strong>Veja os n\u00fameros:<\/strong><\/p>\n<ul data-mrf-recirculation=\"Mat\u00e9ria - Leia Tamb\u00e9m (Lista)\">\n<li><strong>Aprova:<\/strong>\u00a043% (eram 42% em dezembro e 44% em setembro)<\/li>\n<li><strong>Desaprova:\u00a0<\/strong>51% (eram 52% em dezembro e 51% em setembro)<\/li>\n<li><strong>N\u00e3o sabem\/n\u00e3o responderam:<\/strong>\u00a06% (eram 6% em dezembro e 5% em setembro)<\/li>\n<\/ul>\n<p>&nbsp;<\/p>\n<div class=\"article-share_buttons2 article-share\">\n<div class=\"share_buttons\">\n<div class=\"buttons\">\n<p>Fonte: Portal MeioNews.<br \/>\nConfira esta e outras mat\u00e9rias na \u00edntegra pelo link: https:\/\/www.meionews.com\/politica\/pesquisa-ipsos-ipec-aprovacao-de-lula-cresce-3-pontos-e-vai-a-33-557607<\/p>\n<\/div>\n<\/div>\n<\/div>\n<\/div>\n<\/div>\n","protected":false},"excerpt":{"rendered":"<p>Pesquisa Ipsos-Ipec revela a avalia\u00e7\u00e3o do governo Lula: 33% o aprovam e 40% o reprovam. Veja os detalhes da estabilidade negativa e a leve alta positiva. &nbsp; Presidente Lula | Foto: Divulga\u00e7\u00e3o Pesquisa Ipsos-Ipec divulgada nesta ter\u00e7a-feira (10) aponta que o governo Lula (PT) \u00e9 considerado \u00f3timo ou bom por 33% dos brasileiros e ruim [&hellip;]<\/p>\n","protected":false},"author":3,"featured_media":18546,"comment_status":"open","ping_status":"open","sticky":false,"template":"","format":"standard","meta":{"om_disable_all_campaigns":false,"_monsterinsights_skip_tracking":false,"_monsterinsights_sitenote_active":false,"_monsterinsights_sitenote_note":"","_monsterinsights_sitenote_category":0,"footnotes":""},"categories":[47],"tags":[],"class_list":["post-18545","post","type-post","status-publish","format-standard","has-post-thumbnail","hentry","category-nacionais"],"jetpack_featured_media_url":"https:\/\/fatoelado.com\/wp-content\/uploads\/2026\/03\/presidente-lula-6d68299fdcb79422.jpg","_links":{"self":[{"href":"https:\/\/fatoelado.com\/index.php?rest_route=\/wp\/v2\/posts\/18545","targetHints":{"allow":["GET"]}}],"collection":[{"href":"https:\/\/fatoelado.com\/index.php?rest_route=\/wp\/v2\/posts"}],"about":[{"href":"https:\/\/fatoelado.com\/index.php?rest_route=\/wp\/v2\/types\/post"}],"author":[{"embeddable":true,"href":"https:\/\/fatoelado.com\/index.php?rest_route=\/wp\/v2\/users\/3"}],"replies":[{"embeddable":true,"href":"https:\/\/fatoelado.com\/index.php?rest_route=%2Fwp%2Fv2%2Fcomments&post=18545"}],"version-history":[{"count":1,"href":"https:\/\/fatoelado.com\/index.php?rest_route=\/wp\/v2\/posts\/18545\/revisions"}],"predecessor-version":[{"id":18547,"href":"https:\/\/fatoelado.com\/index.php?rest_route=\/wp\/v2\/posts\/18545\/revisions\/18547"}],"wp:featuredmedia":[{"embeddable":true,"href":"https:\/\/fatoelado.com\/index.php?rest_route=\/wp\/v2\/media\/18546"}],"wp:attachment":[{"href":"https:\/\/fatoelado.com\/index.php?rest_route=%2Fwp%2Fv2%2Fmedia&parent=18545"}],"wp:term":[{"taxonomy":"category","embeddable":true,"href":"https:\/\/fatoelado.com\/index.php?rest_route=%2Fwp%2Fv2%2Fcategories&post=18545"},{"taxonomy":"post_tag","embeddable":true,"href":"https:\/\/fatoelado.com\/index.php?rest_route=%2Fwp%2Fv2%2Ftags&post=18545"}],"curies":[{"name":"wp","href":"https:\/\/api.w.org\/{rel}","templated":true}]}}