{"id":18542,"date":"2026-03-11T05:53:12","date_gmt":"2026-03-11T08:53:12","guid":{"rendered":"https:\/\/fatoelado.com\/?p=18542"},"modified":"2026-03-10T23:54:48","modified_gmt":"2026-03-11T02:54:48","slug":"moraes-autoriza-assessor-de-trump-a-visitar-bolsonaro-na-prisao-em-brasilia","status":"publish","type":"post","link":"https:\/\/fatoelado.com\/?p=18542","title":{"rendered":"Moraes autoriza assessor de Trump a visitar Bolsonaro na pris\u00e3o em Bras\u00edlia"},"content":{"rendered":"<h2 class=\"article-subtitle\" style=\"text-align: center;\">De acordo com a decis\u00e3o, o encontro entre Beattie e Bolsonaro dever\u00e1 ocorrer no dia 18 de mar\u00e7o, no per\u00edodo das 8h \u00e0s 10h.<\/h2>\n<p>&nbsp;<\/p>\n<div class=\"article-image-featured\" style=\"text-align: center;\"><img decoding=\"async\" class=\"i-amphtml-fill-content i-amphtml-replaced-content aligncenter\" src=\"https:\/\/www.meionews.com\/uploads\/imagens\/2026\/3\/10\/darren-beattie-a-esquerda-e-jair-bolsonaro--4d4f5a1a66a95e2d.jpg\" alt=\"Darren Beattie (\u00e0 esquerda) e Jair Bolsonaro | Departamento de Estado dos EUA; Fabio Rodrigues-Pozzebom \/ Ag\u00eancia Brasil\" data-amp-loading=\"lazy\" \/><small>Darren Beattie (\u00e0 esquerda) e Jair Bolsonaro | Foto: Departamento de Estado dos EUA; Fabio Rodrigues-Pozzebom \/ Ag\u00eancia Brasil<\/small><\/div>\n<div class=\"g-news\"><\/div>\n<div class=\"article-html\">\n<div class=\"article-html-more\">\n<p>O ministro do Supremo Tribunal Federal, Alexandre de Moraes, autorizou nesta ter\u00e7a-feira (10) que o assessor do governo de Donald Trump, Darren Beattie, visite o ex-presidente Jair Bolsonaro na pris\u00e3o.<\/p>\n<p>Bolsonaro est\u00e1 detido na unidade conhecida como Papudinha, em Bras\u00edlia, onde cumpre pena de 27 anos e tr\u00eas meses de pris\u00e3o por tentativa de golpe de Estado. As visitas ao ex-presidente dependem de autoriza\u00e7\u00e3o judicial, j\u00e1 que Moraes \u00e9 o relator do processo que resultou na condena\u00e7\u00e3o.<\/p>\n<p>De acordo com a decis\u00e3o, o encontro entre Beattie e Bolsonaro dever\u00e1 ocorrer no dia 18 de mar\u00e7o, no per\u00edodo das 8h \u00e0s 10h.<\/p>\n<p>A defesa do ex-presidente havia solicitado que, de forma excepcional, a visita fosse autorizada nos dias 16 ou 17 de mar\u00e7o. Normalmente, as visitas ao ex-presidente s\u00e3o realizadas \u00e0s quartas-feiras e aos s\u00e1bados. Na decis\u00e3o, Moraes tamb\u00e9m permitiu que o assessor norte-americano esteja acompanhado de um int\u00e9rprete, que dever\u00e1 ser previamente informado \u00e0s autoridades.<\/p>\n<h2>Cr\u00edticas a Moraes<\/h2>\n<p>Conhecido por posi\u00e7\u00f5es alinhadas \u00e0 direita, Darren Beattie j\u00e1 fez cr\u00edticas p\u00fablicas ao ministro do STF. Em declara\u00e7\u00f5es anteriores, ele classificou Moraes como o \u201cprincipal arquiteto da censura e persegui\u00e7\u00e3o a Bolsonaro\u201d.<\/p>\n<p>No site do Departamento de Estado dos Estados Unidos, Beattie \u00e9 descrito como um defensor da promo\u00e7\u00e3o da liberdade de express\u00e3o como ferramenta diplom\u00e1tica.<\/p>\n<h2>Agenda no Brasil<\/h2>\n<p>O assessor do governo Trump deve chegar ao Brasil na pr\u00f3xima semana. Segundo fontes ligadas ao governo norte-americano, ele participar\u00e1, no dia 18 de mar\u00e7o, de um evento sobre minerais cr\u00edticos em S\u00e3o Paulo.<\/p>\n<p>A visita ocorre em meio a debates nos Estados Unidos sobre a possibilidade de classificar fac\u00e7\u00f5es criminosas brasileiras, como o Primeiro Comando da Capital (PCC) e o Comando Vermelho (CV), como Organiza\u00e7\u00f5es Terroristas Estrangeiras.<\/p>\n<p>O governo brasileiro acompanha as discuss\u00f5es com preocupa\u00e7\u00e3o, j\u00e1 que a classifica\u00e7\u00e3o poderia abrir caminho para poss\u00edveis medidas de interven\u00e7\u00e3o estrangeira no pa\u00eds.<\/p>\n<p class=\"ads\">\n<div class=\"article-share_buttons2 article-share\">\n<div class=\"share_buttons\">\n<div class=\"buttons\">\n<p>Fonte: Portal MeioNews.<br \/>\nConfira esta e outras mat\u00e9rias na \u00edntegra pelo link: https:\/\/www.meionews.com\/politica\/moraes-autoriza-assessor-de-trump-a-visitar-bolsonaro-na-prisao-em-brasilia-557614<\/p>\n<\/div>\n<\/div>\n<\/div>\n<\/div>\n<\/div>\n","protected":false},"excerpt":{"rendered":"<p>De acordo com a decis\u00e3o, o encontro entre Beattie e Bolsonaro dever\u00e1 ocorrer no dia 18 de mar\u00e7o, no per\u00edodo das 8h \u00e0s 10h. &nbsp; Darren Beattie (\u00e0 esquerda) e Jair Bolsonaro | Foto: Departamento de Estado dos EUA; Fabio Rodrigues-Pozzebom \/ Ag\u00eancia Brasil O ministro do Supremo Tribunal Federal, Alexandre de Moraes, autorizou nesta [&hellip;]<\/p>\n","protected":false},"author":3,"featured_media":18543,"comment_status":"open","ping_status":"open","sticky":false,"template":"","format":"standard","meta":{"om_disable_all_campaigns":false,"_monsterinsights_skip_tracking":false,"_monsterinsights_sitenote_active":false,"_monsterinsights_sitenote_note":"","_monsterinsights_sitenote_category":0,"footnotes":""},"categories":[47],"tags":[],"class_list":["post-18542","post","type-post","status-publish","format-standard","has-post-thumbnail","hentry","category-nacionais"],"jetpack_featured_media_url":"https:\/\/fatoelado.com\/wp-content\/uploads\/2026\/03\/darren-beattie-a-esquerda-e-jair-bolsonaro-4d4f5a1a66a95e2d.jpg","_links":{"self":[{"href":"https:\/\/fatoelado.com\/index.php?rest_route=\/wp\/v2\/posts\/18542","targetHints":{"allow":["GET"]}}],"collection":[{"href":"https:\/\/fatoelado.com\/index.php?rest_route=\/wp\/v2\/posts"}],"about":[{"href":"https:\/\/fatoelado.com\/index.php?rest_route=\/wp\/v2\/types\/post"}],"author":[{"embeddable":true,"href":"https:\/\/fatoelado.com\/index.php?rest_route=\/wp\/v2\/users\/3"}],"replies":[{"embeddable":true,"href":"https:\/\/fatoelado.com\/index.php?rest_route=%2Fwp%2Fv2%2Fcomments&post=18542"}],"version-history":[{"count":1,"href":"https:\/\/fatoelado.com\/index.php?rest_route=\/wp\/v2\/posts\/18542\/revisions"}],"predecessor-version":[{"id":18544,"href":"https:\/\/fatoelado.com\/index.php?rest_route=\/wp\/v2\/posts\/18542\/revisions\/18544"}],"wp:featuredmedia":[{"embeddable":true,"href":"https:\/\/fatoelado.com\/index.php?rest_route=\/wp\/v2\/media\/18543"}],"wp:attachment":[{"href":"https:\/\/fatoelado.com\/index.php?rest_route=%2Fwp%2Fv2%2Fmedia&parent=18542"}],"wp:term":[{"taxonomy":"category","embeddable":true,"href":"https:\/\/fatoelado.com\/index.php?rest_route=%2Fwp%2Fv2%2Fcategories&post=18542"},{"taxonomy":"post_tag","embeddable":true,"href":"https:\/\/fatoelado.com\/index.php?rest_route=%2Fwp%2Fv2%2Ftags&post=18542"}],"curies":[{"name":"wp","href":"https:\/\/api.w.org\/{rel}","templated":true}]}}