{"id":18536,"date":"2026-03-11T05:47:04","date_gmt":"2026-03-11T08:47:04","guid":{"rendered":"https:\/\/fatoelado.com\/?p=18536"},"modified":"2026-03-10T23:49:37","modified_gmt":"2026-03-11T02:49:37","slug":"neymar-desabafa-apos-ficar-fora-de-jogo-do-santos-com-a-presenca-de-ancelotti","status":"publish","type":"post","link":"https:\/\/fatoelado.com\/?p=18536","title":{"rendered":"Neymar desabafa ap\u00f3s ficar fora de jogo do Santos com a presen\u00e7a de Ancelotti"},"content":{"rendered":"<h2 class=\"article-subtitle\" style=\"text-align: center;\">Fora da partida contra o Mirassol, o atacante desabafou nas redes sociais ap\u00f3s ser poupado pelo Santos por causa de dores musculares<\/h2>\n<p>&nbsp;<\/p>\n<div class=\"article-image-featured\" style=\"text-align: center;\"><img decoding=\"async\" class=\"i-amphtml-fill-content i-amphtml-replaced-content aligncenter\" src=\"https:\/\/www.meionews.com\/uploads\/imagens\/2026\/3\/10\/neymar-esta-na-pre-lista-de-convocacao-do-brasil--4da08951a1359802.jpg\" alt=\"Neymar est\u00e1 na pr\u00e9-lista de convoca\u00e7\u00e3o do Brasil | Foto: Ricardo Moreira\/Getty Images\" data-amp-loading=\"lazy\" \/><small>Neymar est\u00e1 na pr\u00e9-lista de convoca\u00e7\u00e3o do Brasil | Foto: Ricardo Moreira\/Getty Images<\/small><\/div>\n<div class=\"g-news\"><\/div>\n<div class=\"article-html\">\n<div class=\"article-html-more\">\n<p>O atacante Neymar utilizou as redes sociais para se pronunciar ap\u00f3s ter sua\u00a0aus\u00eancia confirmada na partida entre Santos e Mirassol, marcada para esta ter\u00e7a-feira (10), \u00e0s 21h30, no est\u00e1dio Mai\u00e3o, pela quinta rodada da S\u00e9rie A do Campeonato Brasileiro.<\/p>\n<p>O camisa 10 do Peixe sente dores musculares e foi preservado pela comiss\u00e3o t\u00e9cnica. Com isso, n\u00e3o poder\u00e1 ser observado em campo pelo t\u00e9cnico da\u00a0Sele\u00e7\u00e3o Brasileira, Carlo Ancelotti, que estar\u00e1 no interior de S\u00e3o Paulo para acompanhar o confronto.<\/p>\n<blockquote><p>&#8220;J\u00e1 que tem muita gente criando teorias sobre o que est\u00e1 acontecendo comigo: n\u00e3o est\u00e1 acontecendo nada. Se eu jogo machucado, como falaram no ano passado, eu estou errado. Se eu penso s\u00f3 em mim, estou errado. Se eu me poupo, estou errado. Se eu jogo com uma dor ou algo que possa agravar, estou errado. Est\u00e1 complicado, hein? Muito dif\u00edcil acertar, cara. Muito dif\u00edcil, muito dif\u00edcil agradar todo mundo&#8221;, desabafou Neymar.<\/p><\/blockquote>\n<h3 data-end=\"1253\" data-section-id=\"1w5mhn7\" data-start=\"1218\">Prepara\u00e7\u00e3o limitada nos treinos<\/h3>\n<p>Neymar teve cerca de 12 dias de prepara\u00e7\u00e3o para a partida, mas em boa parte desse per\u00edodo realizou apenas atividades f\u00edsicas. O jogador ficou fora dos trabalhos t\u00e1ticos em v\u00e1rios treinamentos e s\u00f3 voltou \u00e0 rotina completa no \u00faltimo domingo.<\/p>\n<p>Segundo o Santos, o atleta n\u00e3o apresenta les\u00e3o. A decis\u00e3o de poup\u00e1-lo teria sido tomada em conjunto entre o jogador e a comiss\u00e3o t\u00e9cnica, e j\u00e1 vinha sendo considerada mesmo antes de sua volta \u00e0s atividades t\u00e1ticas.<\/p>\n<div class=\"dimg\"><img decoding=\"async\" class=\"i-amphtml-intrinsic-sizer\" role=\"presentation\" src=\"data:;base64,<svg height=\"491px\" width=\"697px\" xmlns=\"http:\/\/www.w3.org\/2000\/svg\" version=\"1.1\"\/>&#8221; alt=&#8221;&#8221; aria-hidden=&#8221;true&#8221; \/><img decoding=\"async\" class=\"i-amphtml-fill-content i-amphtml-replaced-content aligncenter\" src=\"https:\/\/www.meionews.com\/uploads\/imagens\/2026\/3\/10\/neymar-desabafa-apos-ficar-fora-de-jogo-do-santos-com-a-presenca-de-ancelotti--b5eae85a65f9188a.jpg\" alt=\"Carlo Ancelotti e Neymar - Fotos: Buda Mendes\/\/Alexandre Schneider\/Getty Images\" data-amp-loading=\"lazy\" \/><\/div>\n<p><span class=\"fr-inner\">Carlo Ancelotti e Neymar &#8211; Fotos: Buda Mendes\/\/Alexandre Schneider\/Getty Images<\/span>&nbsp;<\/p>\n<h3 data-end=\"1762\" data-section-id=\"1tp0wc0\" data-start=\"1718\">Surpresa na CBF e na comiss\u00e3o<\/h3>\n<p>A aus\u00eancia do atacante na lista de relacionados surpreendeu a Confedera\u00e7\u00e3o Brasileira de Futebol (CBF) e o t\u00e9cnico Ancelotti. O treinador tinha a expectativa de ver o craque em a\u00e7\u00e3o.<\/p>\n<p>Al\u00e9m disso, ficar fora da partida pode impactar a presen\u00e7a do jogador na pr\u00f3xima convoca\u00e7\u00e3o da Sele\u00e7\u00e3o. At\u00e9 a convoca\u00e7\u00e3o, Neymar deve ter apenas uma oportunidade de atuar: o cl\u00e1ssico contra o\u00a0Corinthians, no pr\u00f3ximo domingo (15), pela sexta rodada do Brasileir\u00e3o.<\/p>\n<p>O jogo contra o Tim\u00e3o ser\u00e1 disputado na Vila Belmiro e ocorre na v\u00e9spera da divulga\u00e7\u00e3o da lista da Sele\u00e7\u00e3o. Enquanto Ancelotti estar\u00e1 no Rio de Janeiro para acompanhar Botafogo e Flamengo, no Est\u00e1dio Nilton Santos, a comiss\u00e3o t\u00e9cnica da Sele\u00e7\u00e3o enviar\u00e1 auxiliares para observar o cl\u00e1ssico alvinegro em Santos.<\/p>\n<p>De acordo com o clube, Neymar deve voltar a ficar \u00e0 disposi\u00e7\u00e3o justamente para essa partida do fim de semana.<\/p>\n<p class=\"ads\">\n<div class=\"article-share_buttons2 article-share\">\n<div class=\"share_buttons\">\n<div class=\"buttons\">\n<p>Fonte: Portal MeioNews.<br \/>\nConfira esta e outras mat\u00e9rias na \u00edntegra pelo link: https:\/\/www.meionews.com\/esportes\/neymar-desabafa-apos-ficar-fora-de-jogo-do-santos-com-a-presenca-de-ancelotti-557596<\/p>\n<\/div>\n<\/div>\n<\/div>\n<\/div>\n<\/div>\n","protected":false},"excerpt":{"rendered":"<p>Fora da partida contra o Mirassol, o atacante desabafou nas redes sociais ap\u00f3s ser poupado pelo Santos por causa de dores musculares &nbsp; Neymar est\u00e1 na pr\u00e9-lista de convoca\u00e7\u00e3o do Brasil | Foto: Ricardo Moreira\/Getty Images O atacante Neymar utilizou as redes sociais para se pronunciar ap\u00f3s ter sua\u00a0aus\u00eancia confirmada na partida entre Santos e [&hellip;]<\/p>\n","protected":false},"author":3,"featured_media":18537,"comment_status":"open","ping_status":"open","sticky":false,"template":"","format":"standard","meta":{"om_disable_all_campaigns":false,"_monsterinsights_skip_tracking":false,"_monsterinsights_sitenote_active":false,"_monsterinsights_sitenote_note":"","_monsterinsights_sitenote_category":0,"footnotes":""},"categories":[48],"tags":[],"class_list":["post-18536","post","type-post","status-publish","format-standard","has-post-thumbnail","hentry","category-esportes"],"jetpack_featured_media_url":"https:\/\/fatoelado.com\/wp-content\/uploads\/2026\/03\/neymar-esta-na-pre-lista-de-convocacao-do-brasil-4da08951a1359802.jpg","_links":{"self":[{"href":"https:\/\/fatoelado.com\/index.php?rest_route=\/wp\/v2\/posts\/18536","targetHints":{"allow":["GET"]}}],"collection":[{"href":"https:\/\/fatoelado.com\/index.php?rest_route=\/wp\/v2\/posts"}],"about":[{"href":"https:\/\/fatoelado.com\/index.php?rest_route=\/wp\/v2\/types\/post"}],"author":[{"embeddable":true,"href":"https:\/\/fatoelado.com\/index.php?rest_route=\/wp\/v2\/users\/3"}],"replies":[{"embeddable":true,"href":"https:\/\/fatoelado.com\/index.php?rest_route=%2Fwp%2Fv2%2Fcomments&post=18536"}],"version-history":[{"count":1,"href":"https:\/\/fatoelado.com\/index.php?rest_route=\/wp\/v2\/posts\/18536\/revisions"}],"predecessor-version":[{"id":18538,"href":"https:\/\/fatoelado.com\/index.php?rest_route=\/wp\/v2\/posts\/18536\/revisions\/18538"}],"wp:featuredmedia":[{"embeddable":true,"href":"https:\/\/fatoelado.com\/index.php?rest_route=\/wp\/v2\/media\/18537"}],"wp:attachment":[{"href":"https:\/\/fatoelado.com\/index.php?rest_route=%2Fwp%2Fv2%2Fmedia&parent=18536"}],"wp:term":[{"taxonomy":"category","embeddable":true,"href":"https:\/\/fatoelado.com\/index.php?rest_route=%2Fwp%2Fv2%2Fcategories&post=18536"},{"taxonomy":"post_tag","embeddable":true,"href":"https:\/\/fatoelado.com\/index.php?rest_route=%2Fwp%2Fv2%2Ftags&post=18536"}],"curies":[{"name":"wp","href":"https:\/\/api.w.org\/{rel}","templated":true}]}}