{"id":18533,"date":"2026-03-10T11:34:47","date_gmt":"2026-03-10T14:34:47","guid":{"rendered":"https:\/\/fatoelado.com\/?p=18533"},"modified":"2026-03-10T11:34:47","modified_gmt":"2026-03-10T14:34:47","slug":"banca-organizadora-do-concurso-para-professor-da-seduc-divulga-locais-de-prova","status":"publish","type":"post","link":"https:\/\/fatoelado.com\/?p=18533","title":{"rendered":"Banca organizadora do concurso para professor da Seduc divulga locais de prova"},"content":{"rendered":"<h2 class=\"elementor-heading-title elementor-size-default\" style=\"text-align: center;\">As provas ocorrem no dia 22 de mar\u00e7o de 2026 e os candidatos podem consultar locais no site da Cebraspe.<\/h2>\n<p>&nbsp;<\/p>\n<p>A Secretaria da Educa\u00e7\u00e3o do Piau\u00ed (Seduc) divulgou os locais de aplica\u00e7\u00e3o das provas do concurso p\u00fablico para o cargo de professor da educa\u00e7\u00e3o b\u00e1sica da rede estadual de ensino.\u00a0 Os candidatos j\u00e1 podem consultar o local de prova no<a href=\"http:\/\/www.cebraspe.org.br\/concursos\/seduc_pi_25_professor\" target=\"_blank\" rel=\"noopener\"><b>\u00a0site do Cebraspe<\/b>,<\/a>\u00a0banca organizadora do certame.<\/p>\n<p>As provas objetiva e discursiva ser\u00e3o realizadas no dia 22 de mar\u00e7o de 2026, com in\u00edcio \u00e0s 13h30 e dura\u00e7\u00e3o de 4 horas e 30 minutos. Os port\u00f5es ser\u00e3o abertos \u00e0s 12h e fechados \u00e0s 13h, conforme estabelecido no edital.<\/p>\n<p>Os exames ser\u00e3o aplicados nos munic\u00edpios de Barras, Bom Jesus, Campo Maior, Corrente, Floriano, Fronteiras, Oeiras, Parna\u00edba, Paulistana, Picos, Piripiri, Regenera\u00e7\u00e3o, S\u00e3o Jo\u00e3o do Piau\u00ed, S\u00e3o Raimundo Nonato, Teresina, Uru\u00e7u\u00ed e Valen\u00e7a do Piau\u00ed.<\/p>\n<p>Ao todo, o concurso oferta 2 mil vagas para contrata\u00e7\u00e3o imediata, al\u00e9m de 2 mil vagas para forma\u00e7\u00e3o de cadastro de reserva. O edital contempla diversas \u00e1reas do conhecimento, s\u00e3o elas: arte, educa\u00e7\u00e3o f\u00edsica, biologia, espanhol, filosofia, f\u00edsica, geografia, hist\u00f3ria, inform\u00e1tica, ingl\u00eas, matem\u00e1tica, l\u00edngua portuguesa, sociologia e qu\u00edmica.<\/p>\n<p>Tamb\u00e9m est\u00e3o previstos no edital os valores da remunera\u00e7\u00e3o inicial do professor efetivo da rede estadual, que variam conforme a carga hor\u00e1ria. A partir de maio de 2026, os valores passam para R$ 2.625,41 (20 horas) e R$ 5.250,83 (40 horas semanais).<\/p>\n<p>O secret\u00e1rio da Educa\u00e7\u00e3o, Rodrigo Torres, destaca que o concurso faz parte da estrat\u00e9gia de fortalecimento da rede estadual de ensino, especialmente com a amplia\u00e7\u00e3o do ensino em tempo integral no Piau\u00ed. \u201cEsse concurso representa um passo muito importante para o fortalecimento da rede estadual de ensino. Estamos ampliando e qualificando nossas escolas, avan\u00e7ando na universaliza\u00e7\u00e3o do ensino em tempo integral e, para sustentar esse crescimento, precisamos de mais professores em sala de aula. Ser\u00e3o 2 mil contrata\u00e7\u00f5es imediatas, al\u00e9m da forma\u00e7\u00e3o de cadastro de reserva, com profissionais que ser\u00e3o lotados em escolas de todas as regi\u00f5es do estado\u201d, afirmou o gestor.<\/p>\n<figure id=\"attachment_121877\" class=\"wp-caption alignnone\" aria-describedby=\"caption-attachment-121877\"><img loading=\"lazy\" decoding=\"async\" class=\"wp-image-121877 size-full\" src=\"https:\/\/www.pi.gov.br\/wp-content\/uploads\/2026\/03\/Ceti-Mundin-Ferraz-scaled.jpg\" sizes=\"auto, (max-width: 2560px) 100vw, 2560px\" srcset=\"https:\/\/www.pi.gov.br\/wp-content\/uploads\/2026\/03\/Ceti-Mundin-Ferraz-scaled.jpg 2560w, https:\/\/www.pi.gov.br\/wp-content\/uploads\/2026\/03\/Ceti-Mundin-Ferraz-300x200.jpg 300w, https:\/\/www.pi.gov.br\/wp-content\/uploads\/2026\/03\/Ceti-Mundin-Ferraz-1024x683.jpg 1024w, https:\/\/www.pi.gov.br\/wp-content\/uploads\/2026\/03\/Ceti-Mundin-Ferraz-768x512.jpg 768w, https:\/\/www.pi.gov.br\/wp-content\/uploads\/2026\/03\/Ceti-Mundin-Ferraz-1536x1024.jpg 1536w, https:\/\/www.pi.gov.br\/wp-content\/uploads\/2026\/03\/Ceti-Mundin-Ferraz-2048x1366.jpg 2048w\" alt=\"\" width=\"2560\" height=\"1707\" \/><figcaption id=\"caption-attachment-121877\" class=\"wp-caption-text\">Foto: Let\u00edcia Santos<\/figcaption><\/figure>\n<p>&nbsp;<\/p>\n<p>Fonte: Portal pi.Gov.<br \/>\nConfira esta e outras mat\u00e9rias na \u00edntegra pelo link: https:\/\/www.pi.gov.br\/banca-organizadora-do-concurso-para-professor-da-seduc-divulga-locais-de-prova\/<\/p>\n","protected":false},"excerpt":{"rendered":"<p>As provas ocorrem no dia 22 de mar\u00e7o de 2026 e os candidatos podem consultar locais no site da Cebraspe. &nbsp; A Secretaria da Educa\u00e7\u00e3o do Piau\u00ed (Seduc) divulgou os locais de aplica\u00e7\u00e3o das provas do concurso p\u00fablico para o cargo de professor da educa\u00e7\u00e3o b\u00e1sica da rede estadual de ensino.\u00a0 Os candidatos j\u00e1 podem [&hellip;]<\/p>\n","protected":false},"author":3,"featured_media":18534,"comment_status":"open","ping_status":"open","sticky":false,"template":"","format":"standard","meta":{"om_disable_all_campaigns":false,"_monsterinsights_skip_tracking":false,"_monsterinsights_sitenote_active":false,"_monsterinsights_sitenote_note":"","_monsterinsights_sitenote_category":0,"footnotes":""},"categories":[33],"tags":[],"class_list":["post-18533","post","type-post","status-publish","format-standard","has-post-thumbnail","hentry","category-piaui"],"jetpack_featured_media_url":"https:\/\/fatoelado.com\/wp-content\/uploads\/2026\/03\/Ceti-Mundin-Ferraz-2048x1366-1.jpg","_links":{"self":[{"href":"https:\/\/fatoelado.com\/index.php?rest_route=\/wp\/v2\/posts\/18533","targetHints":{"allow":["GET"]}}],"collection":[{"href":"https:\/\/fatoelado.com\/index.php?rest_route=\/wp\/v2\/posts"}],"about":[{"href":"https:\/\/fatoelado.com\/index.php?rest_route=\/wp\/v2\/types\/post"}],"author":[{"embeddable":true,"href":"https:\/\/fatoelado.com\/index.php?rest_route=\/wp\/v2\/users\/3"}],"replies":[{"embeddable":true,"href":"https:\/\/fatoelado.com\/index.php?rest_route=%2Fwp%2Fv2%2Fcomments&post=18533"}],"version-history":[{"count":1,"href":"https:\/\/fatoelado.com\/index.php?rest_route=\/wp\/v2\/posts\/18533\/revisions"}],"predecessor-version":[{"id":18535,"href":"https:\/\/fatoelado.com\/index.php?rest_route=\/wp\/v2\/posts\/18533\/revisions\/18535"}],"wp:featuredmedia":[{"embeddable":true,"href":"https:\/\/fatoelado.com\/index.php?rest_route=\/wp\/v2\/media\/18534"}],"wp:attachment":[{"href":"https:\/\/fatoelado.com\/index.php?rest_route=%2Fwp%2Fv2%2Fmedia&parent=18533"}],"wp:term":[{"taxonomy":"category","embeddable":true,"href":"https:\/\/fatoelado.com\/index.php?rest_route=%2Fwp%2Fv2%2Fcategories&post=18533"},{"taxonomy":"post_tag","embeddable":true,"href":"https:\/\/fatoelado.com\/index.php?rest_route=%2Fwp%2Fv2%2Ftags&post=18533"}],"curies":[{"name":"wp","href":"https:\/\/api.w.org\/{rel}","templated":true}]}}