{"id":18527,"date":"2026-03-10T11:32:50","date_gmt":"2026-03-10T14:32:50","guid":{"rendered":"https:\/\/fatoelado.com\/?p=18527"},"modified":"2026-03-10T11:32:50","modified_gmt":"2026-03-10T14:32:50","slug":"van-itinerante-do-opa-mobiliza-entidades-em-picos-floriano-e-piripiri-e-amplia-participacao-popular-veja-como-se-cadastrar","status":"publish","type":"post","link":"https:\/\/fatoelado.com\/?p=18527","title":{"rendered":"Van Itinerante do OPA mobiliza entidades em Picos, Floriano e Piripiri e amplia participa\u00e7\u00e3o popular; veja como se cadastrar"},"content":{"rendered":"<h2 class=\"elementor-heading-title elementor-size-default\" style=\"text-align: center;\">Objetivo \u00e9 aproximar programa das comunidades, destacando o protagonismo das associa\u00e7\u00f5es e entidades na constru\u00e7\u00e3o das melhorias para seus bairros<\/h2>\n<p>&nbsp;<\/p>\n<p>O Or\u00e7amento Participativo Digital (OPA) 2026\u20132027 segue com inscri\u00e7\u00f5es abertas para o cadastro de entidades e envio de propostas at\u00e9 o dia 20 de mar\u00e7o. Para fortalecer a participa\u00e7\u00e3o das comunidades nesse processo, o programa realiza esta semana a a\u00e7\u00e3o \u201cVan Itinerante OPA \u2013 As entidades no comando da transforma\u00e7\u00e3o\u201d, que passar\u00e1 pelos munic\u00edpios de Picos, Floriano e Piripiri.<\/p>\n<p>Enia Meneses, diretora de Or\u00e7amento Participativo, explica que a iniciativa tem como objetivo aproximar ainda mais o programa das comunidades, destacando o papel das associa\u00e7\u00f5es e entidades como protagonistas na constru\u00e7\u00e3o das melhorias para seus bairros.<\/p>\n<p>\u201cA Van Itinerante do OPA \u00e9 uma forma de levar o programa para mais perto das comunidades, oferecendo orienta\u00e7\u00f5es e apoio no cadastro de entidades e propostas. Nesta semana estaremos em Picos, Floriano e Piripiri e, na pr\u00f3xima, a Van estar\u00e1 em Parna\u00edba e Teresina. A ideia \u00e9 mobilizar e fortalecer a participa\u00e7\u00e3o popular, garantindo que nenhuma comunidade que busca melhorias por meio de obras e servi\u00e7os fique de fora do OPA\u201d, explica a diretora.<\/p>\n<figure id=\"attachment_121845\" class=\"wp-caption alignnone\" aria-describedby=\"caption-attachment-121845\"><img loading=\"lazy\" decoding=\"async\" class=\"wp-image-121845 size-full\" src=\"https:\/\/www.pi.gov.br\/wp-content\/uploads\/2026\/03\/WhatsApp-Image-2026-03-10-at-09.15.12.jpeg\" sizes=\"auto, (max-width: 1280px) 100vw, 1280px\" srcset=\"https:\/\/www.pi.gov.br\/wp-content\/uploads\/2026\/03\/WhatsApp-Image-2026-03-10-at-09.15.12.jpeg 1280w, https:\/\/www.pi.gov.br\/wp-content\/uploads\/2026\/03\/WhatsApp-Image-2026-03-10-at-09.15.12-300x225.jpeg 300w, https:\/\/www.pi.gov.br\/wp-content\/uploads\/2026\/03\/WhatsApp-Image-2026-03-10-at-09.15.12-1024x768.jpeg 1024w, https:\/\/www.pi.gov.br\/wp-content\/uploads\/2026\/03\/WhatsApp-Image-2026-03-10-at-09.15.12-768x576.jpeg 768w\" alt=\"\" width=\"1280\" height=\"960\" \/><figcaption id=\"caption-attachment-121845\" class=\"wp-caption-text\">Foto: Ascom Seplan<\/figcaption><\/figure>\n<p>Durante a a\u00e7\u00e3o, a equipe do OPA estar\u00e1 dispon\u00edvel para oferecer: cadastro de entidades no sistema do programa; cadastro de propostas de obras e servi\u00e7os; orienta\u00e7\u00f5es sobre a execu\u00e7\u00e3o de propostas eleitas em edi\u00e7\u00f5es anteriores e esclarecer d\u00favidas sobre como participar do programa.<\/p>\n<p>A Van Itinerante estar\u00e1 em Picos na quarta-feira (11), das 9h \u00e0s 17h, na Pra\u00e7a F\u00e9lix Pacheco. Na quinta-feira (12) ser\u00e1 a vez de Floriano, tamb\u00e9m das 9h \u00e0s 17h, na Pra\u00e7a Dr. Sebasti\u00e3o Martins (Pra\u00e7a da Matriz). J\u00e1 Piripiri receber\u00e1 a a\u00e7\u00e3o na sexta-feira (13) e no s\u00e1bado (14), das 9h \u00e0s 17h, no Memorial Expedito Resende.<\/p>\n<p><strong>Como participar<\/strong><\/p>\n<p>Nesta edi\u00e7\u00e3o, o OPA contar\u00e1 com um investimento de R$ 80 milh\u00f5es, destinados aos munic\u00edpios de Teresina, Parna\u00edba, Picos, Piripiri e Floriano.<\/p>\n<p>As associa\u00e7\u00f5es e entidades comunit\u00e1rias podem se cadastrar e enviar propostas de obras e servi\u00e7os at\u00e9 o dia 20 de mar\u00e7o atrav\u00e9s do site\u00a0<a href=\"https:\/\/opa.colab.re\/\">opa.colab.re<\/a>. Para participar, \u00e9 necess\u00e1rio atender aos crit\u00e9rios do edital, como possuir CNPJ ativo, estatuto, ata da diretoria vigente registrada em cart\u00f3rio, al\u00e9m da documenta\u00e7\u00e3o do respons\u00e1vel legal e comprovante de endere\u00e7o.<\/p>\n<p>A vota\u00e7\u00e3o popular ocorrer\u00e1 de 12 a 21 de junho, aberta a qualquer cidad\u00e3o a partir de 16 anos, com CPF. Todo o processo ser\u00e1 realizado de forma digital, por meio do Portal OPA, do aplicativo Colab e tamb\u00e9m pelo WhatsApp, al\u00e9m de pontos f\u00edsicos de apoio nos munic\u00edpios participantes.<\/p>\n<p>O ciclo do programa inclui cadastro das entidades, envio das propostas, an\u00e1lise de viabilidade e vota\u00e7\u00e3o popular. As propostas mais votadas ser\u00e3o incorporadas ao or\u00e7amento do Estado e executadas a partir de 2027, garantindo que as decis\u00f5es da popula\u00e7\u00e3o se transformem em obras e servi\u00e7os para as comunidades.<\/p>\n<p>&nbsp;<\/p>\n<p>Fonte: Portal pi.Gov.<br \/>\nConfira esta e outras mat\u00e9rias na \u00edntegra pelo link: https:\/\/www.pi.gov.br\/van-itinerante-do-opa-mobiliza-entidades-em-picos-floriano-e-piripiri-e-amplia-participacao-popular-veja-como-se-cadastrar\/<\/p>\n","protected":false},"excerpt":{"rendered":"<p>Objetivo \u00e9 aproximar programa das comunidades, destacando o protagonismo das associa\u00e7\u00f5es e entidades na constru\u00e7\u00e3o das melhorias para seus bairros &nbsp; O Or\u00e7amento Participativo Digital (OPA) 2026\u20132027 segue com inscri\u00e7\u00f5es abertas para o cadastro de entidades e envio de propostas at\u00e9 o dia 20 de mar\u00e7o. Para fortalecer a participa\u00e7\u00e3o das comunidades nesse processo, o [&hellip;]<\/p>\n","protected":false},"author":3,"featured_media":18528,"comment_status":"open","ping_status":"open","sticky":false,"template":"","format":"standard","meta":{"om_disable_all_campaigns":false,"_monsterinsights_skip_tracking":false,"_monsterinsights_sitenote_active":false,"_monsterinsights_sitenote_note":"","_monsterinsights_sitenote_category":0,"footnotes":""},"categories":[33],"tags":[],"class_list":["post-18527","post","type-post","status-publish","format-standard","has-post-thumbnail","hentry","category-piaui"],"jetpack_featured_media_url":"https:\/\/fatoelado.com\/wp-content\/uploads\/2026\/03\/WhatsApp-Image-2026-03-10-at-09.15.12.jpeg","_links":{"self":[{"href":"https:\/\/fatoelado.com\/index.php?rest_route=\/wp\/v2\/posts\/18527","targetHints":{"allow":["GET"]}}],"collection":[{"href":"https:\/\/fatoelado.com\/index.php?rest_route=\/wp\/v2\/posts"}],"about":[{"href":"https:\/\/fatoelado.com\/index.php?rest_route=\/wp\/v2\/types\/post"}],"author":[{"embeddable":true,"href":"https:\/\/fatoelado.com\/index.php?rest_route=\/wp\/v2\/users\/3"}],"replies":[{"embeddable":true,"href":"https:\/\/fatoelado.com\/index.php?rest_route=%2Fwp%2Fv2%2Fcomments&post=18527"}],"version-history":[{"count":1,"href":"https:\/\/fatoelado.com\/index.php?rest_route=\/wp\/v2\/posts\/18527\/revisions"}],"predecessor-version":[{"id":18529,"href":"https:\/\/fatoelado.com\/index.php?rest_route=\/wp\/v2\/posts\/18527\/revisions\/18529"}],"wp:featuredmedia":[{"embeddable":true,"href":"https:\/\/fatoelado.com\/index.php?rest_route=\/wp\/v2\/media\/18528"}],"wp:attachment":[{"href":"https:\/\/fatoelado.com\/index.php?rest_route=%2Fwp%2Fv2%2Fmedia&parent=18527"}],"wp:term":[{"taxonomy":"category","embeddable":true,"href":"https:\/\/fatoelado.com\/index.php?rest_route=%2Fwp%2Fv2%2Fcategories&post=18527"},{"taxonomy":"post_tag","embeddable":true,"href":"https:\/\/fatoelado.com\/index.php?rest_route=%2Fwp%2Fv2%2Ftags&post=18527"}],"curies":[{"name":"wp","href":"https:\/\/api.w.org\/{rel}","templated":true}]}}