{"id":18521,"date":"2026-03-10T11:10:38","date_gmt":"2026-03-10T14:10:38","guid":{"rendered":"https:\/\/fatoelado.com\/?p=18521"},"modified":"2026-03-10T11:10:38","modified_gmt":"2026-03-10T14:10:38","slug":"grupo-pao-de-acucar-fecha-acordo-de-recuperacao-extrajudicial-divida-de-r-45-bi","status":"publish","type":"post","link":"https:\/\/fatoelado.com\/?p=18521","title":{"rendered":"Grupo P\u00e3o de A\u00e7\u00facar fecha acordo de recupera\u00e7\u00e3o extrajudicial; d\u00edvida de R$ 4,5 bi"},"content":{"rendered":"<h2 class=\"article-subtitle\" style=\"text-align: center;\">Rede P\u00e3o de A\u00e7\u00facar busca renegociar d\u00e9bitos com credores para evitar processo maior na justi\u00e7a.<\/h2>\n<p>&nbsp;<\/p>\n<div class=\"article-image-featured\" style=\"text-align: center;\"><img decoding=\"async\" class=\"i-amphtml-fill-content i-amphtml-replaced-content aligncenter\" src=\"https:\/\/www.meionews.com\/uploads\/imagens\/2026\/3\/10\/fachada-de-um-dos-supermercados-pao-de-acucar--d3e2c30d90af2271.jpg\" alt=\"Fachada de um dos supermercados P\u00e3o de A\u00e7\u00facar | Reprodu\u00e7\u00e3o\/Grupo GPA\" data-amp-loading=\"lazy\" \/><small>Fachada de um dos supermercados P\u00e3o de A\u00e7\u00facar | Foto: Reprodu\u00e7\u00e3o\/Grupo GPA<\/small><\/div>\n<div class=\"g-news\"><\/div>\n<div class=\"article-html\">\n<div class=\"article-html-more\">\n<p>O grupo GPA, anunciou nesta ter\u00e7a-feira (10) que firmou um acordo com seus principais credores para apresentar um plano de recupera\u00e7\u00e3o extrajudicial.<strong> O n\u00facleo \u00e9 respons\u00e1vel pela rede de supermercados P\u00e3o de A\u00e7\u00facar.<\/strong><\/p>\n<p>A medida que tem como objetivo<strong>\u00a0reorganizar as finan\u00e7as da empresa, envolve uma d\u00edvida de de aproximadamente R$ 4,5 bilh\u00f5es.\u00a0<\/strong>O grupo pretende assim evitar a recupera\u00e7\u00e3o judicial, processo que ocorre na justi\u00e7a e envolve todos os credores, e costuma ser mais longo e complexo.<\/p>\n<p>De acordo com a companhia, o plano foi aprovado por unanimidade pelo conselho de administra\u00e7\u00e3o.\u00a0<strong>Pelo menos 46% dos cr\u00e9ditos inclu\u00eddos no processo foram garantidos por meio de credores, o equivalente a cerca de R$ 2, 1 bilh\u00f5es.\u00a0<\/strong>O percentual j\u00e1 \u00e9 maior que o m\u00ednimo exigido pela legisla\u00e7\u00e3o para iniciar esse tipo de negocia\u00e7\u00e3o.<\/p>\n<p>&nbsp;<\/p>\n<h3><strong>Como vai funcionar<\/strong><\/h3>\n<p>O acordo prev\u00ea suspens\u00e3o tempor\u00e1ria dos pagamentos dessas d\u00edvidas enquanto a empresa negocia novas condi\u00e7\u00f5es com os credores.<\/p>\n<p>&nbsp;<\/p>\n<div class=\"dimg\"><img decoding=\"async\" class=\"i-amphtml-intrinsic-sizer\" role=\"presentation\" src=\"data:;base64,<svg height=\"652px\" width=\"984px\" xmlns=\"http:\/\/www.w3.org\/2000\/svg\" version=\"1.1\"\/>&#8221; alt=&#8221;&#8221; aria-hidden=&#8221;true&#8221; \/><img decoding=\"async\" class=\"i-amphtml-fill-content i-amphtml-replaced-content\" src=\"https:\/\/www.meionews.com\/uploads\/imagens\/2026\/3\/10\/grupo-pao-de-acucar-fecha-acordo-de-recuperacao-extrajudicial--8b07dc05fcfa4a05.jpg\" alt=\"Fachada do Grupo GPA - Foto Reprodu\u00e7\u00e3o\" data-amp-loading=\"lazy\" \/><\/div>\n<p><span class=\"fr-inner\">Fachada do Grupo GPA &#8211; Foto Reprodu\u00e7\u00e3o<\/span>&nbsp;<\/p>\n<p>As negocia\u00e7\u00f5es ter\u00e3o um per\u00edodo inicial de 90 dias. Durante esse prazo, a companhia ir\u00e1 buscar apoio de mais credores atr\u00e1s de uma solu\u00e7\u00e3o definitiva.\u00a0<strong>As opera\u00e7\u00f5es do grupo devem continuar normalmente durante esse processo.<\/strong><\/p>\n<p>Em comunicado ao mercado, o GPA afirmou que a iniciativa busca melhorar o perfil da d\u00edvida e fortalecer o balan\u00e7o da companhia, criando condi\u00e7\u00f5es para resolver problemas de liquidez no curto prazo e garantir a sustentabilidade financeira no longo prazo. O plano, segundo o GPA, foi estruturado justamente para preservar a opera\u00e7\u00e3o do neg\u00f3cio enquanto as negocia\u00e7\u00f5es com credores avan\u00e7am.<\/p>\n<p><strong>A empresa tamb\u00e9m disse que est\u00e1 em dia com pagamentos a fornecedores e parceiros comerciais.<\/strong><\/p>\n<p class=\"ads\">\n<div class=\"article-topics article-share\">Fonte: Portal MeioNews.<br \/>\nConfira esta e outras mat\u00e9rias na \u00edntegra pelo link: https:\/\/www.meionews.com\/noticias\/economia\/grupo-pao-de-acucar-fecha-acordo-de-recuperacao-extrajudicial-divida-de-r-4-5-bi-557541<\/div>\n<\/div>\n<\/div>\n","protected":false},"excerpt":{"rendered":"<p>Rede P\u00e3o de A\u00e7\u00facar busca renegociar d\u00e9bitos com credores para evitar processo maior na justi\u00e7a. &nbsp; Fachada de um dos supermercados P\u00e3o de A\u00e7\u00facar | Foto: Reprodu\u00e7\u00e3o\/Grupo GPA O grupo GPA, anunciou nesta ter\u00e7a-feira (10) que firmou um acordo com seus principais credores para apresentar um plano de recupera\u00e7\u00e3o extrajudicial. O n\u00facleo \u00e9 respons\u00e1vel pela [&hellip;]<\/p>\n","protected":false},"author":3,"featured_media":18522,"comment_status":"open","ping_status":"open","sticky":false,"template":"","format":"standard","meta":{"om_disable_all_campaigns":false,"_monsterinsights_skip_tracking":false,"_monsterinsights_sitenote_active":false,"_monsterinsights_sitenote_note":"","_monsterinsights_sitenote_category":0,"footnotes":""},"categories":[47],"tags":[],"class_list":["post-18521","post","type-post","status-publish","format-standard","has-post-thumbnail","hentry","category-nacionais"],"jetpack_featured_media_url":"https:\/\/fatoelado.com\/wp-content\/uploads\/2026\/03\/fachada-de-um-dos-supermercados-pao-de-acucar-d3e2c30d90af2271.jpg","_links":{"self":[{"href":"https:\/\/fatoelado.com\/index.php?rest_route=\/wp\/v2\/posts\/18521","targetHints":{"allow":["GET"]}}],"collection":[{"href":"https:\/\/fatoelado.com\/index.php?rest_route=\/wp\/v2\/posts"}],"about":[{"href":"https:\/\/fatoelado.com\/index.php?rest_route=\/wp\/v2\/types\/post"}],"author":[{"embeddable":true,"href":"https:\/\/fatoelado.com\/index.php?rest_route=\/wp\/v2\/users\/3"}],"replies":[{"embeddable":true,"href":"https:\/\/fatoelado.com\/index.php?rest_route=%2Fwp%2Fv2%2Fcomments&post=18521"}],"version-history":[{"count":1,"href":"https:\/\/fatoelado.com\/index.php?rest_route=\/wp\/v2\/posts\/18521\/revisions"}],"predecessor-version":[{"id":18523,"href":"https:\/\/fatoelado.com\/index.php?rest_route=\/wp\/v2\/posts\/18521\/revisions\/18523"}],"wp:featuredmedia":[{"embeddable":true,"href":"https:\/\/fatoelado.com\/index.php?rest_route=\/wp\/v2\/media\/18522"}],"wp:attachment":[{"href":"https:\/\/fatoelado.com\/index.php?rest_route=%2Fwp%2Fv2%2Fmedia&parent=18521"}],"wp:term":[{"taxonomy":"category","embeddable":true,"href":"https:\/\/fatoelado.com\/index.php?rest_route=%2Fwp%2Fv2%2Fcategories&post=18521"},{"taxonomy":"post_tag","embeddable":true,"href":"https:\/\/fatoelado.com\/index.php?rest_route=%2Fwp%2Fv2%2Ftags&post=18521"}],"curies":[{"name":"wp","href":"https:\/\/api.w.org\/{rel}","templated":true}]}}