{"id":18518,"date":"2026-03-10T11:09:19","date_gmt":"2026-03-10T14:09:19","guid":{"rendered":"https:\/\/fatoelado.com\/?p=18518"},"modified":"2026-03-10T11:09:19","modified_gmt":"2026-03-10T14:09:19","slug":"idolo-sao-paulino-pode-ter-sido-o-pivo-da-saida-do-tecnico-crespo-entenda-a-polemica","status":"publish","type":"post","link":"https:\/\/fatoelado.com\/?p=18518","title":{"rendered":"\u00cddolo s\u00e3o paulino pode ter sido o piv\u00f4 da sa\u00edda do t\u00e9cnico Crespo; entenda a pol\u00eamica"},"content":{"rendered":"<h2 class=\"article-subtitle\" style=\"text-align: center;\">Declara\u00e7\u00f5es p\u00fablicas e epis\u00f3dios internos marcaram tens\u00e3o na rela\u00e7\u00e3o entre meia e treinador no Tricolor<\/h2>\n<p>&nbsp;<\/p>\n<div class=\"article-image-featured\" style=\"text-align: center;\"><img decoding=\"async\" class=\"i-amphtml-fill-content i-amphtml-replaced-content aligncenter\" src=\"https:\/\/www.meionews.com\/uploads\/imagens\/2026\/3\/10\/lucas-moura-e-crespo--75773b91bd8cd75a.jpg\" alt=\"Lucas Moura e Crespo  | Reprodu\u00e7\u00e3o\" data-amp-loading=\"lazy\" \/><small>Lucas Moura e Crespo | Foto: Reprodu\u00e7\u00e3o<\/small><\/div>\n<div class=\"g-news\"><\/div>\n<div class=\"article-html\">\n<div class=\"article-html-more\">\n<p>Apesar de nunca ter sido dito de forma oficial, a sa\u00edda de\u00a0<strong>Hern\u00e1n Crespo<\/strong>\u00a0da lideran\u00e7a do S\u00e3o Paulo pode ter sido motivada por momentos de desgaste com o jogador Lucas Moura.<span class=\"highlight\"> O meia e \u00eddolo do time teria ficado incomodado com algumas declara\u00e7\u00f5es do argentino.<\/span><\/p>\n<p>Em um epis\u00f3dio espec\u00edfico aconteceu durante uma entrevista concedida por Crespo em que ele afirmou que gostaria de contar com<strong>\u00a0\u201cjogadores com sa\u00fade\u201d<\/strong>. Na \u00e9poca, Moura estava debilitado por quest\u00f5es de sa\u00fade e n\u00e3o gostou nada da fala do ex-t\u00e9cnico que foi interpretada como uma cr\u00edtica a ele.<\/p>\n<p class=\"ads\">\n<h2>DESCONTO E INDIRETAS<\/h2>\n<p>Em outro momento Hern\u00e1n declarou que\u00a0<strong>\u201cjogava at\u00e9 na neve<\/strong>\u201d quando questionado sobre gramado sint\u00e9tico. A fala mais uma vez gerou inc\u00f4modo no jogador.\u00a0<span class=\"highlight\">Bastidores do futebol apontam que o meia teria considerado a declara\u00e7\u00e3o algo desnecess\u00e1rio. \u00a0<\/span><\/p>\n<p>Al\u00e9m das falas pol\u00eamicas, uma outra situa\u00e7\u00e3o pode ter agravado a situa\u00e7\u00e3o ap\u00f3s o volante Alisson, que \u00e9 pr\u00f3ximo a Lucas,ter sido \u00a0transferido para o Fluminense. O epis\u00f3dio gerou coment\u00e1rios dentro do elenco e mais uma vez Lucas se desagradou de como a saia do amigo foi conduzida.<\/p>\n<p>&nbsp;<\/p>\n<div class=\"dimg\"><img decoding=\"async\" class=\"i-amphtml-intrinsic-sizer\" role=\"presentation\" src=\"data:;base64,<svg height=\"800px\" width=\"1201px\" xmlns=\"http:\/\/www.w3.org\/2000\/svg\" version=\"1.1\"\/>&#8221; alt=&#8221;&#8221; aria-hidden=&#8221;true&#8221; \/><img decoding=\"async\" class=\"i-amphtml-fill-content i-amphtml-replaced-content\" src=\"https:\/\/www.meionews.com\/uploads\/imagens\/2026\/3\/10\/idolo-sao-paulino-pode-ter-sido-o-pivo-da-saida-do-tecnico-crespo--63b552b732cd3057.jpg\" alt=\"Lucas Moura em treino da sele\u00e7\u00e3o brasileira - Foto: Divulga\u00e7\u00e3o\u00a0\" data-amp-loading=\"lazy\" \/><\/div>\n<p><span class=\"fr-inner\">Lucas Moura em treino da sele\u00e7\u00e3o brasileira &#8211; Foto: Divulga\u00e7\u00e3o\u00a0<\/span>&nbsp;<\/p>\n<p>Outro momento que chamou aten\u00e7\u00e3o ocorreu ap\u00f3s um gol do S\u00e3o Paulo em jogada de bola parada contra o Bragantino. Na coletiva ap\u00f3s a partida, Crespo afirmou que a jogada havia sido treinada pela comiss\u00e3o t\u00e9cnica. Lucas, por sua vez, declarou que o lance surgiu do instinto dos jogadores em campo. As diferentes vers\u00f5es repercutiram entre torcedores.<\/p>\n<h2>VIS\u00c3O DO ELENCO E SA\u00cdDA DE CRESPO<\/h2>\n<p>Apesar de todos os epis\u00f3dios relatados, Lucas Moura n\u00e3o teria articulado movimenta\u00e7\u00f5es para a sa\u00edda do t\u00e9cnico do time.<\/p>\n<p>Em contrapartida, jogadores\u00a0como Luciano e Jonathan Calleri, tinham rela\u00e7\u00e3o positiva com Crespo, ou seja, a vis\u00e3o do elenco sobre a situa\u00e7\u00e3o divergia.<\/p>\n<p>Hern\u00e1n Crespo foi demitido do S\u00e3o Paulo ainda nesta segunda-feira (9) ap\u00f3s reuni\u00e3o com a diretoria tricolor no Centro de Treinamento na Barra Funda, e nem comanda a equipe contra a Chapecoense, na pr\u00f3xima quinta-feira (12), no Canind\u00e9, pela volta do Brasileir\u00e3o.<\/p>\n<p class=\"ads\">\n<div class=\"article-share_buttons2 article-share\">\n<div class=\"share_buttons\">\n<div class=\"buttons\">\n<p>Fonte: Portal MeioNews.<br \/>\nConfira esta e outras mat\u00e9rias na \u00edntegra pelo link:<\/p>\n<\/div>\n<\/div>\n<\/div>\n<\/div>\n<\/div>\n","protected":false},"excerpt":{"rendered":"<p>Declara\u00e7\u00f5es p\u00fablicas e epis\u00f3dios internos marcaram tens\u00e3o na rela\u00e7\u00e3o entre meia e treinador no Tricolor &nbsp; Lucas Moura e Crespo | Foto: Reprodu\u00e7\u00e3o Apesar de nunca ter sido dito de forma oficial, a sa\u00edda de\u00a0Hern\u00e1n Crespo\u00a0da lideran\u00e7a do S\u00e3o Paulo pode ter sido motivada por momentos de desgaste com o jogador Lucas Moura. O meia [&hellip;]<\/p>\n","protected":false},"author":3,"featured_media":18519,"comment_status":"open","ping_status":"open","sticky":false,"template":"","format":"standard","meta":{"om_disable_all_campaigns":false,"_monsterinsights_skip_tracking":false,"_monsterinsights_sitenote_active":false,"_monsterinsights_sitenote_note":"","_monsterinsights_sitenote_category":0,"footnotes":""},"categories":[48],"tags":[],"class_list":["post-18518","post","type-post","status-publish","format-standard","has-post-thumbnail","hentry","category-esportes"],"jetpack_featured_media_url":"https:\/\/fatoelado.com\/wp-content\/uploads\/2026\/03\/lucas-moura-e-crespo-75773b91bd8cd75a.jpg","_links":{"self":[{"href":"https:\/\/fatoelado.com\/index.php?rest_route=\/wp\/v2\/posts\/18518","targetHints":{"allow":["GET"]}}],"collection":[{"href":"https:\/\/fatoelado.com\/index.php?rest_route=\/wp\/v2\/posts"}],"about":[{"href":"https:\/\/fatoelado.com\/index.php?rest_route=\/wp\/v2\/types\/post"}],"author":[{"embeddable":true,"href":"https:\/\/fatoelado.com\/index.php?rest_route=\/wp\/v2\/users\/3"}],"replies":[{"embeddable":true,"href":"https:\/\/fatoelado.com\/index.php?rest_route=%2Fwp%2Fv2%2Fcomments&post=18518"}],"version-history":[{"count":1,"href":"https:\/\/fatoelado.com\/index.php?rest_route=\/wp\/v2\/posts\/18518\/revisions"}],"predecessor-version":[{"id":18520,"href":"https:\/\/fatoelado.com\/index.php?rest_route=\/wp\/v2\/posts\/18518\/revisions\/18520"}],"wp:featuredmedia":[{"embeddable":true,"href":"https:\/\/fatoelado.com\/index.php?rest_route=\/wp\/v2\/media\/18519"}],"wp:attachment":[{"href":"https:\/\/fatoelado.com\/index.php?rest_route=%2Fwp%2Fv2%2Fmedia&parent=18518"}],"wp:term":[{"taxonomy":"category","embeddable":true,"href":"https:\/\/fatoelado.com\/index.php?rest_route=%2Fwp%2Fv2%2Fcategories&post=18518"},{"taxonomy":"post_tag","embeddable":true,"href":"https:\/\/fatoelado.com\/index.php?rest_route=%2Fwp%2Fv2%2Ftags&post=18518"}],"curies":[{"name":"wp","href":"https:\/\/api.w.org\/{rel}","templated":true}]}}