{"id":18512,"date":"2026-03-09T21:50:13","date_gmt":"2026-03-10T00:50:13","guid":{"rendered":"https:\/\/fatoelado.com\/?p=18512"},"modified":"2026-03-09T21:50:13","modified_gmt":"2026-03-10T00:50:13","slug":"estudante-da-rede-estadual-de-brasileira-conquista-aprovacao-em-medicina-na-ufdpar","status":"publish","type":"post","link":"https:\/\/fatoelado.com\/?p=18512","title":{"rendered":"Estudante da rede estadual de Brasileira conquista aprova\u00e7\u00e3o em Medicina na UFDPar"},"content":{"rendered":"<h2 class=\"elementor-heading-title elementor-size-default\" style=\"text-align: center;\">Filho de pedreiro e de dona de casa, Wederson Rodrigues\u00a0\u00e9 ex-aluno do Ceti Miguel Arcoverde.\u00a0Ele superou desafios e transformou a dedica\u00e7\u00e3o aos estudos em aprova\u00e7\u00e3o pelo Sisu.<\/h2>\n<p>&nbsp;<\/p>\n<p>O estudante Wederson Rodrigues da Silva, de 18 anos, acaba de transformar um sonho que parecia distante em realidade. Ele foi aprovado no curso de Medicina da Universidade Federal do Delta do Parna\u00edba (UFDPar), em Parna\u00edba, pela segunda chamada do Sistema de Sele\u00e7\u00e3o Unificada (Sisu), por meio de cotas sociais.<\/p>\n<p>Filho do pedreiro Edvaldo Rodrigues e da dona de casa Raimunda Lopes, Wederson construiu toda a sua trajet\u00f3ria escolar na rede p\u00fablica e concluiu o ensino m\u00e9dio no Centro Estadual de Tempo Integral (Ceti) Miguel Arcoverde, no munic\u00edpio de Brasileira, a cerca de 180 quil\u00f4metros de Teresina.<\/p>\n<figure id=\"attachment_121744\" class=\"wp-caption alignnone\" aria-describedby=\"caption-attachment-121744\"><img loading=\"lazy\" decoding=\"async\" class=\"wp-image-121744 size-full\" src=\"https:\/\/www.pi.gov.br\/wp-content\/uploads\/2026\/03\/Estudante-Wederson-Rodrigues-scaled.jpeg\" sizes=\"auto, (max-width: 2560px) 100vw, 2560px\" srcset=\"https:\/\/www.pi.gov.br\/wp-content\/uploads\/2026\/03\/Estudante-Wederson-Rodrigues-scaled.jpeg 2560w, https:\/\/www.pi.gov.br\/wp-content\/uploads\/2026\/03\/Estudante-Wederson-Rodrigues-300x169.jpeg 300w, https:\/\/www.pi.gov.br\/wp-content\/uploads\/2026\/03\/Estudante-Wederson-Rodrigues-1024x576.jpeg 1024w, https:\/\/www.pi.gov.br\/wp-content\/uploads\/2026\/03\/Estudante-Wederson-Rodrigues-768x432.jpeg 768w, https:\/\/www.pi.gov.br\/wp-content\/uploads\/2026\/03\/Estudante-Wederson-Rodrigues-1536x864.jpeg 1536w, https:\/\/www.pi.gov.br\/wp-content\/uploads\/2026\/03\/Estudante-Wederson-Rodrigues-2048x1153.jpeg 2048w\" alt=\"\" width=\"2560\" height=\"1441\" \/><figcaption id=\"caption-attachment-121744\" class=\"wp-caption-text\">Foto: Acervo pessoal<\/figcaption><\/figure>\n<p>\u201cMedicina parecia um sonho distante. Por\u00e9m, eu busquei fazer o meu melhor a cada dia. O que me motivou a continuar foi principalmente ver a luta do meu pai e da minha m\u00e3e e o quanto eles se esfor\u00e7aram por mim\u201d, conta o estudante.<\/p>\n<p><strong>Fam\u00edlia como inspira\u00e7\u00e3o<\/strong><\/p>\n<p>A conquista de Wederson \u00e9 tamb\u00e9m fruto da perseveran\u00e7a dos pais. O pai estudou at\u00e9 a 3\u00aa s\u00e9rie do ensino fundamental e a m\u00e3e at\u00e9 a 5\u00aa s\u00e9rie. Ainda assim, sempre fizeram quest\u00e3o de incentivar o filho a seguir nos estudos. \u201cMinha m\u00e3e sempre me aconselhava: \u2018N\u00e3o desista, persista, meu filho\u2019. E meu pai dizia: \u2018Estude, meu filho, n\u00e3o perca essa chance que eu n\u00e3o tive\u2019\u201d, relembra.<\/p>\n<figure id=\"attachment_121746\" class=\"wp-caption alignnone\" aria-describedby=\"caption-attachment-121746\"><img loading=\"lazy\" decoding=\"async\" class=\"wp-image-121746 size-full\" src=\"https:\/\/www.pi.gov.br\/wp-content\/uploads\/2026\/03\/Estudante-Wederson-Rodrigues-Familia91.jpeg\" sizes=\"auto, (max-width: 871px) 100vw, 871px\" srcset=\"https:\/\/www.pi.gov.br\/wp-content\/uploads\/2026\/03\/Estudante-Wederson-Rodrigues-Familia91.jpeg 871w, https:\/\/www.pi.gov.br\/wp-content\/uploads\/2026\/03\/Estudante-Wederson-Rodrigues-Familia91-300x196.jpeg 300w, https:\/\/www.pi.gov.br\/wp-content\/uploads\/2026\/03\/Estudante-Wederson-Rodrigues-Familia91-768x503.jpeg 768w\" alt=\"\" width=\"871\" height=\"570\" \/><figcaption id=\"caption-attachment-121746\" class=\"wp-caption-text\">O estudante Wederson ao lado dos pais, Edvaldo Rodrigues e Raimunda Lopes. Foto: Acervo pessoal.<\/figcaption><\/figure>\n<p>Quando recebeu a not\u00edcia da aprova\u00e7\u00e3o, a emo\u00e7\u00e3o tomou conta da fam\u00edlia. \u201cA primeira coisa que pensei foi em toda a minha trajet\u00f3ria e no orgulho que dei aos meus pais. Eles me abra\u00e7aram, choraram muito, principalmente minha m\u00e3e. Apesar da preocupa\u00e7\u00e3o por eu ter que estudar longe, eles sabem que isso \u00e9 o melhor para o meu futuro\u201d, relata. Wederson tamb\u00e9m destaca o apoio do irm\u00e3o, Darlyson, que mora em S\u00e3o Paulo e sempre o incentivou a continuar estudando.<\/p>\n<p><strong>Rotina de estudos desde as 4h da manh\u00e3<\/strong><\/p>\n<p>A conquista tamb\u00e9m \u00e9 resultado de uma rotina disciplinada na prepara\u00e7\u00e3o para o Enem e nos estudos no Ensino M\u00e9dio de Tempo Integral integrado ao Curso T\u00e9cnico em Desenvolvimento de Sistemas.<\/p>\n<p>No curr\u00edculo est\u00e3o medalhas na Olimp\u00edada Brasileira de Matem\u00e1tica das Escolas P\u00fablicas (OBMEP), sendo prata (2024) e bronze (2025), al\u00e9m da monitoria de Matem\u00e1tica no Programa Oportunidade Jovem, da Secretaria de Estado da Educa\u00e7\u00e3o (Seduc).<\/p>\n<p>\u201cEu acordava entre quatro e cinco horas da madrugada para estudar antes de ir para a escola. Durante o dia, aproveitava os intervalos das aulas para revisar conte\u00fados. Quando chegava em casa, ia para a academia e estudava mais um pouco at\u00e9 por volta das 21h, para poder dormir cedo e repetir a rotina no dia seguinte\u201d, explica.<\/p>\n<figure id=\"attachment_121751\" class=\"wp-caption alignnone\" aria-describedby=\"caption-attachment-121751\"><img loading=\"lazy\" decoding=\"async\" class=\"wp-image-121751 size-full\" src=\"https:\/\/www.pi.gov.br\/wp-content\/uploads\/2026\/03\/WhatsApp-Image-2026-03-09-at-13.20.36a.jpeg\" sizes=\"auto, (max-width: 807px) 100vw, 807px\" srcset=\"https:\/\/www.pi.gov.br\/wp-content\/uploads\/2026\/03\/WhatsApp-Image-2026-03-09-at-13.20.36a.jpeg 807w, https:\/\/www.pi.gov.br\/wp-content\/uploads\/2026\/03\/WhatsApp-Image-2026-03-09-at-13.20.36a-300x200.jpeg 300w, https:\/\/www.pi.gov.br\/wp-content\/uploads\/2026\/03\/WhatsApp-Image-2026-03-09-at-13.20.36a-768x513.jpeg 768w\" alt=\"\" width=\"807\" height=\"539\" \/><figcaption id=\"caption-attachment-121751\" class=\"wp-caption-text\">Foto: Acervo pessoal<\/figcaption><\/figure>\n<p>Leitor ass\u00edduo, o estudante buscou fortalecer principalmente as \u00e1reas de exatas, ci\u00eancias da natureza e reda\u00e7\u00e3o. \u201cNa escola tive uma base s\u00f3lida, principalmente em Matem\u00e1tica, ent\u00e3o s\u00f3 precisei revisar alguns assuntos. Foquei em exatas, ci\u00eancias e reda\u00e7\u00e3o. J\u00e1 para humanas, sempre treinei a interpreta\u00e7\u00e3o\u201d, conta.<\/p>\n<p><strong>Sonho de cuidar de pessoas<\/strong><\/p>\n<p>Agora, prestes a iniciar a gradua\u00e7\u00e3o, Wederson j\u00e1 tem um prop\u00f3sito claro para o futuro. \u201cEscolhi Medicina porque quero tratar e ajudar as pessoas. Quero ser um m\u00e9dico em quem as pessoas possam confiar e que inspire outros jovens a seguirem o caminho da educa\u00e7\u00e3o\u201d, afirma.<\/p>\n<p>Foto: Acervo pessoal.<\/p>\n<p><strong>Investimento na educa\u00e7\u00e3o p\u00fablica<\/strong><\/p>\n<p>Para o secret\u00e1rio de Estado da Educa\u00e7\u00e3o, Rodrigo Torres, hist\u00f3rias como a de Wederson refor\u00e7am o impacto dos investimentos feitos na educa\u00e7\u00e3o p\u00fablica do Piau\u00ed. \u201cResultados como esse mostram que a educa\u00e7\u00e3o p\u00fablica do Piau\u00ed est\u00e1 transformando vidas e abrindo portas para que nossos estudantes ocupem espa\u00e7os cada vez maiores nas universidades e no mercado de trabalho\u201d, destaca o secret\u00e1rio.<\/p>\n<p>&nbsp;<\/p>\n<p>Fonte: Portal pi.Gov.<br \/>\nConfira esta e outras mat\u00e9rias na \u00edntegra pelo link: https:\/\/www.pi.gov.br\/estudante-da-rede-estadual-de-brasileira-conquista-aprovacao-em-medicina-na-ufdpar\/<\/p>\n","protected":false},"excerpt":{"rendered":"<p>Filho de pedreiro e de dona de casa, Wederson Rodrigues\u00a0\u00e9 ex-aluno do Ceti Miguel Arcoverde.\u00a0Ele superou desafios e transformou a dedica\u00e7\u00e3o aos estudos em aprova\u00e7\u00e3o pelo Sisu. &nbsp; O estudante Wederson Rodrigues da Silva, de 18 anos, acaba de transformar um sonho que parecia distante em realidade. Ele foi aprovado no curso de Medicina da [&hellip;]<\/p>\n","protected":false},"author":3,"featured_media":18513,"comment_status":"open","ping_status":"open","sticky":false,"template":"","format":"standard","meta":{"om_disable_all_campaigns":false,"_monsterinsights_skip_tracking":false,"_monsterinsights_sitenote_active":false,"_monsterinsights_sitenote_note":"","_monsterinsights_sitenote_category":0,"footnotes":""},"categories":[33],"tags":[],"class_list":["post-18512","post","type-post","status-publish","format-standard","has-post-thumbnail","hentry","category-piaui"],"jetpack_featured_media_url":"https:\/\/fatoelado.com\/wp-content\/uploads\/2026\/03\/Estudante-Wederson-Rodrigues-2048x1153-1.jpeg","_links":{"self":[{"href":"https:\/\/fatoelado.com\/index.php?rest_route=\/wp\/v2\/posts\/18512","targetHints":{"allow":["GET"]}}],"collection":[{"href":"https:\/\/fatoelado.com\/index.php?rest_route=\/wp\/v2\/posts"}],"about":[{"href":"https:\/\/fatoelado.com\/index.php?rest_route=\/wp\/v2\/types\/post"}],"author":[{"embeddable":true,"href":"https:\/\/fatoelado.com\/index.php?rest_route=\/wp\/v2\/users\/3"}],"replies":[{"embeddable":true,"href":"https:\/\/fatoelado.com\/index.php?rest_route=%2Fwp%2Fv2%2Fcomments&post=18512"}],"version-history":[{"count":1,"href":"https:\/\/fatoelado.com\/index.php?rest_route=\/wp\/v2\/posts\/18512\/revisions"}],"predecessor-version":[{"id":18514,"href":"https:\/\/fatoelado.com\/index.php?rest_route=\/wp\/v2\/posts\/18512\/revisions\/18514"}],"wp:featuredmedia":[{"embeddable":true,"href":"https:\/\/fatoelado.com\/index.php?rest_route=\/wp\/v2\/media\/18513"}],"wp:attachment":[{"href":"https:\/\/fatoelado.com\/index.php?rest_route=%2Fwp%2Fv2%2Fmedia&parent=18512"}],"wp:term":[{"taxonomy":"category","embeddable":true,"href":"https:\/\/fatoelado.com\/index.php?rest_route=%2Fwp%2Fv2%2Fcategories&post=18512"},{"taxonomy":"post_tag","embeddable":true,"href":"https:\/\/fatoelado.com\/index.php?rest_route=%2Fwp%2Fv2%2Ftags&post=18512"}],"curies":[{"name":"wp","href":"https:\/\/api.w.org\/{rel}","templated":true}]}}