{"id":18498,"date":"2026-03-10T05:43:18","date_gmt":"2026-03-10T08:43:18","guid":{"rendered":"https:\/\/fatoelado.com\/?p=18498"},"modified":"2026-03-09T21:44:00","modified_gmt":"2026-03-10T00:44:00","slug":"teresina-tem-740-cameras-e-spia-sera-ampliado-para-seis-municipios-do-piaui","status":"publish","type":"post","link":"https:\/\/fatoelado.com\/?p=18498","title":{"rendered":"Teresina tem 740 c\u00e2meras e SPIA ser\u00e1 ampliado para seis munic\u00edpios do Piau\u00ed"},"content":{"rendered":"<p><img decoding=\"async\" class=\"alignnone\" src=\"https:\/\/cidadeverde.com\/assets\/uploads\/colecoes\/2\/2026\/01\/spia-cameras-monitoramento.jpg\" alt=\"spia-cameras-monitoramento.jpg\" \/><\/p>\n<p data-end=\"398\" data-start=\"87\">O\u00a0<strong data-end=\"144\" data-start=\"89\">Sistema de Policiamento Inteligente do Piau\u00ed (SPIA)<\/strong>\u00a0j\u00e1 conta com\u00a0<strong data-end=\"221\" data-start=\"158\">mais de 740 c\u00e2meras de monitoramento instaladas em Teresina<\/strong>, segundo informou nesta segunda-feira (9) o diretor da\u00a0<strong data-end=\"371\" data-start=\"277\">Diretoria de Intelig\u00eancia Estrat\u00e9gica da Secretaria de Seguran\u00e7a P\u00fablica do Piau\u00ed (SSP-PI)<\/strong>, delegado\u00a0<strong data-end=\"397\" data-start=\"382\">Yan Brayner<\/strong>.<\/p>\n<p data-end=\"573\" data-start=\"400\">De acordo com o delegado, o sistema j\u00e1 alcan\u00e7ou\u00a0<strong data-end=\"501\" data-start=\"448\">72% de execu\u00e7\u00e3o da instala\u00e7\u00e3o prevista na capital<\/strong>. A expectativa \u00e9 ampliar ainda mais o monitoramento nos pr\u00f3ximos meses.<\/p>\n<blockquote>\n<p data-end=\"775\" data-start=\"575\">\u201cHoje a gente est\u00e1 com\u00a0<strong data-end=\"662\" data-start=\"598\">72% de execu\u00e7\u00e3o da instala\u00e7\u00e3o de c\u00e2meras no SPIA em Teresina<\/strong>, o que equivale a\u00a0<strong data-end=\"715\" data-start=\"681\">mais de 740 c\u00e2meras instaladas<\/strong>.\u00a0<strong data-end=\"764\" data-start=\"717\">Mais 15 c\u00e2meras ser\u00e3o instaladas na capital<\/strong>\u201d, afirmou.<\/p>\n<\/blockquote>\n<p data-end=\"997\" data-start=\"777\">Segundo Yan Brayner, o SPIA atua de forma integrada com as for\u00e7as de seguran\u00e7a e auxilia tanto no\u00a0<strong data-end=\"902\" data-start=\"875\">policiamento preventivo<\/strong>\u00a0quanto nas\u00a0<strong data-end=\"941\" data-start=\"914\">investiga\u00e7\u00f5es criminais<\/strong>, j\u00e1 que o sistema monitora as principais vias p\u00fablicas.<\/p>\n<blockquote>\n<p data-end=\"1224\" data-start=\"999\">\u201cO SPIA abrange\u00a0<strong data-end=\"1043\" data-start=\"1015\">toda a seguran\u00e7a p\u00fablica<\/strong>, n\u00e3o somente a Pol\u00edcia Civil. Ele atua tanto no\u00a0<strong data-end=\"1140\" data-start=\"1092\">policiamento preventivo quanto no repressivo<\/strong>, monitorando as vias p\u00fablicas, que s\u00e3o onde a maioria dos crimes ocorre\u201d, explicou.<\/p>\n<\/blockquote>\n<h2 data-end=\"1268\" data-start=\"1226\"><strong>Monitoramento tamb\u00e9m avan\u00e7a no litoral<\/strong><\/h2>\n<p data-end=\"1481\" data-start=\"1270\">O diretor tamb\u00e9m destacou o avan\u00e7o da implanta\u00e7\u00e3o do sistema no litoral do estado. Em\u00a0<strong data-end=\"1368\" data-start=\"1356\">Parna\u00edba<\/strong>, j\u00e1 foram instaladas\u00a0<strong data-end=\"1404\" data-start=\"1390\">42 c\u00e2meras<\/strong>, o que representa cerca de\u00a0<strong data-end=\"1480\" data-start=\"1432\">42% da primeira fase do projeto no munic\u00edpio<\/strong>.<\/p>\n<p data-end=\"1614\" data-start=\"1483\">Segundo ele, um\u00a0<strong data-end=\"1521\" data-start=\"1499\">aditivo contratual<\/strong>\u00a0dever\u00e1 ampliar o n\u00famero de equipamentos tanto na capital quanto em outras regi\u00f5es do estado.<\/p>\n<blockquote>\n<p data-end=\"1798\" data-start=\"1616\">\u201cLogo haver\u00e1 um\u00a0<strong data-end=\"1700\" data-start=\"1632\">aditivo contratual que permitir\u00e1 ampliar a quantidade de c\u00e2meras<\/strong>\u00a0tanto aqui na capital e no litoral quanto em cidades da regi\u00e3o metropolitana de Teresina\u201d, disse.<\/p>\n<\/blockquote>\n<p>&nbsp;<\/p>\n<h2 data-end=\"1834\" data-start=\"1800\"><strong>Expans\u00e3o para novos munic\u00edpios<\/strong><\/h2>\n<p data-end=\"2003\" data-start=\"1836\">A Secretaria de Seguran\u00e7a tamb\u00e9m prev\u00ea ampliar o sistema de monitoramento para\u00a0<strong data-end=\"1941\" data-start=\"1915\">novas cidades do Piau\u00ed<\/strong>. Entre os munic\u00edpios que devem receber c\u00e2meras do SPIA est\u00e3o:<\/p>\n<ul data-end=\"2117\" data-start=\"2005\">\n<li data-end=\"2025\" data-start=\"2005\">\n<p data-end=\"2025\" data-start=\"2007\"><strong data-end=\"2023\" data-start=\"2007\">Lu\u00eds Correia<\/strong><\/p>\n<\/li>\n<li data-end=\"2051\" data-start=\"2026\">\n<p data-end=\"2051\" data-start=\"2028\"><strong data-end=\"2049\" data-start=\"2028\">Cajueiro da Praia<\/strong><\/p>\n<\/li>\n<li data-end=\"2075\" data-start=\"2052\">\n<p data-end=\"2075\" data-start=\"2054\"><strong data-end=\"2073\" data-start=\"2054\">Jos\u00e9 de Freitas<\/strong><\/p>\n<\/li>\n<li data-end=\"2091\" data-start=\"2076\">\n<p data-end=\"2091\" data-start=\"2078\"><strong data-end=\"2089\" data-start=\"2078\">Naz\u00e1ria<\/strong><\/p>\n<\/li>\n<li data-end=\"2105\" data-start=\"2092\">\n<p data-end=\"2105\" data-start=\"2094\"><strong data-end=\"2103\" data-start=\"2094\">Uni\u00e3o<\/strong><\/p>\n<\/li>\n<li data-end=\"2117\" data-start=\"2106\">\n<p data-end=\"2117\" data-start=\"2108\"><strong data-end=\"2117\" data-start=\"2108\">Altos<\/strong><\/p>\n<\/li>\n<\/ul>\n<p data-end=\"2279\" data-is-last-node=\"\" data-is-only-node=\"\" data-start=\"2119\">A amplia\u00e7\u00e3o do sistema faz parte da estrat\u00e9gia da SSP-PI de\u00a0<strong data-end=\"2278\" data-start=\"2179\">integrar tecnologia e intelig\u00eancia policial para fortalecer o combate \u00e0 criminalidade no estado<\/strong>.<\/p>\n<p data-end=\"2279\" data-is-last-node=\"\" data-is-only-node=\"\" data-start=\"2119\">\n<p data-end=\"2279\" data-is-last-node=\"\" data-is-only-node=\"\" data-start=\"2119\">Fonte: Portal CidadeVerde.<br \/>\nConfira esta e outras mat\u00e9rias na \u00edntegra pelo link: https:\/\/cidadeverde.com\/noticias\/452149\/teresina-tem-740-cameras-e-spia-sera-ampliado-para-seis-municipios-do-piaui<\/p>\n","protected":false},"excerpt":{"rendered":"<p>O\u00a0Sistema de Policiamento Inteligente do Piau\u00ed (SPIA)\u00a0j\u00e1 conta com\u00a0mais de 740 c\u00e2meras de monitoramento instaladas em Teresina, segundo informou nesta segunda-feira (9) o diretor da\u00a0Diretoria de Intelig\u00eancia Estrat\u00e9gica da Secretaria de Seguran\u00e7a P\u00fablica do Piau\u00ed (SSP-PI), delegado\u00a0Yan Brayner. De acordo com o delegado, o sistema j\u00e1 alcan\u00e7ou\u00a072% de execu\u00e7\u00e3o da instala\u00e7\u00e3o prevista na capital. A [&hellip;]<\/p>\n","protected":false},"author":3,"featured_media":18499,"comment_status":"open","ping_status":"open","sticky":false,"template":"","format":"standard","meta":{"om_disable_all_campaigns":false,"_monsterinsights_skip_tracking":false,"_monsterinsights_sitenote_active":false,"_monsterinsights_sitenote_note":"","_monsterinsights_sitenote_category":0,"footnotes":""},"categories":[33],"tags":[],"class_list":["post-18498","post","type-post","status-publish","format-standard","has-post-thumbnail","hentry","category-piaui"],"jetpack_featured_media_url":"https:\/\/fatoelado.com\/wp-content\/uploads\/2026\/03\/spia-cameras-monitoramento.jpg","_links":{"self":[{"href":"https:\/\/fatoelado.com\/index.php?rest_route=\/wp\/v2\/posts\/18498","targetHints":{"allow":["GET"]}}],"collection":[{"href":"https:\/\/fatoelado.com\/index.php?rest_route=\/wp\/v2\/posts"}],"about":[{"href":"https:\/\/fatoelado.com\/index.php?rest_route=\/wp\/v2\/types\/post"}],"author":[{"embeddable":true,"href":"https:\/\/fatoelado.com\/index.php?rest_route=\/wp\/v2\/users\/3"}],"replies":[{"embeddable":true,"href":"https:\/\/fatoelado.com\/index.php?rest_route=%2Fwp%2Fv2%2Fcomments&post=18498"}],"version-history":[{"count":1,"href":"https:\/\/fatoelado.com\/index.php?rest_route=\/wp\/v2\/posts\/18498\/revisions"}],"predecessor-version":[{"id":18500,"href":"https:\/\/fatoelado.com\/index.php?rest_route=\/wp\/v2\/posts\/18498\/revisions\/18500"}],"wp:featuredmedia":[{"embeddable":true,"href":"https:\/\/fatoelado.com\/index.php?rest_route=\/wp\/v2\/media\/18499"}],"wp:attachment":[{"href":"https:\/\/fatoelado.com\/index.php?rest_route=%2Fwp%2Fv2%2Fmedia&parent=18498"}],"wp:term":[{"taxonomy":"category","embeddable":true,"href":"https:\/\/fatoelado.com\/index.php?rest_route=%2Fwp%2Fv2%2Fcategories&post=18498"},{"taxonomy":"post_tag","embeddable":true,"href":"https:\/\/fatoelado.com\/index.php?rest_route=%2Fwp%2Fv2%2Ftags&post=18498"}],"curies":[{"name":"wp","href":"https:\/\/api.w.org\/{rel}","templated":true}]}}