{"id":18491,"date":"2026-03-10T05:40:02","date_gmt":"2026-03-10T08:40:02","guid":{"rendered":"https:\/\/fatoelado.com\/?p=18491"},"modified":"2026-03-09T21:41:27","modified_gmt":"2026-03-10T00:41:27","slug":"lula-cita-risco-de-invasao-em-encontro-com-presidente-da-africa-do-sul","status":"publish","type":"post","link":"https:\/\/fatoelado.com\/?p=18491","title":{"rendered":"Lula cita risco de invas\u00e3o em encontro com presidente da \u00c1frica do Sul"},"content":{"rendered":"<h2 class=\"article-subtitle\" style=\"text-align: center;\">Presidente destacou coopera\u00e7\u00e3o com a \u00c1frica do Sul e criticou conflitos globais<\/h2>\n<p>&nbsp;<\/p>\n<div class=\"article-image-featured\" style=\"text-align: center;\"><img decoding=\"async\" class=\"i-amphtml-fill-content i-amphtml-replaced-content aligncenter\" src=\"https:\/\/www.meionews.com\/uploads\/imagens\/2026\/3\/9\/lula-e-cyril-ramaphosa-presidente-da-africa-do-sul-no-palacio-do-planalto--5575e156b9ca55f9.jpg\" alt=\"Lula e Cyril Ramaphosa, presidente da \u00c1frica do Sul, no Pal\u00e1cio do Planalto. | Ricardo Stuckert\/ Presid\u00eancia da Rep\u00fablica \" data-amp-loading=\"lazy\" \/><small>Lula e Cyril Ramaphosa, presidente da \u00c1frica do Sul, no Pal\u00e1cio do Planalto. | Foto: Ricardo Stuckert\/ Presid\u00eancia da Rep\u00fablica<\/small><\/div>\n<div class=\"g-news\"><\/div>\n<div class=\"article-html\">\n<div class=\"article-html-more\">\n<p>O presidente\u00a0<strong data-end=\"217\" data-start=\"183\">Luiz In\u00e1cio Lula da Silva (PT)<\/strong>\u00a0afirmou nesta segunda-feira (9) que pa\u00edses como\u00a0<strong data-end=\"331\" data-start=\"266\">Brasil e \u00c1frica do Sul precisam se preparar na \u00e1rea de defesa<\/strong>, sob risco de sofrerem invas\u00f5es no futuro. A declara\u00e7\u00e3o foi dada durante encontro com o presidente sul-africano\u00a0<strong data-end=\"463\" data-start=\"444\">Cyril Ramaphosa<\/strong>, no\u00a0<strong data-end=\"491\" data-start=\"468\">Pal\u00e1cio do Planalto<\/strong>, em Bras\u00edlia, onde os dois l\u00edderes tamb\u00e9m assinaram acordos para ampliar as rela\u00e7\u00f5es entre os pa\u00edses.<\/p>\n<p>Durante a declara\u00e7\u00e3o conjunta \u00e0 imprensa, Lula ressaltou que\u00a0<strong data-end=\"696\" data-start=\"656\">a Am\u00e9rica do Sul \u00e9 uma regi\u00e3o de paz<\/strong>, mas defendeu que as na\u00e7\u00f5es n\u00e3o podem deixar de investir em mecanismos de prote\u00e7\u00e3o e coopera\u00e7\u00e3o estrat\u00e9gica.<\/p>\n<h2 data-end=\"834\" data-section-id=\"901v1v\" data-start=\"807\"><strong data-end=\"834\" data-start=\"810\">Coopera\u00e7\u00e3o em defesa<\/strong><\/h2>\n<p>Ao comentar a rela\u00e7\u00e3o entre os dois pa\u00edses, Lula destacou que\u00a0<strong data-end=\"972\" data-start=\"898\">Brasil e \u00c1frica do Sul t\u00eam necessidades semelhantes no campo da defesa<\/strong>\u00a0e podem trabalhar juntos para desenvolver tecnologias e equipamentos.<\/p>\n<blockquote><p>\u201c<strong data-end=\"1451\" data-start=\"1045\">Aqui, na Am\u00e9rica do Sul, n\u00f3s nos colocamos como uma regi\u00e3o de paz. Aqui ningu\u00e9m tem bomba nuclear, aqui ningu\u00e9m tem bomba at\u00f4mica, aqui os nossos drones s\u00e3o para agricultura, para fins de tecnologia e n\u00e3o para guerra. Ent\u00e3o, n\u00f3s pensamos em defesa como dissuas\u00e3o, mas eu n\u00e3o sei se o companheiro Ramaphosa percebe que, se a gente n\u00e3o se preparar na quest\u00e3o de defesa, qualquer dia algu\u00e9m invade a gente<\/strong>\u201d, afirmou o presidente.<\/p><\/blockquote>\n<p>O petista acrescentou que os pa\u00edses podem investir em produ\u00e7\u00e3o pr\u00f3pria de equipamentos, sem depender do mercado internacional.<\/p>\n<blockquote><p>\u201c<strong data-end=\"1778\" data-start=\"1606\">N\u00e3o precisamos ficar comprando dos senhores das armas, n\u00f3s poderemos produzir. O que precisa \u00e9 n\u00f3s nos convencermos que ningu\u00e9m vai ajudar a gente, a n\u00e3o ser n\u00f3s mesmos<\/strong>\u201d, declarou.<\/p><\/blockquote>\n<h2 data-end=\"1824\" data-section-id=\"1nzrux5\" data-start=\"1792\"><strong data-end=\"1824\" data-start=\"1795\">Preocupa\u00e7\u00e3o com conflitos<\/strong><\/h2>\n<p>Durante o encontro, Lula tamb\u00e9m demonstrou preocupa\u00e7\u00e3o com a\u00a0<strong data-end=\"1929\" data-start=\"1887\">escalada de conflitos no Oriente M\u00e9dio<\/strong>, ressaltando impactos humanit\u00e1rios e econ\u00f4micos provocados pelas guerras.<\/p>\n<p>Segundo o presidente, crises internacionais acabam afetando diretamente a economia global, especialmente nos pre\u00e7os de energia e alimentos.<\/p>\n<blockquote><p>\u201c<strong data-end=\"2373\" data-start=\"2147\">Expus ao presidente Ramaphosa minha profunda preocupa\u00e7\u00e3o com a escalada do conflito no Oriente M\u00e9dio, que representa uma grave amea\u00e7a \u00e0 paz e \u00e0 seguran\u00e7a internacional, com impactos humanit\u00e1rio e econ\u00f4mico de amplo alcance<\/strong>\u201d, afirmou.<\/p><\/blockquote>\n<p>Ele tamb\u00e9m destacou que os efeitos das guerras atingem principalmente as popula\u00e7\u00f5es mais vulner\u00e1veis.<\/p>\n<blockquote><p>\u201c<strong data-end=\"2697\" data-start=\"2490\">S\u00e3o os mais vulner\u00e1veis sobretudo mulheres e crian\u00e7as que sofrem o impacto mais severo dessas crises. O di\u00e1logo e a diplomacia constituem o \u00fanico caminho vi\u00e1vel para a constru\u00e7\u00e3o de uma solu\u00e7\u00e3o duradoura<\/strong>\u201d, disse.<\/p><\/blockquote>\n<div class=\"dimg\"><img decoding=\"async\" class=\"i-amphtml-intrinsic-sizer\" role=\"presentation\" src=\"data:;base64,<svg height=\"700px\" width=\"1170px\" xmlns=\"http:\/\/www.w3.org\/2000\/svg\" version=\"1.1\"\/>&#8221; alt=&#8221;&#8221; aria-hidden=&#8221;true&#8221; \/><img decoding=\"async\" class=\"aligncenter\" src=\"https:\/\/www.meionews.com\/uploads\/imagens\/2026\/3\/9\/lula-cita-risco-de-invasao-em-encontro-com-presidente-da-africa-do-sul--fc0ed3d2828c54ed.jpg\" alt=\"Conflito entre Ir\u00e3 x Israel e Estados Unidos - Foto: REUTERS\/Miro Maman\" \/><\/div>\n<p><span class=\"fr-inner\">Conflito entre Ir\u00e3 x Israel e Estados Unidos &#8211; Foto: REUTERS\/Miro Maman<\/span>&nbsp;<\/p>\n<h2 data-end=\"2736\" data-section-id=\"wvybr2\" data-start=\"2708\"><strong data-end=\"2736\" data-start=\"2711\">Minerais estrat\u00e9gicos<\/strong><\/h2>\n<p>Outro tema abordado na reuni\u00e3o foi o\u00a0<strong data-end=\"2864\" data-start=\"2775\">potencial de Brasil e \u00c1frica do Sul na explora\u00e7\u00e3o de minerais cr\u00edticos e terras raras<\/strong>, considerados essenciais para setores como tecnologia e transi\u00e7\u00e3o energ\u00e9tica.<\/p>\n<p>Lula afirmou que os dois pa\u00edses devem fortalecer suas cadeias produtivas e evitar exportar apenas mat\u00e9ria-prima sem agregar valor.<\/p>\n<blockquote><p>\u201c<strong data-end=\"3272\" data-start=\"3077\">Precisamos de um levantamento concreto do que a \u00c1frica do Sul tem de minerais cr\u00edticos e de terras raras. O Brasil, at\u00e9 agora, conhece o potencial de 30% do seu territ\u00f3rio e temos muita coisa<\/strong>\u201d, declarou.<\/p><\/blockquote>\n<p>O presidente tamb\u00e9m defendeu que o processo de transforma\u00e7\u00e3o industrial desses recursos seja realizado nos pr\u00f3prios pa\u00edses.<\/p>\n<h2 data-end=\"3435\" data-section-id=\"mk2in9\" data-start=\"3411\"><strong data-end=\"3435\" data-start=\"3414\">Rela\u00e7\u00e3o comercial<\/strong><\/h2>\n<p>A visita do presidente sul-africano ao Brasil tamb\u00e9m integra a estrat\u00e9gia do governo brasileiro de\u00a0<strong data-end=\"3573\" data-start=\"3536\">diversificar parceiros comerciais<\/strong>. Em 2023, a corrente de com\u00e9rcio entre os dois pa\u00edses foi de\u00a0<strong data-end=\"3654\" data-start=\"3635\">US$ 2,2 bilh\u00f5es<\/strong>, sendo\u00a0<strong data-end=\"3707\" data-start=\"3662\">US$ 1,5 bilh\u00e3o em exporta\u00e7\u00f5es brasileiras<\/strong>.<\/p>\n<p>Para Lula, o volume de neg\u00f3cios ainda est\u00e1 abaixo do potencial das duas economias.<\/p>\n<blockquote><p>\u201c<strong data-end=\"3976\" data-start=\"3795\">Conclu\u00edmos acordos de turismo, investimentos, e quando nos encontramos no G20 ano passado constatamos que a rela\u00e7\u00e3o comercial n\u00e3o est\u00e1 \u00e0 altura do potencial das nossas economias<\/strong>\u201d, afirmou.<\/p><\/blockquote>\n<p>Ramaphosa chegou ao Brasil acompanhado de\u00a0<strong data-end=\"4062\" data-start=\"4031\">uma comitiva de empres\u00e1rios<\/strong>. Ap\u00f3s reuni\u00e3o no Pal\u00e1cio do Planalto e declara\u00e7\u00e3o conjunta \u00e0 imprensa, os l\u00edderes participaram de um almo\u00e7o no\u00a0<strong data-end=\"4198\" data-start=\"4174\">Pal\u00e1cio do Itamaraty<\/strong>\u00a0e de encontros voltados \u00e0 coopera\u00e7\u00e3o econ\u00f4mica entre empresas brasileiras e sul-africanas.<\/p>\n<p class=\"ads\">\n<div class=\"article-share_buttons2 article-share\">\n<div class=\"share_buttons\">\n<div class=\"buttons\">\n<p>Fonte: Portal MeioNews.<br \/>\nConfira esta e outras mat\u00e9rias na \u00edntegra pelo link:https:\/\/www.meionews.com\/politica\/lula-cita-risco-de-invasao-em-encontro-com-presidente-da-africa-do-sul-557473<\/p>\n<\/div>\n<\/div>\n<\/div>\n<\/div>\n<\/div>\n","protected":false},"excerpt":{"rendered":"<p>Presidente destacou coopera\u00e7\u00e3o com a \u00c1frica do Sul e criticou conflitos globais &nbsp; Lula e Cyril Ramaphosa, presidente da \u00c1frica do Sul, no Pal\u00e1cio do Planalto. | Foto: Ricardo Stuckert\/ Presid\u00eancia da Rep\u00fablica O presidente\u00a0Luiz In\u00e1cio Lula da Silva (PT)\u00a0afirmou nesta segunda-feira (9) que pa\u00edses como\u00a0Brasil e \u00c1frica do Sul precisam se preparar na \u00e1rea [&hellip;]<\/p>\n","protected":false},"author":3,"featured_media":18492,"comment_status":"open","ping_status":"open","sticky":false,"template":"","format":"standard","meta":{"om_disable_all_campaigns":false,"_monsterinsights_skip_tracking":false,"_monsterinsights_sitenote_active":false,"_monsterinsights_sitenote_note":"","_monsterinsights_sitenote_category":0,"footnotes":""},"categories":[47],"tags":[],"class_list":["post-18491","post","type-post","status-publish","format-standard","has-post-thumbnail","hentry","category-nacionais"],"jetpack_featured_media_url":"https:\/\/fatoelado.com\/wp-content\/uploads\/2026\/03\/lula-e-cyril-ramaphosa-presidente-da-africa-do-sul-no-palacio-do-planalto-5575e156b9ca55f9.jpg","_links":{"self":[{"href":"https:\/\/fatoelado.com\/index.php?rest_route=\/wp\/v2\/posts\/18491","targetHints":{"allow":["GET"]}}],"collection":[{"href":"https:\/\/fatoelado.com\/index.php?rest_route=\/wp\/v2\/posts"}],"about":[{"href":"https:\/\/fatoelado.com\/index.php?rest_route=\/wp\/v2\/types\/post"}],"author":[{"embeddable":true,"href":"https:\/\/fatoelado.com\/index.php?rest_route=\/wp\/v2\/users\/3"}],"replies":[{"embeddable":true,"href":"https:\/\/fatoelado.com\/index.php?rest_route=%2Fwp%2Fv2%2Fcomments&post=18491"}],"version-history":[{"count":1,"href":"https:\/\/fatoelado.com\/index.php?rest_route=\/wp\/v2\/posts\/18491\/revisions"}],"predecessor-version":[{"id":18493,"href":"https:\/\/fatoelado.com\/index.php?rest_route=\/wp\/v2\/posts\/18491\/revisions\/18493"}],"wp:featuredmedia":[{"embeddable":true,"href":"https:\/\/fatoelado.com\/index.php?rest_route=\/wp\/v2\/media\/18492"}],"wp:attachment":[{"href":"https:\/\/fatoelado.com\/index.php?rest_route=%2Fwp%2Fv2%2Fmedia&parent=18491"}],"wp:term":[{"taxonomy":"category","embeddable":true,"href":"https:\/\/fatoelado.com\/index.php?rest_route=%2Fwp%2Fv2%2Fcategories&post=18491"},{"taxonomy":"post_tag","embeddable":true,"href":"https:\/\/fatoelado.com\/index.php?rest_route=%2Fwp%2Fv2%2Ftags&post=18491"}],"curies":[{"name":"wp","href":"https:\/\/api.w.org\/{rel}","templated":true}]}}