{"id":18488,"date":"2026-03-10T05:38:54","date_gmt":"2026-03-10T08:38:54","guid":{"rendered":"https:\/\/fatoelado.com\/?p=18488"},"modified":"2026-03-09T21:39:59","modified_gmt":"2026-03-10T00:39:59","slug":"gilmar-mendes-critica-vazamento-de-conversas-privadas-de-vorcaro-e-ex-namorada","status":"publish","type":"post","link":"https:\/\/fatoelado.com\/?p=18488","title":{"rendered":"Gilmar Mendes critica vazamento de conversas privadas de Vorcaro e ex-namorada"},"content":{"rendered":"<h2 class=\"article-subtitle\" style=\"text-align: center;\">Segundo o ministro, expor esse tipo de material representa \u201cuma demonstra\u00e7\u00e3o de barb\u00e1rie institucional\u201d e ultrapassa \u201ctodos os limites impostos pelas leis e pela Constitui\u00e7\u00e3o\u201c.<\/h2>\n<p>&nbsp;<\/p>\n<div class=\"article-image-featured\" style=\"text-align: center;\"><img decoding=\"async\" class=\"i-amphtml-fill-content i-amphtml-replaced-content aligncenter\" src=\"https:\/\/www.meionews.com\/uploads\/imagens\/2026\/3\/9\/gilmar-mendes-critica-vazamento-de-conversas-privadas-de-vorcaro-e-ex-namorada--ed5b0d7a83e95432.jpg\" alt=\"Gilmar Mendes critica vazamento de conversas privadas de Vorcaro e ex-namorada | Reprodu\u00e7\u00e3o\" data-amp-loading=\"lazy\" \/><small>Gilmar Mendes critica vazamento de conversas privadas de Vorcaro e ex-namorada | Foto: Reprodu\u00e7\u00e3o<\/small><\/div>\n<div class=\"g-news\"><\/div>\n<div class=\"article-html\">\n<div class=\"article-html-more\">\n<p>O ministro do Supremo Tribunal Federal (<strong data-end=\"60\" data-start=\"53\">STF<\/strong>) Gilmar Mendes classificou como\u00a0<strong data-end=\"166\" data-start=\"117\">\u201cgrav\u00edssima viola\u00e7\u00e3o ao direito \u00e0 intimidade\u201d<\/strong>\u00a0o\u00a0<strong data-end=\"213\" data-start=\"169\">vazamento de conversas entre o banqueiro<\/strong>\u00a0Daniel Vorcaro, preso na semana passada em investiga\u00e7\u00e3o relacionada ao Banco Master, e\u00a0<strong>sua ex-namorada, Martha Graeff<\/strong>.<\/p>\n<p>Segundo o ministro, os di\u00e1logos t\u00eam car\u00e1ter estritamente privado e n\u00e3o possuem rela\u00e7\u00e3o com pr\u00e1ticas il\u00edcitas. Graeff avalia acionar o Judici\u00e1rio ap\u00f3s a divulga\u00e7\u00e3o do conte\u00fado.<\/p>\n<h2 data-end=\"646\" data-section-id=\"v1bim3\" data-start=\"601\">\u201cViola\u00e7\u00e3o \u00e0 intimidade\u201d, diz Gilmar Mendes<\/h2>\n<p>Gilmar Mendes destacou que o vazamento \u00e9 ainda mais grave por ocorrer\u00a0<strong data-end=\"734\" data-start=\"718\">na semana do<\/strong>\u00a0Dia Internacional da Mulher.<\/p>\n<blockquote data-start=\"775\"><p>Na semana em que se comemora o Dia Internacional da Mulher, parece ainda mais grave a divulga\u00e7\u00e3o de tais di\u00e1logos, denotando a urg\u00eancia de refletir sobre como a intimidade feminina \u00e9, historicamente, o alvo preferencial de tentativas de desmoraliza\u00e7\u00e3o e controle, afirmou o ministro.<\/p><\/blockquote>\n<p>Segundo ele, permitir a\u00a0<strong data-end=\"1135\" data-start=\"1088\">publica\u00e7\u00e3o de conversas \u00edntimas de um casal<\/strong>\u00a0demonstra\u00a0<strong data-end=\"1196\" data-start=\"1146\">falha do Estado na prote\u00e7\u00e3o de dados sens\u00edveis<\/strong>.<\/p>\n<blockquote data-start=\"1199\"><p>Ao permitir a publica\u00e7\u00e3o de di\u00e1logos \u00edntimos de um casal, o Estado e seus agentes n\u00e3o apenas falham em seu dever de guarda, mas desrespeitam a legisla\u00e7\u00e3o, que imp\u00f5e categoricamente a inutiliza\u00e7\u00e3o de trechos que n\u00e3o interessam \u00e0 persecu\u00e7\u00e3o penal, declarou.<\/p><\/blockquote>\n<p>Para Mendes, a exposi\u00e7\u00e3o desse tipo de material representa \u201cuma demonstra\u00e7\u00e3o de barb\u00e1rie institucional\u201d, ultrapassando os limites estabelecidos pela Constitui\u00e7\u00e3o e pelas leis brasileiras.<\/p>\n<h2 data-end=\"1700\" data-section-id=\"1whkikw\" data-start=\"1657\">Defesa da LGPD aplicada ao sistema penal<\/h2>\n<p>O ministro tamb\u00e9m voltou a defender a aprova\u00e7\u00e3o da Lei Geral de Prote\u00e7\u00e3o de Dados Pessoais aplicada ao \u00e2mbito penal, proposta conhecida como LGPD Penal, atualmente em discuss\u00e3o no Congresso Nacional.<\/p>\n<p>De acordo com Gilmar Mendes, sem regras claras para o tratamento de dados em investiga\u00e7\u00f5es criminais, existe o risco de que informa\u00e7\u00f5es pessoais sejam usadas de forma indevida, transformando investiga\u00e7\u00f5es t\u00e9cnicas em espet\u00e1culos p\u00fablicos e epis\u00f3dios de \u201clinchamento moral\u201d.<\/p>\n<div class=\"article-share_buttons2 article-share\">\n<div class=\"share_buttons\">\n<div class=\"buttons\">\n<p>&nbsp;<\/p>\n<p>Fonte: Portal MeioNews.<br \/>\nConfira esta e outras mat\u00e9rias na \u00edntegra pelo link: https:\/\/www.meionews.com\/politica\/gilmar-mendes-critica-vazamento-de-conversas-privadas-de-vorcaro-e-ex-namorada-557486<\/p>\n<\/div>\n<\/div>\n<\/div>\n<\/div>\n<\/div>\n","protected":false},"excerpt":{"rendered":"<p>Segundo o ministro, expor esse tipo de material representa \u201cuma demonstra\u00e7\u00e3o de barb\u00e1rie institucional\u201d e ultrapassa \u201ctodos os limites impostos pelas leis e pela Constitui\u00e7\u00e3o\u201c. &nbsp; Gilmar Mendes critica vazamento de conversas privadas de Vorcaro e ex-namorada | Foto: Reprodu\u00e7\u00e3o O ministro do Supremo Tribunal Federal (STF) Gilmar Mendes classificou como\u00a0\u201cgrav\u00edssima viola\u00e7\u00e3o ao direito \u00e0 [&hellip;]<\/p>\n","protected":false},"author":3,"featured_media":18489,"comment_status":"open","ping_status":"open","sticky":false,"template":"","format":"standard","meta":{"om_disable_all_campaigns":false,"_monsterinsights_skip_tracking":false,"_monsterinsights_sitenote_active":false,"_monsterinsights_sitenote_note":"","_monsterinsights_sitenote_category":0,"footnotes":""},"categories":[47],"tags":[],"class_list":["post-18488","post","type-post","status-publish","format-standard","has-post-thumbnail","hentry","category-nacionais"],"jetpack_featured_media_url":"https:\/\/fatoelado.com\/wp-content\/uploads\/2026\/03\/gilmar-mendes-critica-vazamento-de-conversas-privadas-de-vorcaro-e-ex-namorada-ed5b0d7a83e95432.jpg","_links":{"self":[{"href":"https:\/\/fatoelado.com\/index.php?rest_route=\/wp\/v2\/posts\/18488","targetHints":{"allow":["GET"]}}],"collection":[{"href":"https:\/\/fatoelado.com\/index.php?rest_route=\/wp\/v2\/posts"}],"about":[{"href":"https:\/\/fatoelado.com\/index.php?rest_route=\/wp\/v2\/types\/post"}],"author":[{"embeddable":true,"href":"https:\/\/fatoelado.com\/index.php?rest_route=\/wp\/v2\/users\/3"}],"replies":[{"embeddable":true,"href":"https:\/\/fatoelado.com\/index.php?rest_route=%2Fwp%2Fv2%2Fcomments&post=18488"}],"version-history":[{"count":1,"href":"https:\/\/fatoelado.com\/index.php?rest_route=\/wp\/v2\/posts\/18488\/revisions"}],"predecessor-version":[{"id":18490,"href":"https:\/\/fatoelado.com\/index.php?rest_route=\/wp\/v2\/posts\/18488\/revisions\/18490"}],"wp:featuredmedia":[{"embeddable":true,"href":"https:\/\/fatoelado.com\/index.php?rest_route=\/wp\/v2\/media\/18489"}],"wp:attachment":[{"href":"https:\/\/fatoelado.com\/index.php?rest_route=%2Fwp%2Fv2%2Fmedia&parent=18488"}],"wp:term":[{"taxonomy":"category","embeddable":true,"href":"https:\/\/fatoelado.com\/index.php?rest_route=%2Fwp%2Fv2%2Fcategories&post=18488"},{"taxonomy":"post_tag","embeddable":true,"href":"https:\/\/fatoelado.com\/index.php?rest_route=%2Fwp%2Fv2%2Ftags&post=18488"}],"curies":[{"name":"wp","href":"https:\/\/api.w.org\/{rel}","templated":true}]}}