{"id":18485,"date":"2026-03-10T05:37:57","date_gmt":"2026-03-10T08:37:57","guid":{"rendered":"https:\/\/fatoelado.com\/?p=18485"},"modified":"2026-03-09T21:38:50","modified_gmt":"2026-03-10T00:38:50","slug":"lateral-vai-passar-por-cirurgia-e-sonho-de-disputar-a-copa-do-mundo-fica-distante","status":"publish","type":"post","link":"https:\/\/fatoelado.com\/?p=18485","title":{"rendered":"Lateral vai passar por cirurgia, e sonho de disputar a Copa do Mundo fica distante"},"content":{"rendered":"<h2 class=\"article-subtitle\" style=\"text-align: center;\">Previs\u00e3o inicial \u00e9 de que o lateral-direito do Monaco fique tr\u00eas meses longe dos gramados<\/h2>\n<p>&nbsp;<\/p>\n<div class=\"article-image-featured\" style=\"text-align: center;\"><img decoding=\"async\" class=\"i-amphtml-fill-content i-amphtml-replaced-content aligncenter\" src=\"https:\/\/www.meionews.com\/uploads\/imagens\/2026\/3\/9\/lateral-direito-vanderson-em-treino-da-selecao-brasileira--40d03c4dcb6630e8.jpg\" alt=\"Lateral-direito Vanderson em treino da sele\u00e7\u00e3o brasileira | Reprodu\u00e7\u00e3o \/ Instagram\" data-amp-loading=\"lazy\" \/><small>Lateral-direito Vanderson em treino da sele\u00e7\u00e3o brasileira | Foto: Reprodu\u00e7\u00e3o \/ Instagram<\/small><\/div>\n<div class=\"g-news\"><\/div>\n<div class=\"article-html\">\n<div class=\"article-html-more\">\n<p>O\u00a0<strong>lateral-direito Vanderson Oliveira Campos<\/strong>, do Monaco, ter\u00e1 de passar por\u00a0<strong data-end=\"147\" data-start=\"118\">cirurgia na coxa esquerda<\/strong> ap\u00f3s sofrer uma les\u00e3o muscular na \u00faltima sexta-feira.<\/p>\n<p>A previs\u00e3o inicial \u00e9 de que o jogador fique cerca de tr\u00eas meses afastado, o que praticamente compromete suas chances de disputar a pr\u00f3xima Copa do Mundo FIFA pela Sele\u00e7\u00e3o Brasileira de Futebol.<\/p>\n<p>O t\u00e9cnico Carlo Ancelotti deve anunciar a lista de convocados para o Mundial em\u00a0<strong data-end=\"547\" data-start=\"533\">19 de maio<\/strong>, e o prazo curto torna a presen\u00e7a de Vanderson bastante improv\u00e1vel. Mesmo assim, o lateral pretende tentar acelerar a recupera\u00e7\u00e3o.<\/p>\n<h3 data-end=\"701\" data-section-id=\"5abw7h\" data-start=\"680\">Outros desfalques<\/h3>\n<p>No mesmo jogo em que Vanderson se lesionou, contra o Paris Saint\u2011Germain, o lateral-esquerdo Caio Henrique tamb\u00e9m sofreu les\u00e3o. A situa\u00e7\u00e3o dele \u00e9 menos grave, com retorno previsto para abril.<\/p>\n<p>Al\u00e9m disso, o Brasil tamb\u00e9m n\u00e3o poder\u00e1 contar nos pr\u00f3ximos amistosos com \u00c9der Milit\u00e3o, que vinha sendo utilizado na lateral direita e tamb\u00e9m est\u00e1 lesionado, com previs\u00e3o de retorno no m\u00eas que vem.<\/p>\n<h3 data-end=\"1185\" data-section-id=\"1m3iive\" data-start=\"1164\">Hist\u00f3rico recente<\/h3>\n<p>Vanderson j\u00e1 vinha enfrentando problemas f\u00edsicos e\u00a0<strong data-end=\"1281\" data-start=\"1237\">foi cortado de duas convoca\u00e7\u00f5es recentes<\/strong>\u00a0de Ancelotti, ficando tamb\u00e9m fora da \u00faltima lista divulgada em novembro de 2025. Apesar disso, ele foi\u00a0<strong data-end=\"1424\" data-start=\"1385\">titular nas duas primeiras partidas<\/strong>\u00a0do treinador italiano no comando da Sele\u00e7\u00e3o.<\/p>\n<p>Os pr\u00f3ximos compromissos do Brasil ser\u00e3o amistosos contra Sele\u00e7\u00e3o Francesa de Futebol e Sele\u00e7\u00e3o Croata de Futebol, no fim deste m\u00eas.<\/p>\n<p>&nbsp;<\/p>\n<div class=\"article-share_buttons2 article-share\">\n<div class=\"share_buttons\">\n<div class=\"buttons\">\n<p>Fonte: Portal MeioNews.<br \/>\nConfira esta e outras mat\u00e9rias na \u00edntegra pelo link: https:\/\/www.meionews.com\/esportes\/lateral-vai-passar-por-cirurgia-e-sonho-de-disputar-a-copa-do-mundo-fica-distante-557497<\/p>\n<\/div>\n<\/div>\n<\/div>\n<\/div>\n<\/div>\n","protected":false},"excerpt":{"rendered":"<p>Previs\u00e3o inicial \u00e9 de que o lateral-direito do Monaco fique tr\u00eas meses longe dos gramados &nbsp; Lateral-direito Vanderson em treino da sele\u00e7\u00e3o brasileira | Foto: Reprodu\u00e7\u00e3o \/ Instagram O\u00a0lateral-direito Vanderson Oliveira Campos, do Monaco, ter\u00e1 de passar por\u00a0cirurgia na coxa esquerda ap\u00f3s sofrer uma les\u00e3o muscular na \u00faltima sexta-feira. A previs\u00e3o inicial \u00e9 de que [&hellip;]<\/p>\n","protected":false},"author":3,"featured_media":18486,"comment_status":"open","ping_status":"open","sticky":false,"template":"","format":"standard","meta":{"om_disable_all_campaigns":false,"_monsterinsights_skip_tracking":false,"_monsterinsights_sitenote_active":false,"_monsterinsights_sitenote_note":"","_monsterinsights_sitenote_category":0,"footnotes":""},"categories":[48],"tags":[],"class_list":["post-18485","post","type-post","status-publish","format-standard","has-post-thumbnail","hentry","category-esportes"],"jetpack_featured_media_url":"https:\/\/fatoelado.com\/wp-content\/uploads\/2026\/03\/lateral-direito-vanderson-em-treino-da-selecao-brasileira-40d03c4dcb6630e8.jpg","_links":{"self":[{"href":"https:\/\/fatoelado.com\/index.php?rest_route=\/wp\/v2\/posts\/18485","targetHints":{"allow":["GET"]}}],"collection":[{"href":"https:\/\/fatoelado.com\/index.php?rest_route=\/wp\/v2\/posts"}],"about":[{"href":"https:\/\/fatoelado.com\/index.php?rest_route=\/wp\/v2\/types\/post"}],"author":[{"embeddable":true,"href":"https:\/\/fatoelado.com\/index.php?rest_route=\/wp\/v2\/users\/3"}],"replies":[{"embeddable":true,"href":"https:\/\/fatoelado.com\/index.php?rest_route=%2Fwp%2Fv2%2Fcomments&post=18485"}],"version-history":[{"count":1,"href":"https:\/\/fatoelado.com\/index.php?rest_route=\/wp\/v2\/posts\/18485\/revisions"}],"predecessor-version":[{"id":18487,"href":"https:\/\/fatoelado.com\/index.php?rest_route=\/wp\/v2\/posts\/18485\/revisions\/18487"}],"wp:featuredmedia":[{"embeddable":true,"href":"https:\/\/fatoelado.com\/index.php?rest_route=\/wp\/v2\/media\/18486"}],"wp:attachment":[{"href":"https:\/\/fatoelado.com\/index.php?rest_route=%2Fwp%2Fv2%2Fmedia&parent=18485"}],"wp:term":[{"taxonomy":"category","embeddable":true,"href":"https:\/\/fatoelado.com\/index.php?rest_route=%2Fwp%2Fv2%2Fcategories&post=18485"},{"taxonomy":"post_tag","embeddable":true,"href":"https:\/\/fatoelado.com\/index.php?rest_route=%2Fwp%2Fv2%2Ftags&post=18485"}],"curies":[{"name":"wp","href":"https:\/\/api.w.org\/{rel}","templated":true}]}}