{"id":18475,"date":"2026-03-10T05:33:58","date_gmt":"2026-03-10T08:33:58","guid":{"rendered":"https:\/\/fatoelado.com\/?p=18475"},"modified":"2026-03-09T21:35:03","modified_gmt":"2026-03-10T00:35:03","slug":"alisson-nao-e-relacionado-pelo-liverpool-e-preocupa-para-copa-do-mundo","status":"publish","type":"post","link":"https:\/\/fatoelado.com\/?p=18475","title":{"rendered":"Alisson n\u00e3o \u00e9 relacionado pelo Liverpool e preocupa para Copa do Mundo"},"content":{"rendered":"<h2 class=\"article-subtitle\" style=\"text-align: center;\">Goleiro n\u00e3o vai enfrentar o Galatasaray em jogo v\u00e1lido pela Champions League ap\u00f3s sentir uma les\u00e3o muscular<\/h2>\n<p>&nbsp;<\/p>\n<div class=\"article-image-featured\" style=\"text-align: center;\"><img decoding=\"async\" class=\"i-amphtml-fill-content i-amphtml-replaced-content aligncenter\" src=\"https:\/\/www.meionews.com\/uploads\/imagens\/2026\/3\/9\/alisson-nao-e-relacionado-pelo-liverpool--1c8b72e4404742a5.jpg\" alt=\"Alisson n\u00e3o \u00e9 relacionado pelo Liverpool | Reprodu\u00e7\u00e3o\/Instagram\" data-amp-loading=\"lazy\" \/><small>Alisson n\u00e3o \u00e9 relacionado pelo Liverpool | Foto: Reprodu\u00e7\u00e3o\/Instagram<\/small><\/div>\n<div class=\"g-news\"><\/div>\n<div class=\"article-html\">\n<div class=\"article-html-more\">\n<p>O<strong>\u00a0goleiro Alisson Becker<\/strong>\u00a0virou<strong>\u00a0preocupa\u00e7\u00e3o para a Sele\u00e7\u00e3o Brasileira\u00a0<\/strong>de Futebol \u00e0s v\u00e9speras da convoca\u00e7\u00e3o do t\u00e9cnico Carlo Ancelotti para os pr\u00f3ximos amistosos preparat\u00f3rios para a\u00a0<strong>Copa do Mundo FIFA.<\/strong><\/p>\n<p>O jogador\u00a0<strong>n\u00e3o foi relacionado pelo Liverpool para o confronto contra o Galatasaray<\/strong>, marcado para esta segunda-feira (10), \u00e0s 14h45, pelas oitavas de final da UEFA Champions League.<\/p>\n<p>O t\u00e9cnico do Liverpool, Arne Slot, explicou em entrevista coletiva que o brasileiro sentiu um desconforto muscular no fim de um treinamento.<\/p>\n<p>Segundo o treinador, Alisson chegou a participar da sess\u00e3o, mas apresentou dores ao final da atividade. Ap\u00f3s avalia\u00e7\u00e3o da comiss\u00e3o t\u00e9cnica e do pr\u00f3prio atleta, foi decidido que ele n\u00e3o viajaria para a partida por n\u00e3o estar em condi\u00e7\u00f5es ideais de jogo.<\/p>\n<h2>NOVOS EXAMES<\/h2>\n<p>O departamento m\u00e9dico do Liverpool deve realizar novos exames para identificar a gravidade da les\u00e3o. Para o duelo contra o Galatasaray, o favorito para assumir a vaga no gol \u00e9 o georgiano Giorgi Mamardashvili.<\/p>\n<p>A situa\u00e7\u00e3o ser\u00e1 acompanhada de perto pela comiss\u00e3o t\u00e9cnica da Sele\u00e7\u00e3o Brasileira, j\u00e1 que Alisson \u00e9 considerado o titular absoluto da equipe. Caso o problema seja mais s\u00e9rio, pode impactar a convoca\u00e7\u00e3o para os amistosos preparat\u00f3rios.<\/p>\n<p>&nbsp;<\/p>\n<div class=\"article-share_buttons2 article-share\">\n<div class=\"share_buttons\">\n<div class=\"buttons\">\n<p>Fonte: Portal MeioNews.<br \/>\nConfira esta e outras mat\u00e9rias na \u00edntegra pelo link: https:\/\/www.meionews.com\/esportes\/alisson-nao-e-relacionado-pelo-liverpool-e-preocupa-para-copa-do-mundo-557491<\/p>\n<\/div>\n<\/div>\n<\/div>\n<\/div>\n<\/div>\n","protected":false},"excerpt":{"rendered":"<p>Goleiro n\u00e3o vai enfrentar o Galatasaray em jogo v\u00e1lido pela Champions League ap\u00f3s sentir uma les\u00e3o muscular &nbsp; Alisson n\u00e3o \u00e9 relacionado pelo Liverpool | Foto: Reprodu\u00e7\u00e3o\/Instagram O\u00a0goleiro Alisson Becker\u00a0virou\u00a0preocupa\u00e7\u00e3o para a Sele\u00e7\u00e3o Brasileira\u00a0de Futebol \u00e0s v\u00e9speras da convoca\u00e7\u00e3o do t\u00e9cnico Carlo Ancelotti para os pr\u00f3ximos amistosos preparat\u00f3rios para a\u00a0Copa do Mundo FIFA. O jogador\u00a0n\u00e3o [&hellip;]<\/p>\n","protected":false},"author":3,"featured_media":18476,"comment_status":"open","ping_status":"open","sticky":false,"template":"","format":"standard","meta":{"om_disable_all_campaigns":false,"_monsterinsights_skip_tracking":false,"_monsterinsights_sitenote_active":false,"_monsterinsights_sitenote_note":"","_monsterinsights_sitenote_category":0,"footnotes":""},"categories":[48],"tags":[],"class_list":["post-18475","post","type-post","status-publish","format-standard","has-post-thumbnail","hentry","category-esportes"],"jetpack_featured_media_url":"https:\/\/fatoelado.com\/wp-content\/uploads\/2026\/03\/alisson-nao-e-relacionado-pelo-liverpool-1c8b72e4404742a5.jpg","_links":{"self":[{"href":"https:\/\/fatoelado.com\/index.php?rest_route=\/wp\/v2\/posts\/18475","targetHints":{"allow":["GET"]}}],"collection":[{"href":"https:\/\/fatoelado.com\/index.php?rest_route=\/wp\/v2\/posts"}],"about":[{"href":"https:\/\/fatoelado.com\/index.php?rest_route=\/wp\/v2\/types\/post"}],"author":[{"embeddable":true,"href":"https:\/\/fatoelado.com\/index.php?rest_route=\/wp\/v2\/users\/3"}],"replies":[{"embeddable":true,"href":"https:\/\/fatoelado.com\/index.php?rest_route=%2Fwp%2Fv2%2Fcomments&post=18475"}],"version-history":[{"count":1,"href":"https:\/\/fatoelado.com\/index.php?rest_route=\/wp\/v2\/posts\/18475\/revisions"}],"predecessor-version":[{"id":18477,"href":"https:\/\/fatoelado.com\/index.php?rest_route=\/wp\/v2\/posts\/18475\/revisions\/18477"}],"wp:featuredmedia":[{"embeddable":true,"href":"https:\/\/fatoelado.com\/index.php?rest_route=\/wp\/v2\/media\/18476"}],"wp:attachment":[{"href":"https:\/\/fatoelado.com\/index.php?rest_route=%2Fwp%2Fv2%2Fmedia&parent=18475"}],"wp:term":[{"taxonomy":"category","embeddable":true,"href":"https:\/\/fatoelado.com\/index.php?rest_route=%2Fwp%2Fv2%2Fcategories&post=18475"},{"taxonomy":"post_tag","embeddable":true,"href":"https:\/\/fatoelado.com\/index.php?rest_route=%2Fwp%2Fv2%2Ftags&post=18475"}],"curies":[{"name":"wp","href":"https:\/\/api.w.org\/{rel}","templated":true}]}}