{"id":18469,"date":"2026-03-09T05:28:32","date_gmt":"2026-03-09T08:28:32","guid":{"rendered":"https:\/\/fatoelado.com\/?p=18469"},"modified":"2026-03-08T20:29:26","modified_gmt":"2026-03-08T23:29:26","slug":"fortaleza-vence-o-ceara-nos-penaltis-e-volta-a-conquistar-o-titulo-do-cearense","status":"publish","type":"post","link":"https:\/\/fatoelado.com\/?p=18469","title":{"rendered":"Fortaleza vence o Cear\u00e1 nos p\u00eanaltis e volta a conquistar o t\u00edtulo do Cearense"},"content":{"rendered":"<h2 class=\"article-subtitle\" style=\"text-align: center;\">No tempo normal, times empataram em 1 a 1. Nas penalidades, Fortaleza de Carpini levou a melhor. Juan Alano errou uma das cobran\u00e7as<\/h2>\n<p>&nbsp;<\/p>\n<div class=\"article-image-featured\" style=\"text-align: center;\"><img decoding=\"async\" class=\"i-amphtml-fill-content i-amphtml-replaced-content aligncenter\" src=\"https:\/\/www.meionews.com\/uploads\/imagens\/2026\/3\/8\/lucas-emanoel-e-lucca-marcaram-os-gols-do-empate-em-1-a-1-na-primeira-partida-da-grande-final-do-campeonato-cearense--101e50df82d35f47.jpg\" alt=\"Lucas Emanoel e Lucca marcaram os gols do empate em 1 a 1 na primeira partida da grande final do Campeonato Cearense |  Ismael Soares\/SVM\" data-amp-loading=\"lazy\" \/><small>Lucas Emanoel e Lucca marcaram os gols do empate em 1 a 1 na primeira partida da grande final do Campeonato Cearense | Foto: Ismael Soares\/SVM<\/small><\/div>\n<div class=\"g-news\"><\/div>\n<div class=\"article-html\">\n<div class=\"article-html-more\">\n<p>Nos p\u00eanaltis, o\u00a0<strong>Fortaleza venceu o Cear\u00e1 neste domingo, no Castel\u00e3o, e foi campe\u00e3o do Campeonato Cearense 2026<\/strong>. No tempo normal, os times empataram em 1 a 1.<\/p>\n<p>Luiz\u00e3o fez o gol do Cear\u00e1. Luiz Fernando marcou para o Fortaleza. Nas penalidades, Fortaleza de Carpini levou a melhor. Juan Alano perdeu uma cobran\u00e7a de p\u00eanalti. O<strong>\u00a0Fortaleza converteu todas.<\/strong><\/p>\n<h2><strong>Primeiro tempo<\/strong><\/h2>\n<p>A primeira boa chegada foi do Cear\u00e1, com Zanocelo mandando por cima do travess\u00e3o. O Cear\u00e1 tinha maior posse de bola e conseguia controlar mais o jogo. Com menos de 30 minutos de jogo, o Fortaleza tinha dois amarelados: Rodrigo e Br\u00edtez. E justamente na falta feita por Br\u00edtez nasceu o gol do Voz\u00e3o. Ap\u00f3s a cobran\u00e7a, Luiz\u00e3o subiu mais alto e marcou. Pochettino respondeu aos 37, mas mandou a bomba por cima. Pelo Cear\u00e1, Fernando foi o \u00fanico a receber amarelo.<\/p>\n<h2><strong>Segundo tempo<\/strong><\/h2>\n<p>S\u00f3 Carpini fez mudan\u00e7as no intervalo: Prior e Vitinho entraram nas vagas de Luan Freitas e Rodrigo. Em uma jogada bem trabalhada, Lucas Lima conseguiu finalizar de voleio para o gol e errou por pouco. O Fortaleza chegou ao empate no chute de Luiz Fernando, com desvio de Luiz\u00e3o: 1 a 1. O Fortaleza tentou pressionar mais. Mas o Cear\u00e1 teve outra grande chance: e de cabe\u00e7a o zagueiro Gazal afastou. Por conta dos sinalizadores da torcida do Cear\u00e1, o jogo precisou ser interrompido.<\/p>\n<h2><strong>Pr\u00f3ximos desafios<\/strong><\/h2>\n<p>No s\u00e1bado (21), \u00e0s 16h, Cear\u00e1 x S\u00e3o Bernardo duelam na Arena Castel\u00e3o, na primeira rodada da S\u00e9rie B do Brasileiro. No mesmo dia, \u00e0s 19h15, tem Botafogo-SP x Fortaleza, na Arena Nicnet (Santa Cruz).<\/p>\n<p>&nbsp;<\/p>\n<div class=\"article-share_buttons2 article-share\">\n<div class=\"share_buttons\">\n<div class=\"buttons\">\n<p>Fonte: Portal MeioNews.<br \/>\nConfira esta e outras mat\u00e9rias na \u00edntegra pelo link: https:\/\/www.meionews.com\/esportes\/fortaleza-vence-o-ceara-nos-penaltis-e-volta-a-conquistar-o-titulo-do-cearense-557387<\/p>\n<\/div>\n<\/div>\n<\/div>\n<\/div>\n<\/div>\n","protected":false},"excerpt":{"rendered":"<p>No tempo normal, times empataram em 1 a 1. Nas penalidades, Fortaleza de Carpini levou a melhor. Juan Alano errou uma das cobran\u00e7as &nbsp; Lucas Emanoel e Lucca marcaram os gols do empate em 1 a 1 na primeira partida da grande final do Campeonato Cearense | Foto: Ismael Soares\/SVM Nos p\u00eanaltis, o\u00a0Fortaleza venceu o [&hellip;]<\/p>\n","protected":false},"author":3,"featured_media":18470,"comment_status":"open","ping_status":"open","sticky":false,"template":"","format":"standard","meta":{"om_disable_all_campaigns":false,"_monsterinsights_skip_tracking":false,"_monsterinsights_sitenote_active":false,"_monsterinsights_sitenote_note":"","_monsterinsights_sitenote_category":0,"footnotes":""},"categories":[48],"tags":[],"class_list":["post-18469","post","type-post","status-publish","format-standard","has-post-thumbnail","hentry","category-esportes"],"jetpack_featured_media_url":"https:\/\/fatoelado.com\/wp-content\/uploads\/2026\/03\/lucas-emanoel-e-lucca-marcaram-os-gols-do-empate-em-1-a-1-na-primeira-partida-da-grande-final-do-campeonato-cearense-101e50df82d35f47.jpg","_links":{"self":[{"href":"https:\/\/fatoelado.com\/index.php?rest_route=\/wp\/v2\/posts\/18469","targetHints":{"allow":["GET"]}}],"collection":[{"href":"https:\/\/fatoelado.com\/index.php?rest_route=\/wp\/v2\/posts"}],"about":[{"href":"https:\/\/fatoelado.com\/index.php?rest_route=\/wp\/v2\/types\/post"}],"author":[{"embeddable":true,"href":"https:\/\/fatoelado.com\/index.php?rest_route=\/wp\/v2\/users\/3"}],"replies":[{"embeddable":true,"href":"https:\/\/fatoelado.com\/index.php?rest_route=%2Fwp%2Fv2%2Fcomments&post=18469"}],"version-history":[{"count":1,"href":"https:\/\/fatoelado.com\/index.php?rest_route=\/wp\/v2\/posts\/18469\/revisions"}],"predecessor-version":[{"id":18471,"href":"https:\/\/fatoelado.com\/index.php?rest_route=\/wp\/v2\/posts\/18469\/revisions\/18471"}],"wp:featuredmedia":[{"embeddable":true,"href":"https:\/\/fatoelado.com\/index.php?rest_route=\/wp\/v2\/media\/18470"}],"wp:attachment":[{"href":"https:\/\/fatoelado.com\/index.php?rest_route=%2Fwp%2Fv2%2Fmedia&parent=18469"}],"wp:term":[{"taxonomy":"category","embeddable":true,"href":"https:\/\/fatoelado.com\/index.php?rest_route=%2Fwp%2Fv2%2Fcategories&post=18469"},{"taxonomy":"post_tag","embeddable":true,"href":"https:\/\/fatoelado.com\/index.php?rest_route=%2Fwp%2Fv2%2Ftags&post=18469"}],"curies":[{"name":"wp","href":"https:\/\/api.w.org\/{rel}","templated":true}]}}