{"id":18465,"date":"2026-03-09T05:28:13","date_gmt":"2026-03-09T08:28:13","guid":{"rendered":"https:\/\/fatoelado.com\/?p=18465"},"modified":"2026-03-08T20:28:29","modified_gmt":"2026-03-08T23:28:29","slug":"irmas-que-pularam-de-carro-em-movimento-fugiam-de-padrasto-apos-agressao-a-mae-delas","status":"publish","type":"post","link":"https:\/\/fatoelado.com\/?p=18465","title":{"rendered":"Irm\u00e3s que pularam de carro em movimento fugiam de padrasto ap\u00f3s agress\u00e3o a m\u00e3e delas"},"content":{"rendered":"<h2 class=\"article-subtitle\" style=\"text-align: center;\">Meninas de 11 e 14 anos saltaram do ve\u00edculo durante persegui\u00e7\u00e3o policial em Fortaleza, na sexta-feira (6); suspeito foi preso ap\u00f3s fugir com as enteadas<\/h2>\n<p>&nbsp;<\/p>\n<div class=\"article-image-featured\" style=\"text-align: center;\"><img decoding=\"async\" class=\"i-amphtml-fill-content i-amphtml-replaced-content aligncenter\" src=\"https:\/\/www.meionews.com\/uploads\/imagens\/2026\/3\/8\/homem-sequestra-enteadas-apos-brigar-com-a-mae-delas-as-criancas-escaparam-do-veiculo--9907ac150114094c.jpg\" alt=\"Homem sequestra enteadas ap\u00f3s brigar com a m\u00e3e delas. As crian\u00e7as escaparam do ve\u00edculo | Divulga\u00e7\u00e3o\/SSPDS\" data-amp-loading=\"lazy\" \/><small>Homem sequestra enteadas ap\u00f3s brigar com a m\u00e3e delas. As crian\u00e7as escaparam do ve\u00edculo | Foto: Divulga\u00e7\u00e3o\/SSPDS<\/small><\/div>\n<div class=\"g-news\"><\/div>\n<div class=\"article-html\">\n<div class=\"article-html-more\">\n<p>Duas irm\u00e3s, de 11 e 14 anos, pularam de um carro em movimento para escapar do padrasto durante uma persegui\u00e7\u00e3o policial na noite de sexta-feira (6), em\u00a0<strong data-end=\"456\" data-start=\"415\">Fortaleza<\/strong>. O homem, de 36 anos, havia fugido com as enteadas ap\u00f3s agredir e amea\u00e7ar a companheira, m\u00e3e das meninas, segundo a pol\u00edcia.<\/p>\n<p>O caso come\u00e7ou no munic\u00edpio de\u00a0<strong data-end=\"655\" data-start=\"614\">Itaitinga<\/strong>, na regi\u00e3o metropolitana da capital cearense. Ap\u00f3s receber a den\u00fancia, equipes da\u00a0<strong data-end=\"779\" data-start=\"738\">Pol\u00edcia Militar do Cear\u00e1<\/strong>\u00a0iniciaram buscas pelo suspeito, que desobedeceu \u00e0 ordem de parada e tentou escapar pelas ruas da cidade.<\/p>\n<h3 data-end=\"924\" data-section-id=\"4mdj37\" data-start=\"889\">Persegui\u00e7\u00e3o e fuga das crian\u00e7as<\/h3>\n<p>Imagens do N\u00facleo de Videomonitoramento de Fortaleza registraram parte do trajeto percorrido pelo ve\u00edculo durante a fuga.<\/p>\n<p>Durante a persegui\u00e7\u00e3o, o<strong>\u00a0suspeito chegou a colidir com outros carros<\/strong>\u00a0enquanto tentava escapar. Em meio \u00e0 situa\u00e7\u00e3o, as duas meninas conseguiram abrir a porta do ve\u00edculo e saltaram do carro para fugir do padrasto.<\/p>\n<p>Logo ap\u00f3s a fuga das crian\u00e7as, policiais<strong>\u00a0conseguiram interceptar o ve\u00edculo e realizar a pris\u00e3o do suspeito<\/strong>\u00a0no bairro Montese. O homem sofreu ferimentos durante a ocorr\u00eancia e foi encaminhado para uma unidade hospitalar da capital cearense, onde permanece sob escolta policial.<\/p>\n<h3 data-end=\"1645\" data-section-id=\"147s5k1\" data-start=\"1622\">Crimes investigados<\/h3>\n<p>De acordo com a\u00a0<strong data-end=\"1704\" data-start=\"1663\">Delegacia de Defesa da Mulher de Fortaleza<\/strong>, o suspeito foi autuado por inj\u00faria, amea\u00e7a, maus-tratos, dano ao patrim\u00f4nio e por submeter crian\u00e7a ou adolescente a situa\u00e7\u00e3o de vexame ou constrangimento.<\/p>\n<p>Em rela\u00e7\u00e3o \u00e0 companheira, ele tamb\u00e9m\u00a0<strong>foi denunciado por amea\u00e7a e les\u00e3o corporal no contexto de viol\u00eancia dom\u00e9stica<\/strong>. Ap\u00f3s os procedimentos policiais, o homem ficou \u00e0 disposi\u00e7\u00e3o da Justi\u00e7a.<\/p>\n<div class=\"article-share_buttons2 article-share\">\n<div class=\"share_buttons\">\n<div class=\"buttons\">\n<p>Fonte: Portal MeioNews.<br \/>\nConfira esta e outras mat\u00e9rias na \u00edntegra pelo link: https:\/\/www.meionews.com\/ceara\/policia\/irmas-que-pularam-de-carro-em-movimento-fugiam-de-padrasto-apos-agressao-a-mae-delas-557341<\/p>\n<\/div>\n<\/div>\n<\/div>\n<\/div>\n<\/div>\n","protected":false},"excerpt":{"rendered":"<p>Meninas de 11 e 14 anos saltaram do ve\u00edculo durante persegui\u00e7\u00e3o policial em Fortaleza, na sexta-feira (6); suspeito foi preso ap\u00f3s fugir com as enteadas &nbsp; Homem sequestra enteadas ap\u00f3s brigar com a m\u00e3e delas. As crian\u00e7as escaparam do ve\u00edculo | Foto: Divulga\u00e7\u00e3o\/SSPDS Duas irm\u00e3s, de 11 e 14 anos, pularam de um carro em [&hellip;]<\/p>\n","protected":false},"author":3,"featured_media":18466,"comment_status":"open","ping_status":"open","sticky":false,"template":"","format":"standard","meta":{"om_disable_all_campaigns":false,"_monsterinsights_skip_tracking":false,"_monsterinsights_sitenote_active":false,"_monsterinsights_sitenote_note":"","_monsterinsights_sitenote_category":0,"footnotes":""},"categories":[47],"tags":[],"class_list":["post-18465","post","type-post","status-publish","format-standard","has-post-thumbnail","hentry","category-nacionais"],"jetpack_featured_media_url":"https:\/\/fatoelado.com\/wp-content\/uploads\/2026\/03\/homem-sequestra-enteadas-apos-brigar-com-a-mae-delas-as-criancas-escaparam-do-veiculo-9907ac150114094c.jpg","_links":{"self":[{"href":"https:\/\/fatoelado.com\/index.php?rest_route=\/wp\/v2\/posts\/18465","targetHints":{"allow":["GET"]}}],"collection":[{"href":"https:\/\/fatoelado.com\/index.php?rest_route=\/wp\/v2\/posts"}],"about":[{"href":"https:\/\/fatoelado.com\/index.php?rest_route=\/wp\/v2\/types\/post"}],"author":[{"embeddable":true,"href":"https:\/\/fatoelado.com\/index.php?rest_route=\/wp\/v2\/users\/3"}],"replies":[{"embeddable":true,"href":"https:\/\/fatoelado.com\/index.php?rest_route=%2Fwp%2Fv2%2Fcomments&post=18465"}],"version-history":[{"count":2,"href":"https:\/\/fatoelado.com\/index.php?rest_route=\/wp\/v2\/posts\/18465\/revisions"}],"predecessor-version":[{"id":18468,"href":"https:\/\/fatoelado.com\/index.php?rest_route=\/wp\/v2\/posts\/18465\/revisions\/18468"}],"wp:featuredmedia":[{"embeddable":true,"href":"https:\/\/fatoelado.com\/index.php?rest_route=\/wp\/v2\/media\/18466"}],"wp:attachment":[{"href":"https:\/\/fatoelado.com\/index.php?rest_route=%2Fwp%2Fv2%2Fmedia&parent=18465"}],"wp:term":[{"taxonomy":"category","embeddable":true,"href":"https:\/\/fatoelado.com\/index.php?rest_route=%2Fwp%2Fv2%2Fcategories&post=18465"},{"taxonomy":"post_tag","embeddable":true,"href":"https:\/\/fatoelado.com\/index.php?rest_route=%2Fwp%2Fv2%2Ftags&post=18465"}],"curies":[{"name":"wp","href":"https:\/\/api.w.org\/{rel}","templated":true}]}}