{"id":18462,"date":"2026-03-09T05:23:26","date_gmt":"2026-03-09T08:23:26","guid":{"rendered":"https:\/\/fatoelado.com\/?p=18462"},"modified":"2026-03-08T20:24:45","modified_gmt":"2026-03-08T23:24:45","slug":"forte-chuva-alaga-camara-municipal-de-vereadores-e-agua-chega-ate-o-joelho","status":"publish","type":"post","link":"https:\/\/fatoelado.com\/?p=18462","title":{"rendered":"Forte chuva alaga C\u00e2mara Municipal de Vereadores e \u00e1gua chega at\u00e9 o joelho"},"content":{"rendered":"<h2 class=\"article-subtitle\" style=\"text-align: center;\">Registros feitos dentro do pr\u00e9dio mostram funcion\u00e1rios caminhando pela entrada do Legislativo em meio \u00e0 \u00e1gua escura acumulada no local.<\/h2>\n<p>&nbsp;<\/p>\n<div class=\"article-image-featured\" style=\"text-align: center;\"><img decoding=\"async\" class=\"i-amphtml-fill-content i-amphtml-replaced-content aligncenter\" src=\"https:\/\/www.meionews.com\/uploads\/imagens\/2026\/3\/8\/temporal-provoca-estragos-e-alaga-a-camara-municipal-de-guarulhos--b3aa130b150d7d71.jpg\" alt=\"Temporal provoca estragos e alaga a C\u00e2mara Municipal de Guarulhos. | Reprodu\u00e7\u00e3o\" data-amp-loading=\"lazy\" \/><small>Temporal provoca estragos e alaga a C\u00e2mara Municipal de Guarulhos. | Foto: Reprodu\u00e7\u00e3o<\/small><\/div>\n<div class=\"g-news\"><\/div>\n<div class=\"article-html\">\n<div class=\"article-html-more\">\n<p>A forte chuva que atingiu a regi\u00e3o metropolitana de S\u00e3o Paulo na \u00faltima sexta-feira (6) provocou\u00a0<strong data-end=\"297\" data-start=\"251\">alagamentos e diversos transtornos urbanos<\/strong>.\u00a0Em Guarulhos, na Grande S\u00e3o Paulo, a\u00a0<strong data-end=\"415\" data-start=\"364\">sede da C\u00e2mara Municipal foi invadida pela \u00e1gua<\/strong> ap\u00f3s o temporal que atingiu a cidade.<\/p>\n<p>Registros feitos dentro do pr\u00e9dio mostram funcion\u00e1rios caminhando pela entrada do Legislativo\u00a0<strong data-end=\"593\" data-start=\"549\">em meio \u00e0 \u00e1gua escura acumulada no local<\/strong>. Em alguns trechos, o n\u00edvel chegou\u00a0<strong data-end=\"650\" data-start=\"629\">pr\u00f3ximo ao joelho<\/strong>, dificultando a circula\u00e7\u00e3o e interrompendo atividades no edif\u00edcio p\u00fablico.<\/p>\n<hr data-start=\"727\" data-end=\"730\" \/>\n<p><strong>\u00c1GUA TOMOU \u00c1REAS INTERNAS<\/strong><\/p>\n<p>A enxurrada atravessou o\u00a0<strong data-end=\"818\" data-start=\"788\">sagu\u00e3o principal da C\u00e2mara<\/strong>\u00a0e avan\u00e7ou para diferentes \u00e1reas internas do pr\u00e9dio. O volume de \u00e1gua carregou sujeira e atingiu salas administrativas, provocando\u00a0<strong data-end=\"982\" data-start=\"949\">danos a m\u00f3veis e equipamentos<\/strong>.<\/p>\n<p>Entre os itens afetados est\u00e3o\u00a0<strong data-end=\"1062\" data-start=\"1015\">cadeiras, gaveteiros de arquivos e lixeiras<\/strong>, que ficaram submersos ou chegaram a ser arrastados pela corrente formada pela \u00e1gua da chuva. A situa\u00e7\u00e3o foi registrada por servidores que estavam no local no momento do alagamento.<\/p>\n<hr data-start=\"1246\" data-end=\"1249\" \/>\n<p><strong>SEM POSICIONAMENTO OFICIAL<\/strong><\/p>\n<p>At\u00e9 a \u00faltima atualiza\u00e7\u00e3o, a Prefeitura de Guarulhos\u00a0<strong data-end=\"1412\" data-start=\"1363\">n\u00e3o havia divulgado um posicionamento oficial<\/strong>\u00a0sobre os preju\u00edzos provocados pelo temporal na sede do Legislativo municipal.<\/p>\n<p>Tamb\u00e9m n\u00e3o havia, at\u00e9 ent\u00e3o,\u00a0<strong data-end=\"1591\" data-start=\"1521\">uma estimativa inicial dos danos materiais causados pela inunda\u00e7\u00e3o <\/strong>dentro do pr\u00e9dio p\u00fablico.<\/p>\n<\/div>\n<p>&nbsp;<\/p>\n<p>Fonte: Portal MeioNews.<br \/>\nConfira esta e outras mat\u00e9rias na \u00edntegra pelo link: https:\/\/www.meionews.com\/politica\/forte-chuva-alaga-camara-municipal-de-vereadores-e-agua-chega-ate-o-joelho-557384<\/p>\n<\/div>\n","protected":false},"excerpt":{"rendered":"<p>Registros feitos dentro do pr\u00e9dio mostram funcion\u00e1rios caminhando pela entrada do Legislativo em meio \u00e0 \u00e1gua escura acumulada no local. &nbsp; Temporal provoca estragos e alaga a C\u00e2mara Municipal de Guarulhos. | Foto: Reprodu\u00e7\u00e3o A forte chuva que atingiu a regi\u00e3o metropolitana de S\u00e3o Paulo na \u00faltima sexta-feira (6) provocou\u00a0alagamentos e diversos transtornos urbanos.\u00a0Em Guarulhos, [&hellip;]<\/p>\n","protected":false},"author":3,"featured_media":18463,"comment_status":"open","ping_status":"open","sticky":false,"template":"","format":"standard","meta":{"om_disable_all_campaigns":false,"_monsterinsights_skip_tracking":false,"_monsterinsights_sitenote_active":false,"_monsterinsights_sitenote_note":"","_monsterinsights_sitenote_category":0,"footnotes":""},"categories":[33],"tags":[],"class_list":["post-18462","post","type-post","status-publish","format-standard","has-post-thumbnail","hentry","category-piaui"],"jetpack_featured_media_url":"https:\/\/fatoelado.com\/wp-content\/uploads\/2026\/03\/temporal-provoca-estragos-e-alaga-a-camara-municipal-de-guarulhos-b3aa130b150d7d71.jpg","_links":{"self":[{"href":"https:\/\/fatoelado.com\/index.php?rest_route=\/wp\/v2\/posts\/18462","targetHints":{"allow":["GET"]}}],"collection":[{"href":"https:\/\/fatoelado.com\/index.php?rest_route=\/wp\/v2\/posts"}],"about":[{"href":"https:\/\/fatoelado.com\/index.php?rest_route=\/wp\/v2\/types\/post"}],"author":[{"embeddable":true,"href":"https:\/\/fatoelado.com\/index.php?rest_route=\/wp\/v2\/users\/3"}],"replies":[{"embeddable":true,"href":"https:\/\/fatoelado.com\/index.php?rest_route=%2Fwp%2Fv2%2Fcomments&post=18462"}],"version-history":[{"count":1,"href":"https:\/\/fatoelado.com\/index.php?rest_route=\/wp\/v2\/posts\/18462\/revisions"}],"predecessor-version":[{"id":18464,"href":"https:\/\/fatoelado.com\/index.php?rest_route=\/wp\/v2\/posts\/18462\/revisions\/18464"}],"wp:featuredmedia":[{"embeddable":true,"href":"https:\/\/fatoelado.com\/index.php?rest_route=\/wp\/v2\/media\/18463"}],"wp:attachment":[{"href":"https:\/\/fatoelado.com\/index.php?rest_route=%2Fwp%2Fv2%2Fmedia&parent=18462"}],"wp:term":[{"taxonomy":"category","embeddable":true,"href":"https:\/\/fatoelado.com\/index.php?rest_route=%2Fwp%2Fv2%2Fcategories&post=18462"},{"taxonomy":"post_tag","embeddable":true,"href":"https:\/\/fatoelado.com\/index.php?rest_route=%2Fwp%2Fv2%2Ftags&post=18462"}],"curies":[{"name":"wp","href":"https:\/\/api.w.org\/{rel}","templated":true}]}}