{"id":18458,"date":"2026-03-09T05:21:41","date_gmt":"2026-03-09T08:21:41","guid":{"rendered":"https:\/\/fatoelado.com\/?p=18458"},"modified":"2026-03-08T20:23:18","modified_gmt":"2026-03-08T23:23:18","slug":"governo-do-piaui-convoca-mais-de-500-aprovados-em-seletivos-veja-a-lista-e-o-que-fazer","status":"publish","type":"post","link":"https:\/\/fatoelado.com\/?p=18458","title":{"rendered":"Governo do Piau\u00ed convoca mais de 500 aprovados em seletivos; veja a lista e o que fazer!"},"content":{"rendered":"<h2 class=\"article-subtitle\" style=\"text-align: center;\">Os convocados devem acessar o sistema eletr\u00f4nico da secretaria e preencher o formul\u00e1rio dispon\u00edvel no portal oficial de convoca\u00e7\u00e3o, utilizando o n\u00famero do CPF para enviar a documenta\u00e7\u00e3o exigida.<\/h2>\n<p>&nbsp;<\/p>\n<div class=\"article-image-featured\" style=\"text-align: center;\"><img decoding=\"async\" class=\"i-amphtml-fill-content i-amphtml-replaced-content aligncenter\" src=\"https:\/\/www.meionews.com\/uploads\/imagens\/2026\/3\/8\/os-convocados-deverao-entrar-no-site-e-dar-andamento-a-entrega-dos-documentos--d8ad0f372da4ede4.jpg\" alt=\"Os convocados dever\u00e3o entrar no site e dar andamento a entrega dos documentos.  | Ascom Seduc\" data-amp-loading=\"lazy\" \/><small>Os convocados dever\u00e3o entrar no site e dar andamento a entrega dos documentos. | Foto: Ascom Seduc<\/small><\/div>\n<div class=\"g-news\"><\/div>\n<div class=\"article-html\">\n<div class=\"article-html-more\">\n<p>A Secretaria de Estado da Educa\u00e7\u00e3o do Piau\u00ed divulgou novas convoca\u00e7\u00f5es de aprovados em processos seletivos simplificados destinados \u00e0 forma\u00e7\u00e3o de cadastro de reserva para profissionais da educa\u00e7\u00e3o.<\/p>\n<p>Foram publicados a<strong data-end=\"381\" data-start=\"333\">7\u00aa convoca\u00e7\u00e3o do Edital SEDUC\/GSE n\u00ba 40\/2025<\/strong>e a\u00a0<strong data-end=\"435\" data-start=\"386\">18\u00aa convoca\u00e7\u00e3o do Edital SEDUC\/GSE n\u00ba 08\/2024<\/strong>, que juntos somam\u00a0<strong data-end=\"498\" data-start=\"454\">544 candidatos chamados para contrata\u00e7\u00e3o<\/strong>.<\/p>\n<p>Pelo Edital n\u00ba 40\/2025,\u00a0<strong data-end=\"557\" data-start=\"525\">382 candidatos classificados<\/strong>\u00a0foram convocados nesta etapa. J\u00e1 o Edital n\u00ba 08\/2024 contempla\u00a0<strong data-end=\"642\" data-start=\"621\">162 profissionais<\/strong>, que dever\u00e3o apresentar a documenta\u00e7\u00e3o necess\u00e1ria para efetivar a contrata\u00e7\u00e3o.<\/p>\n<hr data-start=\"723\" data-end=\"726\" \/>\n<p><strong>ENVIO DE DOCUMENTOS<\/strong><\/p>\n<p>Os convocados devem acessar o sistema eletr\u00f4nico da secretaria e\u00a0<strong data-end=\"887\" data-start=\"818\">preencher o formul\u00e1rio dispon\u00edvel no portal oficial de convoca\u00e7\u00e3o<\/strong>, utilizando o n\u00famero do CPF para enviar a documenta\u00e7\u00e3o exigida.<\/p>\n<p>O prazo para realiza\u00e7\u00e3o do procedimento\u00a0<strong data-end=\"1023\" data-start=\"993\">come\u00e7ou na sexta-feira (6)<\/strong>\u00a0e segue\u00a0<strong data-end=\"1075\" data-start=\"1032\">at\u00e9 \u00e0s 23h59 do dia 11 de mar\u00e7o de 2026<\/strong>. Todo o processo deve ser realizado\u00a0<strong data-end=\"1147\" data-start=\"1112\">exclusivamente de forma on-line<\/strong>, dentro do per\u00edodo estipulado.<\/p>\n<p>Durante o preenchimento do cadastro, os candidatos precisam informar\u00a0<strong data-end=\"1291\" data-start=\"1249\">dados pessoais, funcionais e banc\u00e1rios<\/strong>, al\u00e9m de anexar a documenta\u00e7\u00e3o solicitada em\u00a0<strong data-end=\"1375\" data-start=\"1337\">formato PDF e com boa legibilidade<\/strong>.<\/p>\n<p>Entre os documentos exigidos est\u00e3o:<\/p>\n<ul data-start=\"1415\">\n<li data-section-id=\"1h1w6y2\" data-start=\"1415\"><strong data-end=\"1459\">Documento de identidade com foto (RG);<\/strong><\/li>\n<li data-section-id=\"11ckhgm\" data-start=\"1462\"><strong data-end=\"1472\">CPF;<\/strong><\/li>\n<li data-section-id=\"m0ntio\" data-start=\"1475\"><strong data-end=\"1507\">Comprovante de resid\u00eancia;<\/strong><\/li>\n<li data-section-id=\"11k8s8r\" data-start=\"1510\"><strong data-end=\"1556\">T\u00edtulo de eleitor com data de expedi\u00e7\u00e3o;<\/strong><\/li>\n<li data-section-id=\"1op95y3\" data-start=\"1559\"><strong data-end=\"1614\">Comprovante de conta corrente no Banco do Brasil;<\/strong><\/li>\n<li data-section-id=\"180e22c\" data-start=\"1617\"><strong data-end=\"1662\">Declara\u00e7\u00e3o de ac\u00famulo ou n\u00e3o de cargos;<\/strong><\/li>\n<li data-section-id=\"i1lv2j\" data-start=\"1665\"><strong data-end=\"1739\">Diploma de gradua\u00e7\u00e3o ou certid\u00e3o acompanhada do hist\u00f3rico acad\u00eamico;<\/strong><\/li>\n<li data-section-id=\"1ip6krm\" data-start=\"1742\"><strong data-end=\"1799\">Declara\u00e7\u00e3o de disponibilidade para exercer o cargo;<\/strong><\/li>\n<li data-section-id=\"6x31gt\" data-start=\"1802\"><strong data-end=\"1840\">Comprovante de PIS\/PASEP ou NIT;<\/strong><\/li>\n<li data-section-id=\"r3sv3o\" data-start=\"1843\"><strong>Carteira do conselho profissional, quando exigido pelo edital.<\/strong><\/li>\n<\/ul>\n<p>A Seduc refor\u00e7a que\u00a0<strong data-end=\"2041\" data-start=\"1933\">o envio completo da documenta\u00e7\u00e3o dentro do prazo \u00e9 condi\u00e7\u00e3o obrigat\u00f3ria para a efetiva\u00e7\u00e3o da contrata\u00e7\u00e3o<\/strong>.<\/p>\n<hr data-start=\"2044\" data-end=\"2047\" \/>\n<p><strong>ETAPA DE LOTA\u00c7\u00c3O<\/strong><\/p>\n<p>Ap\u00f3s o cadastro e a an\u00e1lise dos documentos, os candidatos devem acompanhar pelo pr\u00f3prio sistema\u00a0<strong data-end=\"2201\" data-start=\"2167\">a situa\u00e7\u00e3o final da convoca\u00e7\u00e3o<\/strong>.<\/p>\n<p>Os profissionais considerados aptos para atuar na\u00a0<strong data-end=\"2315\" data-start=\"2254\">4\u00aa, 19\u00aa, 20\u00aa e 21\u00aa Ger\u00eancias Regionais de Educa\u00e7\u00e3o (GREs)<\/strong>\u00a0dever\u00e3o se apresentar na\u00a0<strong data-end=\"2375\" data-start=\"2341\">Coordena\u00e7\u00e3o de Lota\u00e7\u00e3o\/Capital<\/strong>, localizada no Centro Administrativo, na Avenida Pedro Freitas.<\/p>\n<p>J\u00e1 os convocados para as demais regionais dever\u00e3o procurar\u00a0<strong data-end=\"2592\" data-start=\"2516\">as respectivas Ger\u00eancias Regionais de Educa\u00e7\u00e3o ou Supervis\u00f5es Municipais<\/strong>, conforme orienta\u00e7\u00f5es disponibilizadas no sistema.<\/p>\n<hr data-start=\"2645\" data-end=\"2648\" \/>\n<p><strong>REFOR\u00c7O NA EDUCA\u00c7\u00c3O<\/strong><\/p>\n<p>O secret\u00e1rio da Educa\u00e7\u00e3o, Rodrigo Torres, destacou que a convoca\u00e7\u00e3o busca\u00a0<strong data-end=\"2843\" data-start=\"2772\">garantir a continuidade das atividades nas escolas da rede estadual<\/strong>.<\/p>\n<p>\u201cCom a convoca\u00e7\u00e3o de mais 544 profissionais, estamos garantindo a reposi\u00e7\u00e3o de vagas com agilidade e responsabilidade, fortalecendo o quadro docente nas escolas de Tempo Integral. \u00c9 fundamental que os candidatos acompanhem as orienta\u00e7\u00f5es e cumpram rigorosamente os prazos estabelecidos\u201d, afirmou o secret\u00e1rio.<\/p>\n<p>Segundo a Seduc, a medida faz parte das a\u00e7\u00f5es da secretaria para\u00a0<strong data-end=\"3318\" data-start=\"3222\">assegurar a regularidade das aulas e fortalecer a educa\u00e7\u00e3o p\u00fablica em todo o estado do Piau\u00ed<\/strong>.<\/p>\n<\/div>\n<p>&nbsp;<\/p>\n<p>Fonte: Portal MeioNews.<br \/>\nConfira esta e outras mat\u00e9rias na \u00edntegra pelo link: https:\/\/www.meionews.com\/politica\/governo-do-piaui-convoca-mais-de-500-aprovados-em-seletivos-veja-a-lista-e-o-que-fazer-557385<\/p>\n<\/div>\n","protected":false},"excerpt":{"rendered":"<p>Os convocados devem acessar o sistema eletr\u00f4nico da secretaria e preencher o formul\u00e1rio dispon\u00edvel no portal oficial de convoca\u00e7\u00e3o, utilizando o n\u00famero do CPF para enviar a documenta\u00e7\u00e3o exigida. &nbsp; Os convocados dever\u00e3o entrar no site e dar andamento a entrega dos documentos. | Foto: Ascom Seduc A Secretaria de Estado da Educa\u00e7\u00e3o do Piau\u00ed [&hellip;]<\/p>\n","protected":false},"author":3,"featured_media":18459,"comment_status":"open","ping_status":"open","sticky":false,"template":"","format":"standard","meta":{"om_disable_all_campaigns":false,"_monsterinsights_skip_tracking":false,"_monsterinsights_sitenote_active":false,"_monsterinsights_sitenote_note":"","_monsterinsights_sitenote_category":0,"footnotes":""},"categories":[33],"tags":[],"class_list":["post-18458","post","type-post","status-publish","format-standard","has-post-thumbnail","hentry","category-piaui"],"jetpack_featured_media_url":"https:\/\/fatoelado.com\/wp-content\/uploads\/2026\/03\/os-convocados-deverao-entrar-no-site-e-dar-andamento-a-entrega-dos-documentos-d8ad0f372da4ede4.jpg","_links":{"self":[{"href":"https:\/\/fatoelado.com\/index.php?rest_route=\/wp\/v2\/posts\/18458","targetHints":{"allow":["GET"]}}],"collection":[{"href":"https:\/\/fatoelado.com\/index.php?rest_route=\/wp\/v2\/posts"}],"about":[{"href":"https:\/\/fatoelado.com\/index.php?rest_route=\/wp\/v2\/types\/post"}],"author":[{"embeddable":true,"href":"https:\/\/fatoelado.com\/index.php?rest_route=\/wp\/v2\/users\/3"}],"replies":[{"embeddable":true,"href":"https:\/\/fatoelado.com\/index.php?rest_route=%2Fwp%2Fv2%2Fcomments&post=18458"}],"version-history":[{"count":2,"href":"https:\/\/fatoelado.com\/index.php?rest_route=\/wp\/v2\/posts\/18458\/revisions"}],"predecessor-version":[{"id":18461,"href":"https:\/\/fatoelado.com\/index.php?rest_route=\/wp\/v2\/posts\/18458\/revisions\/18461"}],"wp:featuredmedia":[{"embeddable":true,"href":"https:\/\/fatoelado.com\/index.php?rest_route=\/wp\/v2\/media\/18459"}],"wp:attachment":[{"href":"https:\/\/fatoelado.com\/index.php?rest_route=%2Fwp%2Fv2%2Fmedia&parent=18458"}],"wp:term":[{"taxonomy":"category","embeddable":true,"href":"https:\/\/fatoelado.com\/index.php?rest_route=%2Fwp%2Fv2%2Fcategories&post=18458"},{"taxonomy":"post_tag","embeddable":true,"href":"https:\/\/fatoelado.com\/index.php?rest_route=%2Fwp%2Fv2%2Ftags&post=18458"}],"curies":[{"name":"wp","href":"https:\/\/api.w.org\/{rel}","templated":true}]}}