{"id":18445,"date":"2026-03-08T05:49:19","date_gmt":"2026-03-08T08:49:19","guid":{"rendered":"https:\/\/fatoelado.com\/?p=18445"},"modified":"2026-03-07T21:50:18","modified_gmt":"2026-03-08T00:50:18","slug":"lucas-pinheiro-e-campeao-do-slalom-gigante-na-1a-etapa-da-copa-do-mundo","status":"publish","type":"post","link":"https:\/\/fatoelado.com\/?p=18445","title":{"rendered":"Lucas Pinheiro \u00e9 campe\u00e3o do slalom gigante na 1\u00aa etapa da Copa do Mundo"},"content":{"rendered":"<h2 class=\"article-subtitle\" style=\"text-align: center;\">Depois da vit\u00f3ria no slalom gigante, Lucas Pinheiro voltar\u00e1 a competir em Kranjska Gora no domingo (8).<\/h2>\n<p>&nbsp;<\/p>\n<div class=\"article-image-featured\" style=\"text-align: center;\"><img decoding=\"async\" class=\"i-amphtml-fill-content i-amphtml-replaced-content aligncenter\" src=\"https:\/\/www.meionews.com\/uploads\/imagens\/2026\/3\/7\/lucas-pinheiro-e-campeao-do-slalom-gigante-na-1-etapa-da-copa--da713fc89695499f.jpg\" alt=\"Lucas Pinheiro \u00e9 campe\u00e3o do slalom gigante na 1\u00aa etapa da Copa | Foto: Stanko Gruden\/Agence Zoom\/Getty Images\" data-amp-loading=\"lazy\" \/><small>Lucas Pinheiro \u00e9 campe\u00e3o do slalom gigante na 1\u00aa etapa da Copa | Foto: Stanko Gruden\/Agence Zoom\/Getty Images<\/small><\/div>\n<div class=\"g-news\"><\/div>\n<div class=\"article-html\">\n<div class=\"article-html-more\">\n<p><strong>Menos de um m\u00eas ap\u00f3s conquistar o ouro nas Olimp\u00edadas de Inverno de Mil\u00e3o-Cortina, Lucas Pinheiro voltou a competir \u2013 e a brilhar \u2013 no slalom gigante<\/strong>. Neste s\u00e1bado (7), exatamente dois anos ap\u00f3s anunciar oficialmente que defenderia o Brasil,<strong>\u00a0o atleta de 25 anos conquistou a primeira vit\u00f3ria do pa\u00eds na prova em etapas da Copa do Mundo de esqui alpino<\/strong>. Com tempo total de 2min11s95, Lucas desbancou rivais em Kranjska Gora, na Eslov\u00eania, e est\u00e1 vivo na disputa pelo t\u00edtulo da temporada. O brasileiro ocupa a segunda posi\u00e7\u00e3o no ranking do slalom gigante, 48 pontos atr\u00e1s (495 a 447) do su\u00ed\u00e7o Marco Odermatt, quinto colocado na competi\u00e7\u00e3o eslovena, \u00faltima parada antes das finais.<\/p>\n<p>\u2013 Estou esquiando com muita felicidade, alegria. Tenho que conciliar esse sentimento com o compromisso de disputar v\u00e1rias provas importantes, lutando por t\u00edtulos. N\u00e3o posso sentir press\u00e3o, apenas seguir o fluxo. Estou muito orgulhoso pelo que fiz hoje \u2013 disse Lucas, ap\u00f3s a vit\u00f3ria no slalom gigante.<\/p>\n<p>Neste s\u00e1bado, o brasileiro j\u00e1 pulou para a ponta da classifica\u00e7\u00e3o ap\u00f3s a primeira descida em Kranjska Gora. Finalizou o trajeto em 1min10s36, 14 cent\u00e9simos \u00e0 frente do ent\u00e3o vice-l\u00edder, o austr\u00edaco Stefan Brennsteiner. \u00daltimo a entrar em a\u00e7\u00e3o para a segunda corrida, Lucas superou pequenos erros e confirmou a vit\u00f3ria no slalom gigante, registrando 1min01s59 e chegando ao tempo total de 2min11s95.\u00a0<strong>A prata ficou com o su\u00ed\u00e7o Loic Meillard, e Brennsteiner faturou o bronze.<\/strong><\/p>\n<p>Kranjska Gora recebe a pen\u00faltima etapa da temporada da Copa do Mundo. A pr\u00f3xima parada j\u00e1 ser\u00e1 nas finais, marcadas para os dias 24 e 25 de mar\u00e7o, em Lillehammer, na Noruega. Na briga pelo t\u00edtulo do slalom gigante, Lucas tamb\u00e9m \u00e9 vice-l\u00edder do ranking do slalom, s\u00f3 um ponto atr\u00e1s do noruegu\u00eas Atle Lie McGrath (452 a 451). O brasileiro ainda ocupa a segunda posi\u00e7\u00e3o na classifica\u00e7\u00e3o geral de 2025\/2026, mas sem chances de alcan\u00e7ar Marco Odermatt (1530 a 898).<\/p>\n<p>Depois da vit\u00f3ria no slalom gigante, Lucas Pinheiro voltar\u00e1 a competir em Kranjska Gora no domingo (8). Participar\u00e1 do slalom e buscar\u00e1 um bom desempenho para assumir a lideran\u00e7a da modalidade na temporada. A primeira descida ser\u00e1 \u00e0s 5h30, enquanto a segunda come\u00e7ar\u00e1 \u00e0s 8h30 (hor\u00e1rios de Bras\u00edlia). Nas Olimp\u00edadas de Mil\u00e3o-Cortina,<strong>\u00a0a prova n\u00e3o gerou boas recorda\u00e7\u00f5es, j\u00e1 que o brasileiro sofreu com as condi\u00e7\u00f5es ruins da neve e caiu.<\/strong><\/p>\n<p>Nascido em Oslo, na Noruega, Lucas \u00e9 filho de m\u00e3e brasileira. Trocou a nacionalidade no esqui alpino em 7 de mar\u00e7o de 2024, depois de defender a bandeira norueguesa por alguns anos. Desde que passou a representar o Brasil, o esquiador vem conquistando \u00f3timos resultados, como medalhas na Copa do Mundo e o ouro ol\u00edmpico em Mil\u00e3o-Cortina.<\/p>\n<p>&nbsp;<\/p>\n<div class=\"article-share_buttons2 article-share\">\n<div class=\"share_buttons\">\n<div class=\"buttons\">\n<p>Fonte: Portal MeioNews.<br \/>\nConfira esta e outras mat\u00e9rias na \u00edntegra pelo link: https:\/\/www.meionews.com\/esportes\/lucas-pinheiro-e-campeao-do-slalom-gigante-na-1-etapa-da-copa-do-mundo-557316<\/p>\n<\/div>\n<\/div>\n<\/div>\n<\/div>\n<\/div>\n","protected":false},"excerpt":{"rendered":"<p>Depois da vit\u00f3ria no slalom gigante, Lucas Pinheiro voltar\u00e1 a competir em Kranjska Gora no domingo (8). &nbsp; Lucas Pinheiro \u00e9 campe\u00e3o do slalom gigante na 1\u00aa etapa da Copa | Foto: Stanko Gruden\/Agence Zoom\/Getty Images Menos de um m\u00eas ap\u00f3s conquistar o ouro nas Olimp\u00edadas de Inverno de Mil\u00e3o-Cortina, Lucas Pinheiro voltou a competir [&hellip;]<\/p>\n","protected":false},"author":3,"featured_media":18446,"comment_status":"open","ping_status":"open","sticky":false,"template":"","format":"standard","meta":{"om_disable_all_campaigns":false,"_monsterinsights_skip_tracking":false,"_monsterinsights_sitenote_active":false,"_monsterinsights_sitenote_note":"","_monsterinsights_sitenote_category":0,"footnotes":""},"categories":[48],"tags":[],"class_list":["post-18445","post","type-post","status-publish","format-standard","has-post-thumbnail","hentry","category-esportes"],"jetpack_featured_media_url":"https:\/\/fatoelado.com\/wp-content\/uploads\/2026\/03\/lucas-pinheiro-e-campeao-do-slalom-gigante-na-1-etapa-da-copa-da713fc89695499f.jpg","_links":{"self":[{"href":"https:\/\/fatoelado.com\/index.php?rest_route=\/wp\/v2\/posts\/18445","targetHints":{"allow":["GET"]}}],"collection":[{"href":"https:\/\/fatoelado.com\/index.php?rest_route=\/wp\/v2\/posts"}],"about":[{"href":"https:\/\/fatoelado.com\/index.php?rest_route=\/wp\/v2\/types\/post"}],"author":[{"embeddable":true,"href":"https:\/\/fatoelado.com\/index.php?rest_route=\/wp\/v2\/users\/3"}],"replies":[{"embeddable":true,"href":"https:\/\/fatoelado.com\/index.php?rest_route=%2Fwp%2Fv2%2Fcomments&post=18445"}],"version-history":[{"count":1,"href":"https:\/\/fatoelado.com\/index.php?rest_route=\/wp\/v2\/posts\/18445\/revisions"}],"predecessor-version":[{"id":18447,"href":"https:\/\/fatoelado.com\/index.php?rest_route=\/wp\/v2\/posts\/18445\/revisions\/18447"}],"wp:featuredmedia":[{"embeddable":true,"href":"https:\/\/fatoelado.com\/index.php?rest_route=\/wp\/v2\/media\/18446"}],"wp:attachment":[{"href":"https:\/\/fatoelado.com\/index.php?rest_route=%2Fwp%2Fv2%2Fmedia&parent=18445"}],"wp:term":[{"taxonomy":"category","embeddable":true,"href":"https:\/\/fatoelado.com\/index.php?rest_route=%2Fwp%2Fv2%2Fcategories&post=18445"},{"taxonomy":"post_tag","embeddable":true,"href":"https:\/\/fatoelado.com\/index.php?rest_route=%2Fwp%2Fv2%2Ftags&post=18445"}],"curies":[{"name":"wp","href":"https:\/\/api.w.org\/{rel}","templated":true}]}}