{"id":18442,"date":"2026-03-08T05:48:10","date_gmt":"2026-03-08T08:48:10","guid":{"rendered":"https:\/\/fatoelado.com\/?p=18442"},"modified":"2026-03-07T21:49:10","modified_gmt":"2026-03-08T00:49:10","slug":"dois-pacientes-morrem-apos-colonoscopia-com-perfuracao-intestinal-na-mesma-clinica","status":"publish","type":"post","link":"https:\/\/fatoelado.com\/?p=18442","title":{"rendered":"Dois pacientes morrem ap\u00f3s colonoscopia com perfura\u00e7\u00e3o intestinal na mesma cl\u00ednica"},"content":{"rendered":"<h2 class=\"article-subtitle\" style=\"text-align: center;\">Paciente realizou procedimento m\u00e9dico na mesma cl\u00ednica que Thyago da Silva Severino<\/h2>\n<p>&nbsp;<\/p>\n<div class=\"article-image-featured\" style=\"text-align: center;\"><img decoding=\"async\" class=\"i-amphtml-fill-content i-amphtml-replaced-content aligncenter\" src=\"https:\/\/www.meionews.com\/uploads\/imagens\/2026\/3\/7\/duas-mortes-apos-colonoscopia-levantam-suspeitas-de-erro-medico--891d23b277abf0a9.jpg\" alt=\"Duas mortes ap\u00f3s colonoscopia levantam suspeitas de erro m\u00e9dico | Reprodu\u00e7\u00e3o\" data-amp-loading=\"lazy\" \/><small>Duas mortes ap\u00f3s colonoscopia levantam suspeitas de erro m\u00e9dico | Foto: Reprodu\u00e7\u00e3o<\/small><\/div>\n<div class=\"g-news\"><\/div>\n<div class=\"article-html\">\n<div class=\"article-html-more\">\n<p>Ap\u00f3s a<strong>\u00a0morte de Thyago da Silva Severino, de 34 anos, depois de ter o intestino perfurado durante uma colonoscopia,<\/strong> mais uma fam\u00edlia denunciou a cl\u00ednica. Eles alegam que outro paciente entrou em coma e faleceu ap\u00f3s a realiza\u00e7\u00e3o do procedimento m\u00e9dico com o mesmo profissional da mesma cl\u00ednica particular em que Thyago foi atendido.<\/p>\n<p>A<strong>\u00a0fam\u00edlia denunciou a morte de Alzery Geraldo de Souza ap\u00f3s a realiza\u00e7\u00e3o de exames de colonoscopia\u00a0<\/strong>e endoscopia, em setembro do ano passado, em uma cl\u00ednica localizada em Cerejeiras, no estado de Rond\u00f4nia.<\/p>\n<p>Segundo os familiares, o<strong>\u00a0homem come\u00e7ou a sentir dores intensas na barriga<\/strong>\u00a0e, ap\u00f3s avalia\u00e7\u00e3o do m\u00e9dico, recebeu a prescri\u00e7\u00e3o de uma medica\u00e7\u00e3o para dor e, logo depois, foi liberado.<\/p>\n<p>As dores ficaram mais fortes e o paciente foi levado para o hospital de Cerejeiras, mas precisou ser transferido para outra unidade, em Vilhena, para a realiza\u00e7\u00e3o de um exame de tomografia. Os resultados indicaram\u00a0<strong>uma perfura\u00e7\u00e3o no intestino, sendo necess\u00e1ria a realiza\u00e7\u00e3o de uma cirurgia de emerg\u00eancia.<\/strong><\/p>\n<p>O paciente entrou em coma e ficou internado por 10 dias na Unidade de Terapia Intensiva (UTI) do hospital. Alzery n\u00e3o resistiu e faleceu ap\u00f3s o per\u00edodo de interna\u00e7\u00e3o, no dia 30 de setembro.<\/p>\n<p>A Delegacia de Cerejeiras vai apurar se houve erro m\u00e9dico na execu\u00e7\u00e3o dos exames.\u00a0<strong>At\u00e9 o momento, a cl\u00ednica n\u00e3o emitiu posicionamento sobre o caso<\/strong>. O Conselho Regional de Medicina do Estado de Rond\u00f4nia tamb\u00e9m informou que ir\u00e1 apurar o caso por meio dos setores respons\u00e1veis.<\/p>\n<h2>Segunda morte<\/h2>\n<p>Thyago da Silva Severino, morreu ap\u00f3s ter o intestino perfurado durante uma colonoscopia realizada em uma cl\u00ednica particular de Cerejeiras. O exame fazia parte do acompanhamento m\u00e9dico que ele realizava regularmente. De acordo com familiares, o intestino foi perfurado durante a realiza\u00e7\u00e3o do procedimento. A morte ocorreu no \u00faltimo s\u00e1bado (28).<\/p>\n<p>A fam\u00edlia informou que o m\u00e9dico respons\u00e1vel pelo exame, que acompanhava Thyago havia cerca de oito anos, interrompeu a colonoscopia e informou que o \u00f3rg\u00e3o estaria \u201cum pouco comprometido\u201d, indicando a possibilidade da perfura\u00e7\u00e3o. Ap\u00f3s o incidente, Thyago foi socorrido e levado ao Hospital S\u00e3o Lucas, em Cerejeiras. Em seguida, ele foi transferido para o Hospital Regional de Vilhena, onde passou por avalia\u00e7\u00e3o m\u00e9dica.<\/p>\n<p>Na sexta-feira (27), ele foi submetido a uma cirurgia e depois encaminhado para a Unidade de Terapia Intensiva (UTI). Thyago n\u00e3o resistiu e morreu na manh\u00e3 de s\u00e1bado.<\/p>\n<p class=\"ads\">\n<div class=\"article-share_buttons2 article-share\">\n<div class=\"share_buttons\">\n<div class=\"buttons\">\n<p>Fonte: Portal MeioNews.<br \/>\nConfira esta e outras mat\u00e9rias na \u00edntegra pelo link: https:\/\/www.meionews.com\/policia\/dois-pacientes-morrem-apos-colonoscopia-com-perfuracao-intestinal-na-mesma-clinica-557314<\/p>\n<\/div>\n<\/div>\n<\/div>\n<\/div>\n<\/div>\n","protected":false},"excerpt":{"rendered":"<p>Paciente realizou procedimento m\u00e9dico na mesma cl\u00ednica que Thyago da Silva Severino &nbsp; Duas mortes ap\u00f3s colonoscopia levantam suspeitas de erro m\u00e9dico | Foto: Reprodu\u00e7\u00e3o Ap\u00f3s a\u00a0morte de Thyago da Silva Severino, de 34 anos, depois de ter o intestino perfurado durante uma colonoscopia, mais uma fam\u00edlia denunciou a cl\u00ednica. Eles alegam que outro paciente [&hellip;]<\/p>\n","protected":false},"author":3,"featured_media":18443,"comment_status":"open","ping_status":"open","sticky":false,"template":"","format":"standard","meta":{"om_disable_all_campaigns":false,"_monsterinsights_skip_tracking":false,"_monsterinsights_sitenote_active":false,"_monsterinsights_sitenote_note":"","_monsterinsights_sitenote_category":0,"footnotes":""},"categories":[47,542],"tags":[],"class_list":["post-18442","post","type-post","status-publish","format-standard","has-post-thumbnail","hentry","category-nacionais","category-policia"],"jetpack_featured_media_url":"https:\/\/fatoelado.com\/wp-content\/uploads\/2026\/03\/duas-mortes-apos-colonoscopia-levantam-suspeitas-de-erro-medico-891d23b277abf0a9.jpg","_links":{"self":[{"href":"https:\/\/fatoelado.com\/index.php?rest_route=\/wp\/v2\/posts\/18442","targetHints":{"allow":["GET"]}}],"collection":[{"href":"https:\/\/fatoelado.com\/index.php?rest_route=\/wp\/v2\/posts"}],"about":[{"href":"https:\/\/fatoelado.com\/index.php?rest_route=\/wp\/v2\/types\/post"}],"author":[{"embeddable":true,"href":"https:\/\/fatoelado.com\/index.php?rest_route=\/wp\/v2\/users\/3"}],"replies":[{"embeddable":true,"href":"https:\/\/fatoelado.com\/index.php?rest_route=%2Fwp%2Fv2%2Fcomments&post=18442"}],"version-history":[{"count":1,"href":"https:\/\/fatoelado.com\/index.php?rest_route=\/wp\/v2\/posts\/18442\/revisions"}],"predecessor-version":[{"id":18444,"href":"https:\/\/fatoelado.com\/index.php?rest_route=\/wp\/v2\/posts\/18442\/revisions\/18444"}],"wp:featuredmedia":[{"embeddable":true,"href":"https:\/\/fatoelado.com\/index.php?rest_route=\/wp\/v2\/media\/18443"}],"wp:attachment":[{"href":"https:\/\/fatoelado.com\/index.php?rest_route=%2Fwp%2Fv2%2Fmedia&parent=18442"}],"wp:term":[{"taxonomy":"category","embeddable":true,"href":"https:\/\/fatoelado.com\/index.php?rest_route=%2Fwp%2Fv2%2Fcategories&post=18442"},{"taxonomy":"post_tag","embeddable":true,"href":"https:\/\/fatoelado.com\/index.php?rest_route=%2Fwp%2Fv2%2Ftags&post=18442"}],"curies":[{"name":"wp","href":"https:\/\/api.w.org\/{rel}","templated":true}]}}