{"id":18439,"date":"2026-03-08T05:46:43","date_gmt":"2026-03-08T08:46:43","guid":{"rendered":"https:\/\/fatoelado.com\/?p=18439"},"modified":"2026-03-07T21:48:03","modified_gmt":"2026-03-08T00:48:03","slug":"assessor-de-vini-jr-e-paqueta-e-baleado-em-tentativa-de-latrocinio-no-rio","status":"publish","type":"post","link":"https:\/\/fatoelado.com\/?p=18439","title":{"rendered":"Assessor de Vini Jr e Paquet\u00e1 \u00e9 baleado em tentativa de latroc\u00ednio no Rio"},"content":{"rendered":"<h2 class=\"article-subtitle\" style=\"text-align: center;\">Edu Peixoto usou as redes sociais para comunicar que est\u00e1 se recuperando, ainda internado. Ele n\u00e3o deu detalhes da ocorr\u00eancia<\/h2>\n<p>&nbsp;<\/p>\n<div class=\"article-image-featured\" style=\"text-align: center;\"><img decoding=\"async\" class=\"i-amphtml-fill-content i-amphtml-replaced-content aligncenter\" src=\"https:\/\/www.meionews.com\/uploads\/imagens\/2026\/3\/7\/assessor-de-vini-jr-e-paqueta-e-baleado-em-tentativa-de-latrocinio-no-rio--7dc4f05d77e5ab4e.jpg\" alt=\"Assessor de Vini Jr e Paquet\u00e1 \u00e9 baleado em tentativa de latroc\u00ednio no Rio | Reprodu\u00e7\u00e3o\/Redes Sociais \" data-amp-loading=\"lazy\" \/><small>Assessor de Vini Jr e Paquet\u00e1 \u00e9 baleado em tentativa de latroc\u00ednio no Rio | Foto: Reprodu\u00e7\u00e3o\/Redes Sociais<\/small><\/div>\n<div class=\"g-news\"><\/div>\n<div class=\"article-html\">\n<div class=\"article-html-more\">\n<p>O\u00a0<strong>assessor de imagem e marketing dos jogadores Vini Jr. e Lucas Paquet\u00e1<\/strong> usou as redes sociais neste s\u00e1bado (7) para comunicar que foi baleado na barriga em uma tentativa de latroc\u00ednio no Rio de Janeiro. Ele teve os pertences roubados.<\/p>\n<p>De acordo com o post, a ocorr\u00eancia foi na quinta-feira (5), mas Edu Peixoto n\u00e3o deu mais detalhes.<\/p>\n<blockquote><p>&#8220;Parecia pesadelo, mas foi s\u00f3 uma noite no Rio. Na quinta, fui baleado na barriga durante uma tentativa de assalto e estou internado. Sigo sem celular\/whatsapp. Mirar na recupera\u00e7\u00e3o e agradecer a nova oportunidade de ver meu filho crescer&#8221;, escreveu.<\/p><\/blockquote>\n<p>Nas redes sociais, ele se apresenta como marketing, imagem e comercial dos dois jogadores, al\u00e9m de presidente da SAF do Am\u00e9rica Futebol Clube Pernambuco.\u00a0<strong>Ele \u00e9 pai de um menino de 4 anos.<\/strong><\/p>\n<p>&nbsp;<\/p>\n<div class=\"dimg\"><strong><img decoding=\"async\" class=\"i-amphtml-intrinsic-sizer\" role=\"presentation\" src=\"data:;base64,<svg height=\"1580px\" width=\"984px\" xmlns=\"http:\/\/www.w3.org\/2000\/svg\" version=\"1.1\"\/>&#8221; alt=&#8221;&#8221; aria-hidden=&#8221;true&#8221; \/><img decoding=\"async\" class=\"i-amphtml-fill-content i-amphtml-replaced-content\" src=\"https:\/\/www.meionews.com\/uploads\/imagens\/2026\/3\/7\/assessor-de-vini-jr-e-paqueta-e-baleado-em-tentativa-de-latrocinio-no-rio--a9040adcd1b074ba.jpg\" alt=\"Assessor de Vini Jr e Paquet\u00e1 \u00e9 baleado em tentativa de latroc\u00ednio no Rio\" data-amp-loading=\"lazy\" \/><\/strong><\/div>\n<p><strong><span class=\"fr-inner\">Assessor de Vini Jr e Paquet\u00e1 \u00e9 baleado em tentativa de latroc\u00ednio no Rio<\/span><\/strong>&nbsp;<\/p>\n<div class=\"article-share_buttons2 article-share\">\n<div class=\"share_buttons\">\n<div class=\"buttons\">\n<p>Fonte: Portal MeioNews.<br \/>\nConfira esta e outras mat\u00e9rias na \u00edntegra pelo link: https:\/\/www.meionews.com\/policia\/assessor-de-vini-jr-e-paqueta-e-baleado-em-tentativa-de-latrocinio-no-rio-557327<\/p>\n<\/div>\n<\/div>\n<\/div>\n<\/div>\n<\/div>\n","protected":false},"excerpt":{"rendered":"<p>Edu Peixoto usou as redes sociais para comunicar que est\u00e1 se recuperando, ainda internado. Ele n\u00e3o deu detalhes da ocorr\u00eancia &nbsp; Assessor de Vini Jr e Paquet\u00e1 \u00e9 baleado em tentativa de latroc\u00ednio no Rio | Foto: Reprodu\u00e7\u00e3o\/Redes Sociais O\u00a0assessor de imagem e marketing dos jogadores Vini Jr. e Lucas Paquet\u00e1 usou as redes sociais [&hellip;]<\/p>\n","protected":false},"author":3,"featured_media":18440,"comment_status":"open","ping_status":"open","sticky":false,"template":"","format":"standard","meta":{"om_disable_all_campaigns":false,"_monsterinsights_skip_tracking":false,"_monsterinsights_sitenote_active":false,"_monsterinsights_sitenote_note":"","_monsterinsights_sitenote_category":0,"footnotes":""},"categories":[47],"tags":[],"class_list":["post-18439","post","type-post","status-publish","format-standard","has-post-thumbnail","hentry","category-nacionais"],"jetpack_featured_media_url":"https:\/\/fatoelado.com\/wp-content\/uploads\/2026\/03\/assessor-de-vini-jr-e-paqueta-e-baleado-em-tentativa-de-latrocinio-no-rio-7dc4f05d77e5ab4e.jpg","_links":{"self":[{"href":"https:\/\/fatoelado.com\/index.php?rest_route=\/wp\/v2\/posts\/18439","targetHints":{"allow":["GET"]}}],"collection":[{"href":"https:\/\/fatoelado.com\/index.php?rest_route=\/wp\/v2\/posts"}],"about":[{"href":"https:\/\/fatoelado.com\/index.php?rest_route=\/wp\/v2\/types\/post"}],"author":[{"embeddable":true,"href":"https:\/\/fatoelado.com\/index.php?rest_route=\/wp\/v2\/users\/3"}],"replies":[{"embeddable":true,"href":"https:\/\/fatoelado.com\/index.php?rest_route=%2Fwp%2Fv2%2Fcomments&post=18439"}],"version-history":[{"count":1,"href":"https:\/\/fatoelado.com\/index.php?rest_route=\/wp\/v2\/posts\/18439\/revisions"}],"predecessor-version":[{"id":18441,"href":"https:\/\/fatoelado.com\/index.php?rest_route=\/wp\/v2\/posts\/18439\/revisions\/18441"}],"wp:featuredmedia":[{"embeddable":true,"href":"https:\/\/fatoelado.com\/index.php?rest_route=\/wp\/v2\/media\/18440"}],"wp:attachment":[{"href":"https:\/\/fatoelado.com\/index.php?rest_route=%2Fwp%2Fv2%2Fmedia&parent=18439"}],"wp:term":[{"taxonomy":"category","embeddable":true,"href":"https:\/\/fatoelado.com\/index.php?rest_route=%2Fwp%2Fv2%2Fcategories&post=18439"},{"taxonomy":"post_tag","embeddable":true,"href":"https:\/\/fatoelado.com\/index.php?rest_route=%2Fwp%2Fv2%2Ftags&post=18439"}],"curies":[{"name":"wp","href":"https:\/\/api.w.org\/{rel}","templated":true}]}}