{"id":18433,"date":"2026-03-07T05:25:02","date_gmt":"2026-03-07T08:25:02","guid":{"rendered":"https:\/\/fatoelado.com\/?p=18433"},"modified":"2026-03-06T22:26:19","modified_gmt":"2026-03-07T01:26:19","slug":"apos-8-anos-pm-acusado-de-matar-menina-em-teresina-vai-a-julgamento","status":"publish","type":"post","link":"https:\/\/fatoelado.com\/?p=18433","title":{"rendered":"Ap\u00f3s 8 anos, PM acusado de matar menina em Teresina vai a julgamento"},"content":{"rendered":"<p><img decoding=\"async\" class=\"aligncenter\" src=\"https:\/\/cidadeverde.com\/assets\/uploads\/colecoes\/2\/2026\/03\/4ea9521953388afa9645dab6dbd56185.jpg\" alt=\"4ea9521953388afa9645dab6dbd56185.jpg\" \/><\/p>\n<p>O Policial Militar Aldo Dornel, acusado de homic\u00eddio qualificado contra Emilly Caetano Costa, de 9 anos, vai passar por julgamento no pr\u00f3ximo dia 16 de mar\u00e7o, na 1\u00aa Vara do Tribunal Popular do J\u00fari de Teresina, na capital piauiense. A pauta de julgamento foi publicada no Di\u00e1rio Oficial do Tribunal de Justi\u00e7a de 4 de mar\u00e7o.<\/p>\n<p>A crian\u00e7a foi morta na noite de 25 de dezembro de 2017, na Avenida Jo\u00e3o XXIII, na zona Sudeste da cidade.\u00a0Emily estava com o pai, o cantor Evandro Costa, que foi atingida na cabe\u00e7a e perdeu parte da audi\u00e7\u00e3o, a m\u00e3e Daiane Caetano e as duas irm\u00e3s. A m\u00e3e foi atingida de rasp\u00e3o no bra\u00e7o, ela estava com o beb\u00ea de 8 meses no bra\u00e7o.\u00a0 A fam\u00edlia alegou que n\u00e3o parou o ve\u00edculo porque o beb\u00ea estava no banco da frente do ve\u00edculo com a m\u00e3e.<\/p>\n<p>Segundo den\u00fancia do Minist\u00e9rio P\u00fablico do Estado do Piau\u00ed (MPPI),<strong>\u00a0policiais militares abordaram um carro onde estava uma fam\u00edlia e efetuaram disparos contra o ve\u00edculo. A menina morreu e outros ocupantes ficaram feridos.<\/strong><\/p>\n<p>O\u00a0policial Aldo Dornel teria efetuado os disparos contra o carro da fam\u00edlia ap\u00f3s uma persegui\u00e7\u00e3o policial, atingindo Emilly. Ele foi denunciado por homic\u00eddio duplamente qualificado e por quatro tentativas de homic\u00eddio. J\u00e1 o outro policial que tamb\u00e9m participava da ocorr\u00eancia, Francisco Ven\u00edcio Alves, foi acusado de fraude processual, por supostamente recolher c\u00e1psulas de muni\u00e7\u00e3o e alterar a cena do crime ap\u00f3s os disparos.<\/p>\n<p>O processo re\u00fane diversos laudos periciais, exames bal\u00edsticos, depoimentos de v\u00edtimas e testemunhas, al\u00e9m de imagens de c\u00e2meras de seguran\u00e7a. Segundo relatos colhidos durante a investiga\u00e7\u00e3o, os policiais teriam iniciado uma persegui\u00e7\u00e3o ao ve\u00edculo da fam\u00edlia e, ap\u00f3s o carro parar, ocorreram os disparos. Testemunhas afirmaram que n\u00e3o houve abordagem pr\u00e9via clara antes dos tiros.<\/p>\n<p>Em 2018, o juiz respons\u00e1vel pelo caso decidiu pronunciar os acusados, ou seja, entendeu que h\u00e1 ind\u00edcios suficientes para serem julgados pelo Tribunal do J\u00fari. A decis\u00e3o tamb\u00e9m manteve as qualificadoras do crime, como o uso de meio que gerou perigo comum e a impossibilidade de defesa das v\u00edtimas.<\/p>\n<p>Ap\u00f3s a decis\u00e3o, as defesas e o Minist\u00e9rio P\u00fablico apresentaram recursos ao Tribunal de Justi\u00e7a do Estado do Piau\u00ed, que, em 2021, manteve a senten\u00e7a de pron\u00fancia. Novos recursos foram apresentados \u00e0s inst\u00e2ncias superiores, mas acabaram sendo rejeitados ou n\u00e3o admitidos, encerrando a fase de questionamentos sobre a decis\u00e3o.<\/p>\n<p>&nbsp;<\/p>\n<p>Fonte: Portal CidadeVerde.<br \/>\nConfira esta e outras mat\u00e9rias na \u00edntegra pelo link: https:\/\/cidadeverde.com\/noticias\/451913\/apos-8-anos-pm-acusado-de-matar-menina-em-teresina-vai-a-julgamento<\/p>\n","protected":false},"excerpt":{"rendered":"<p>O Policial Militar Aldo Dornel, acusado de homic\u00eddio qualificado contra Emilly Caetano Costa, de 9 anos, vai passar por julgamento no pr\u00f3ximo dia 16 de mar\u00e7o, na 1\u00aa Vara do Tribunal Popular do J\u00fari de Teresina, na capital piauiense. A pauta de julgamento foi publicada no Di\u00e1rio Oficial do Tribunal de Justi\u00e7a de 4 de [&hellip;]<\/p>\n","protected":false},"author":3,"featured_media":18434,"comment_status":"open","ping_status":"open","sticky":false,"template":"","format":"standard","meta":{"om_disable_all_campaigns":false,"_monsterinsights_skip_tracking":false,"_monsterinsights_sitenote_active":false,"_monsterinsights_sitenote_note":"","_monsterinsights_sitenote_category":0,"footnotes":""},"categories":[33,542],"tags":[],"class_list":["post-18433","post","type-post","status-publish","format-standard","has-post-thumbnail","hentry","category-piaui","category-policia"],"jetpack_featured_media_url":"https:\/\/fatoelado.com\/wp-content\/uploads\/2026\/03\/4ea9521953388afa9645dab6dbd56185.jpg","_links":{"self":[{"href":"https:\/\/fatoelado.com\/index.php?rest_route=\/wp\/v2\/posts\/18433","targetHints":{"allow":["GET"]}}],"collection":[{"href":"https:\/\/fatoelado.com\/index.php?rest_route=\/wp\/v2\/posts"}],"about":[{"href":"https:\/\/fatoelado.com\/index.php?rest_route=\/wp\/v2\/types\/post"}],"author":[{"embeddable":true,"href":"https:\/\/fatoelado.com\/index.php?rest_route=\/wp\/v2\/users\/3"}],"replies":[{"embeddable":true,"href":"https:\/\/fatoelado.com\/index.php?rest_route=%2Fwp%2Fv2%2Fcomments&post=18433"}],"version-history":[{"count":1,"href":"https:\/\/fatoelado.com\/index.php?rest_route=\/wp\/v2\/posts\/18433\/revisions"}],"predecessor-version":[{"id":18435,"href":"https:\/\/fatoelado.com\/index.php?rest_route=\/wp\/v2\/posts\/18433\/revisions\/18435"}],"wp:featuredmedia":[{"embeddable":true,"href":"https:\/\/fatoelado.com\/index.php?rest_route=\/wp\/v2\/media\/18434"}],"wp:attachment":[{"href":"https:\/\/fatoelado.com\/index.php?rest_route=%2Fwp%2Fv2%2Fmedia&parent=18433"}],"wp:term":[{"taxonomy":"category","embeddable":true,"href":"https:\/\/fatoelado.com\/index.php?rest_route=%2Fwp%2Fv2%2Fcategories&post=18433"},{"taxonomy":"post_tag","embeddable":true,"href":"https:\/\/fatoelado.com\/index.php?rest_route=%2Fwp%2Fv2%2Ftags&post=18433"}],"curies":[{"name":"wp","href":"https:\/\/api.w.org\/{rel}","templated":true}]}}