{"id":18417,"date":"2026-03-07T05:59:02","date_gmt":"2026-03-07T08:59:02","guid":{"rendered":"https:\/\/fatoelado.com\/?p=18417"},"modified":"2026-03-06T22:01:20","modified_gmt":"2026-03-07T01:01:20","slug":"junior-santos-retorna-ao-botafogo-e-inicia-terceira-passagem-pelo-clube","status":"publish","type":"post","link":"https:\/\/fatoelado.com\/?p=18417","title":{"rendered":"J\u00fanior Santos retorna ao Botafogo e inicia terceira passagem pelo clube"},"content":{"rendered":"<h2 class=\"article-subtitle\" style=\"text-align: center;\">Jogador assina empr\u00e9stimo at\u00e9 2026 e clube o destaca como fundamental nas conquistas de 2024.<\/h2>\n<p>&nbsp;<\/p>\n<div class=\"article-image-featured\" style=\"text-align: center;\"><img decoding=\"async\" class=\"i-amphtml-fill-content i-amphtml-replaced-content aligncenter\" src=\"https:\/\/www.meionews.com\/uploads\/imagens\/2026\/3\/6\/junior-santos--8d7fa1bf9836bf1f.jpg\" alt=\"J\u00fanior Santos | V\u00edtor Silva\/ BFR\" data-amp-loading=\"lazy\" \/><small>J\u00fanior Santos | Foto: V\u00edtor Silva\/ BFR<\/small><\/div>\n<div class=\"g-news\"><\/div>\n<div class=\"article-html\">\n<div class=\"article-html-more\">\n<p>O Botafogo anunciou nesta sexta-feira (6) o retorno do atacante J\u00fanior Santos, marcando , marcando sua terceira passagem pelo clube carioca. O jogador assinou contrato por empr\u00e9stimo at\u00e9 o fim de 2026.<\/p>\n<p>Na \u00faltima temporada, o atleta de 31 anos atuou pelo Atl\u00e9tico-MG,<strong><span class=\"highlight\">\u00a0onde disputou 28 partidas, marcou dois gols e deu duas assist\u00eancias.<\/span><\/strong><\/p>\n<h2><em>#GloriosaCamisa<\/em><\/h2>\n<p>Com a camisa alvinegra, o atacante soma 115 jogos, 28 gols e oito assist\u00eancias. Ele tamb\u00e9m \u00e9 considerado o maior artilheiro do Botafogo na Libertadores, competi\u00e7\u00e3o conquistada pelo time em 2024, ano em que o clube tamb\u00e9m venceu o Campeonato Brasileiro.\u00a0<strong><span class=\"highlight\">Na legenda o clube destacou:\u00a0<\/span><\/strong><\/p>\n<blockquote><p><em>\u201cBotafogo acerta o retorno de J\u00fanior Santos, jogador hist\u00f3rico e fundamental nas conquistas de 2024! Que seja um novo ciclo de vit\u00f3rias com a #GloriosaCamisa\u201d<\/em><\/p><\/blockquote>\n<p>Em resposta a postagem, que j\u00e1 ultrapassa as 30 mil curtidas, o jogador expressou sua gratid\u00e3o:<\/p>\n<blockquote><p><em>\u201cObrigado a todos os torcedores pelo carinho, vou da o meu melhor dentro de campo para retribuir o apoio que tenho recebido.\u2764\ufe0f\ud83d\ude4c<\/em><\/p>\n<p><em>Estou de volta\ud83d\udc0a\u26a1\ufe0f\u201d<\/em><\/p><\/blockquote>\n<\/div>\n<\/div>\n<p>&nbsp;<\/p>\n<p>Fonte: Portal MeioNews.<br \/>\nConfira esta e outras mat\u00e9rias na \u00edntegra pelo link: https:\/\/www.meionews.com\/esportes\/junior-santos-retorna-ao-botafogo-e-inicia-terceira-passagem-pelo-clube-557271<\/p>\n","protected":false},"excerpt":{"rendered":"<p>Jogador assina empr\u00e9stimo at\u00e9 2026 e clube o destaca como fundamental nas conquistas de 2024. &nbsp; J\u00fanior Santos | Foto: V\u00edtor Silva\/ BFR O Botafogo anunciou nesta sexta-feira (6) o retorno do atacante J\u00fanior Santos, marcando , marcando sua terceira passagem pelo clube carioca. O jogador assinou contrato por empr\u00e9stimo at\u00e9 o fim de 2026. [&hellip;]<\/p>\n","protected":false},"author":3,"featured_media":18418,"comment_status":"open","ping_status":"open","sticky":false,"template":"","format":"standard","meta":{"om_disable_all_campaigns":false,"_monsterinsights_skip_tracking":false,"_monsterinsights_sitenote_active":false,"_monsterinsights_sitenote_note":"","_monsterinsights_sitenote_category":0,"footnotes":""},"categories":[48],"tags":[],"class_list":["post-18417","post","type-post","status-publish","format-standard","has-post-thumbnail","hentry","category-esportes"],"jetpack_featured_media_url":"https:\/\/fatoelado.com\/wp-content\/uploads\/2026\/03\/junior-santos-8d7fa1bf9836bf1f.jpg","_links":{"self":[{"href":"https:\/\/fatoelado.com\/index.php?rest_route=\/wp\/v2\/posts\/18417","targetHints":{"allow":["GET"]}}],"collection":[{"href":"https:\/\/fatoelado.com\/index.php?rest_route=\/wp\/v2\/posts"}],"about":[{"href":"https:\/\/fatoelado.com\/index.php?rest_route=\/wp\/v2\/types\/post"}],"author":[{"embeddable":true,"href":"https:\/\/fatoelado.com\/index.php?rest_route=\/wp\/v2\/users\/3"}],"replies":[{"embeddable":true,"href":"https:\/\/fatoelado.com\/index.php?rest_route=%2Fwp%2Fv2%2Fcomments&post=18417"}],"version-history":[{"count":1,"href":"https:\/\/fatoelado.com\/index.php?rest_route=\/wp\/v2\/posts\/18417\/revisions"}],"predecessor-version":[{"id":18419,"href":"https:\/\/fatoelado.com\/index.php?rest_route=\/wp\/v2\/posts\/18417\/revisions\/18419"}],"wp:featuredmedia":[{"embeddable":true,"href":"https:\/\/fatoelado.com\/index.php?rest_route=\/wp\/v2\/media\/18418"}],"wp:attachment":[{"href":"https:\/\/fatoelado.com\/index.php?rest_route=%2Fwp%2Fv2%2Fmedia&parent=18417"}],"wp:term":[{"taxonomy":"category","embeddable":true,"href":"https:\/\/fatoelado.com\/index.php?rest_route=%2Fwp%2Fv2%2Fcategories&post=18417"},{"taxonomy":"post_tag","embeddable":true,"href":"https:\/\/fatoelado.com\/index.php?rest_route=%2Fwp%2Fv2%2Ftags&post=18417"}],"curies":[{"name":"wp","href":"https:\/\/api.w.org\/{rel}","templated":true}]}}