{"id":18414,"date":"2026-03-07T05:56:10","date_gmt":"2026-03-07T08:56:10","guid":{"rendered":"https:\/\/fatoelado.com\/?p=18414"},"modified":"2026-03-06T21:58:57","modified_gmt":"2026-03-07T00:58:57","slug":"time-da-serie-d-procura-filipe-luis-apos-demissao-do-flamengo","status":"publish","type":"post","link":"https:\/\/fatoelado.com\/?p=18414","title":{"rendered":"Time da S\u00e9rie D procura Filipe Lu\u00eds ap\u00f3s demiss\u00e3o do Flamengo"},"content":{"rendered":"<h2 class=\"article-subtitle\" style=\"text-align: center;\">Presidente do Joinville diz ter procurado o ex-treinador rubro-negro para ocupar cargo de \u201cmanager\u201d, mas afirma que n\u00e3o recebeu resposta<\/h2>\n<p>&nbsp;<\/p>\n<div class=\"article-image-featured\" style=\"text-align: center;\"><img decoding=\"async\" class=\"i-amphtml-fill-content i-amphtml-replaced-content aligncenter\" src=\"https:\/\/www.meionews.com\/uploads\/imagens\/2026\/3\/6\/filipe-luis-na-vitoria-do-flamengo-sobre-o-madureira-pela-semifinal-do-carioca--fa82157c968c1d36.jpg\" alt=\"Filipe Lu\u00eds na vit\u00f3ria do Flamengo sobre o Madureira pela semifinal do Carioca | Foto: Jorge Rodrigues\/AGIF\/Gazeta Press\" data-amp-loading=\"lazy\" \/><small>Filipe Lu\u00eds na vit\u00f3ria do Flamengo sobre o Madureira pela semifinal do Carioca | Foto: Jorge Rodrigues\/AGIF\/Gazeta Press<\/small><\/div>\n<div class=\"g-news\"><\/div>\n<div class=\"article-html\">\n<div class=\"article-html-more\">\n<p>O\u00a0<strong>Joinville<\/strong>\u00a0foi o primeiro clube a tentar oficialmente um contato com\u00a0<strong>Filipe Lu\u00eds<\/strong>\u00a0ap\u00f3s a\u00a0demiss\u00e3o do treinador\u00a0do\u00a0<strong>Flamengo<\/strong>, ocorrida na madrugada da \u00faltima ter\u00e7a-feira (3). Em entrevista \u00e0 r\u00e1dio CBN Joinville nesta sexta-feira (6), o presidente interino do clube, Derian Campos, afirmou que buscou falar com o ex-lateral, mas n\u00e3o obteve retorno.<\/p>\n<blockquote><p>Tentei sim contato com ele, busquei o telefone dele com amigos, mandei mensagem pelas redes sociais, mas n\u00e3o consegui falar com ele.<\/p><\/blockquote>\n<p>Segundo o dirigente, a ideia n\u00e3o seria necessariamente contratar Filipe Lu\u00eds como treinador, mas avaliar a possibilidade de ele assumir uma fun\u00e7\u00e3o de\u00a0<strong>manager<\/strong>\u00a0no clube, respons\u00e1vel por ajudar na montagem do elenco e na estrutura do futebol.<\/p>\n<blockquote><p>O recado que eu quis passar foi que eu n\u00e3o tenho limite com rela\u00e7\u00e3o \u00e0 solu\u00e7\u00e3o que eu preciso trazer pro Joinville. Creio que ele tenha feito contato com alguns fundos, alguns times, ele entende j\u00e1 um pouco de SAF. Eu sou vendedor, n\u00e3o posso ter limite, n\u00e3o posso falar \u2018o Joinville \u00e9 muito pequeno pro Filipe\u2019, n\u00e3o. [\u2026] Eu penso que um cara desse poderia vir e ser um manager, por exemplo, o cara respons\u00e1vel por trazer jogadores, montar o time.<\/p><\/blockquote>\n<p>&nbsp;<\/p>\n<div class=\"dimg\"><img decoding=\"async\" class=\"i-amphtml-intrinsic-sizer\" role=\"presentation\" src=\"data:;base64,<svg height=\"1080px\" width=\"1920px\" xmlns=\"http:\/\/www.w3.org\/2000\/svg\" version=\"1.1\"\/>&#8221; alt=&#8221;&#8221; aria-hidden=&#8221;true&#8221; \/><img decoding=\"async\" class=\"i-amphtml-fill-content i-amphtml-replaced-content\" src=\"https:\/\/www.meionews.com\/uploads\/imagens\/2026\/3\/6\/time-da-serie-d-procura-filipe-luis-apos-demissao-do-flamengo--9dc8e6e147c67fee.jpg\" alt=\"Filipe Lu\u00eds \u00e9 procurado pelo presidente interino do Joinville - Foto: Thiago Ribeiro\/AGIF \/\/ Reprodu\u00e7\u00e3o\/Joinville EC\" data-amp-loading=\"lazy\" \/><\/div>\n<p><span class=\"fr-inner\">Filipe Lu\u00eds \u00e9 procurado pelo presidente interino do Joinville &#8211; Foto: Thiago Ribeiro\/AGIF \/\/ Reprodu\u00e7\u00e3o\/Joinville EC<\/span>&nbsp;<\/p>\n<p>Filipe Lu\u00eds nasceu em Jaragu\u00e1 do Sul, cidade vizinha a Joinville, e ainda tem parte da fam\u00edlia morando na regi\u00e3o.<\/p>\n<p>A sa\u00edda do t\u00e9cnico do Flamengo foi decis\u00e3o da diretoria rubro-negra, anunciada logo ap\u00f3s a vit\u00f3ria por 8 a 0 sobre o Madureira. O treinador n\u00e3o resistiu ao pior in\u00edcio de temporada do clube nos \u00faltimos dez anos. O per\u00edodo foi marcado pela perda de dois t\u00edtulos: a Supercopa do Brasil, contra o Corinthians, e a Recopa Sul-Americana, diante do Lan\u00fas, da Argentina.<\/p>\n<p>Em publica\u00e7\u00e3o de despedida nas redes sociais, Filipe Lu\u00eds agradeceu ao clube, mas n\u00e3o revelou quais ser\u00e3o os pr\u00f3ximos passos da carreira.<\/p>\n<\/div>\n<\/div>\n<p>&nbsp;<\/p>\n<p>Fonte: Portal MeioNews.<br \/>\nConfira esta e outras mat\u00e9rias na \u00edntegra pelo link: https:\/\/www.meionews.com\/esportes\/time-da-serie-d-procura-filipe-luis-apos-demissao-do-flamengo-557263<\/p>\n","protected":false},"excerpt":{"rendered":"<p>Presidente do Joinville diz ter procurado o ex-treinador rubro-negro para ocupar cargo de \u201cmanager\u201d, mas afirma que n\u00e3o recebeu resposta &nbsp; Filipe Lu\u00eds na vit\u00f3ria do Flamengo sobre o Madureira pela semifinal do Carioca | Foto: Jorge Rodrigues\/AGIF\/Gazeta Press O\u00a0Joinville\u00a0foi o primeiro clube a tentar oficialmente um contato com\u00a0Filipe Lu\u00eds\u00a0ap\u00f3s a\u00a0demiss\u00e3o do treinador\u00a0do\u00a0Flamengo, ocorrida na [&hellip;]<\/p>\n","protected":false},"author":3,"featured_media":18415,"comment_status":"open","ping_status":"open","sticky":false,"template":"","format":"standard","meta":{"om_disable_all_campaigns":false,"_monsterinsights_skip_tracking":false,"_monsterinsights_sitenote_active":false,"_monsterinsights_sitenote_note":"","_monsterinsights_sitenote_category":0,"footnotes":""},"categories":[48],"tags":[],"class_list":["post-18414","post","type-post","status-publish","format-standard","has-post-thumbnail","hentry","category-esportes"],"jetpack_featured_media_url":"https:\/\/fatoelado.com\/wp-content\/uploads\/2026\/03\/filipe-luis-na-vitoria-do-flamengo-sobre-o-madureira-pela-semifinal-do-carioca-fa82157c968c1d36.jpg","_links":{"self":[{"href":"https:\/\/fatoelado.com\/index.php?rest_route=\/wp\/v2\/posts\/18414","targetHints":{"allow":["GET"]}}],"collection":[{"href":"https:\/\/fatoelado.com\/index.php?rest_route=\/wp\/v2\/posts"}],"about":[{"href":"https:\/\/fatoelado.com\/index.php?rest_route=\/wp\/v2\/types\/post"}],"author":[{"embeddable":true,"href":"https:\/\/fatoelado.com\/index.php?rest_route=\/wp\/v2\/users\/3"}],"replies":[{"embeddable":true,"href":"https:\/\/fatoelado.com\/index.php?rest_route=%2Fwp%2Fv2%2Fcomments&post=18414"}],"version-history":[{"count":1,"href":"https:\/\/fatoelado.com\/index.php?rest_route=\/wp\/v2\/posts\/18414\/revisions"}],"predecessor-version":[{"id":18416,"href":"https:\/\/fatoelado.com\/index.php?rest_route=\/wp\/v2\/posts\/18414\/revisions\/18416"}],"wp:featuredmedia":[{"embeddable":true,"href":"https:\/\/fatoelado.com\/index.php?rest_route=\/wp\/v2\/media\/18415"}],"wp:attachment":[{"href":"https:\/\/fatoelado.com\/index.php?rest_route=%2Fwp%2Fv2%2Fmedia&parent=18414"}],"wp:term":[{"taxonomy":"category","embeddable":true,"href":"https:\/\/fatoelado.com\/index.php?rest_route=%2Fwp%2Fv2%2Fcategories&post=18414"},{"taxonomy":"post_tag","embeddable":true,"href":"https:\/\/fatoelado.com\/index.php?rest_route=%2Fwp%2Fv2%2Ftags&post=18414"}],"curies":[{"name":"wp","href":"https:\/\/api.w.org\/{rel}","templated":true}]}}