{"id":18411,"date":"2026-03-06T11:15:11","date_gmt":"2026-03-06T14:15:11","guid":{"rendered":"https:\/\/fatoelado.com\/?p=18411"},"modified":"2026-03-06T11:15:11","modified_gmt":"2026-03-06T14:15:11","slug":"governo-do-estado-vai-investir-mais-de-r-66-milhoes-em-assistencia-tecnica-para-fortalecer-a-agricultura-familiar-do-piaui","status":"publish","type":"post","link":"https:\/\/fatoelado.com\/?p=18411","title":{"rendered":"Governo do Estado vai investir mais de R$ 66 milh\u00f5es em assist\u00eancia t\u00e9cnica para fortalecer a agricultura familiar do Piau\u00ed"},"content":{"rendered":"<h2 class=\"elementor-heading-title elementor-size-default\" style=\"text-align: center;\">Somando ao novo edital lan\u00e7ado, nessa quarta-feira (4), j\u00e1 s\u00e3o R$ 100 milh\u00f5es investidos para fortalecer a agricultura familiar.<\/h2>\n<p>&nbsp;<\/p>\n<p>O governador Rafael Fonteles anunciou, nessa quinta-feira (5), mais R$ 66 milh\u00f5es para fortalecer a agricultura familiar no Piau\u00ed. O objetivo dos investimentos \u00e9 a contrata\u00e7\u00e3o, at\u00e9 a pr\u00f3xima semana, de assist\u00eancia t\u00e9cnica para 216 projetos de organiza\u00e7\u00f5es sociais do campo que foram selecionados no ano passado.<\/p>\n<p>\u201cSer\u00e3o 12 entidades de assist\u00eancia t\u00e9cnica que v\u00e3o beneficiar mais de 8 mil fam\u00edlias, ao longo de tr\u00eas anos, com assist\u00eancia t\u00e9cnica de qualidade para garantir agrega\u00e7\u00e3o de valor, aumento da renda e cooperativas profissionalizadas em seis territ\u00f3rios do estado: Vale do Sambito, Vale do Guaribas, Vale do Ita\u00edm, Vale do Canind\u00e9, Territ\u00f3rio Serra da Capivara e Entre Rios\u201d, explicou o chefe do executivo.<\/p>\n<figure id=\"attachment_120629\" class=\"wp-caption alignnone\" aria-describedby=\"caption-attachment-120629\"><img loading=\"lazy\" decoding=\"async\" class=\"size-full wp-image-120629\" src=\"https:\/\/www.pi.gov.br\/wp-content\/uploads\/2026\/03\/rafael-fonteles-e-secretaria-rejane-1761224978.jpeg\" alt=\"\" width=\"1429\" height=\"953\" \/><figcaption id=\"caption-attachment-120629\" class=\"wp-caption-text\">Foto: Secom<\/figcaption><\/figure>\n<p>De acordo com a secret\u00e1ria da Agricultura Familiar, Rejane Tavares, os 216 projetos de organiza\u00e7\u00f5es sociais do campo contemplam 78 cidades do Piau\u00ed. \u201cS\u00e3o munic\u00edpios que est\u00e3o sendo beneficiado com essa assist\u00eancia t\u00e9cnica de qualidade e acompanhamento sistem\u00e1tico da SAF, que vai garantir a esses produtores a elabora\u00e7\u00e3o de projetos adequados, de acordo com a sua cadeia produtiva e inseridos dentro das din\u00e2micas dos territ\u00f3rios vinculados \u00e0s suas cooperativas\u201d, ressalta.<\/p>\n<p>Esse investimento faz parte de uma s\u00e9ria de aportes que est\u00e3o sendo realizados pelo Governo do Estado na agricultura familiar, como o edital lan\u00e7ado, nessa quarta-feira (4), que vai selecionar 110 associa\u00e7\u00f5es de agricultores familiares, que receber\u00e3o at\u00e9 R$ 300 mil cada uma, totalizando R$ 33 milh\u00f5es. \u201cSomando ao edital que j\u00e1 lan\u00e7amos para selecionar novas organiza\u00e7\u00f5es para outros territ\u00f3rios, j\u00e1 s\u00e3o R$ 100 milh\u00f5es investidos para fortalecer a agricultura familiar, gerar mais renda e mais autonomia para quem vive do trabalho no campo\u201d, finalizou o governador.<\/p>\n<figure id=\"attachment_80491\" class=\"wp-caption alignnone\" aria-describedby=\"caption-attachment-80491\"><img loading=\"lazy\" decoding=\"async\" class=\"size-full wp-image-80491\" src=\"https:\/\/www.pi.gov.br\/wp-content\/uploads\/2025\/09\/credito-fundiario.jpeg\" sizes=\"auto, (max-width: 1000px) 100vw, 1000px\" srcset=\"https:\/\/www.pi.gov.br\/wp-content\/uploads\/2025\/09\/credito-fundiario.jpeg 1000w, https:\/\/www.pi.gov.br\/wp-content\/uploads\/2025\/09\/credito-fundiario-300x279.jpeg 300w, https:\/\/www.pi.gov.br\/wp-content\/uploads\/2025\/09\/credito-fundiario-768x715.jpeg 768w\" alt=\"\" width=\"1000\" height=\"931\" \/><figcaption id=\"caption-attachment-80491\" class=\"wp-caption-text\">Foto: Ascom SAF<\/p>\n<p>Fonte: Portal pi.Gov.<br \/>\nConfira esta e outras mat\u00e9rias na \u00edntegra pelo link: https:\/\/www.pi.gov.br\/governo-do-estado-vai-investir-mais-de-r-66-milhoes-em-assistencia-tecnica-para-fortalecer-a-agricultura-familiar-do-piaui\/<\/figcaption><\/figure>\n","protected":false},"excerpt":{"rendered":"<p>Somando ao novo edital lan\u00e7ado, nessa quarta-feira (4), j\u00e1 s\u00e3o R$ 100 milh\u00f5es investidos para fortalecer a agricultura familiar. &nbsp; O governador Rafael Fonteles anunciou, nessa quinta-feira (5), mais R$ 66 milh\u00f5es para fortalecer a agricultura familiar no Piau\u00ed. O objetivo dos investimentos \u00e9 a contrata\u00e7\u00e3o, at\u00e9 a pr\u00f3xima semana, de assist\u00eancia t\u00e9cnica para 216 [&hellip;]<\/p>\n","protected":false},"author":3,"featured_media":18412,"comment_status":"open","ping_status":"open","sticky":false,"template":"","format":"standard","meta":{"om_disable_all_campaigns":false,"_monsterinsights_skip_tracking":false,"_monsterinsights_sitenote_active":false,"_monsterinsights_sitenote_note":"","_monsterinsights_sitenote_category":0,"footnotes":""},"categories":[33],"tags":[],"class_list":["post-18411","post","type-post","status-publish","format-standard","has-post-thumbnail","hentry","category-piaui"],"jetpack_featured_media_url":"https:\/\/fatoelado.com\/wp-content\/uploads\/2026\/03\/rafael-fonteles-e-secretaria-rejane-1761224978.jpeg","_links":{"self":[{"href":"https:\/\/fatoelado.com\/index.php?rest_route=\/wp\/v2\/posts\/18411","targetHints":{"allow":["GET"]}}],"collection":[{"href":"https:\/\/fatoelado.com\/index.php?rest_route=\/wp\/v2\/posts"}],"about":[{"href":"https:\/\/fatoelado.com\/index.php?rest_route=\/wp\/v2\/types\/post"}],"author":[{"embeddable":true,"href":"https:\/\/fatoelado.com\/index.php?rest_route=\/wp\/v2\/users\/3"}],"replies":[{"embeddable":true,"href":"https:\/\/fatoelado.com\/index.php?rest_route=%2Fwp%2Fv2%2Fcomments&post=18411"}],"version-history":[{"count":1,"href":"https:\/\/fatoelado.com\/index.php?rest_route=\/wp\/v2\/posts\/18411\/revisions"}],"predecessor-version":[{"id":18413,"href":"https:\/\/fatoelado.com\/index.php?rest_route=\/wp\/v2\/posts\/18411\/revisions\/18413"}],"wp:featuredmedia":[{"embeddable":true,"href":"https:\/\/fatoelado.com\/index.php?rest_route=\/wp\/v2\/media\/18412"}],"wp:attachment":[{"href":"https:\/\/fatoelado.com\/index.php?rest_route=%2Fwp%2Fv2%2Fmedia&parent=18411"}],"wp:term":[{"taxonomy":"category","embeddable":true,"href":"https:\/\/fatoelado.com\/index.php?rest_route=%2Fwp%2Fv2%2Fcategories&post=18411"},{"taxonomy":"post_tag","embeddable":true,"href":"https:\/\/fatoelado.com\/index.php?rest_route=%2Fwp%2Fv2%2Ftags&post=18411"}],"curies":[{"name":"wp","href":"https:\/\/api.w.org\/{rel}","templated":true}]}}