{"id":18408,"date":"2026-03-06T11:14:19","date_gmt":"2026-03-06T14:14:19","guid":{"rendered":"https:\/\/fatoelado.com\/?p=18408"},"modified":"2026-03-06T11:14:19","modified_gmt":"2026-03-06T14:14:19","slug":"piaui-contribui-para-alinhamento-nacional-de-politicas-publicas-em-defesa-dos-direitos-da-populacao-lgbtqia","status":"publish","type":"post","link":"https:\/\/fatoelado.com\/?p=18408","title":{"rendered":"Piau\u00ed contribui para alinhamento nacional de pol\u00edticas p\u00fablicas em defesa dos direitos da popula\u00e7\u00e3o LGBTQIA+"},"content":{"rendered":"<h2 class=\"elementor-heading-title elementor-size-default\" style=\"text-align: center;\">Estado foi representado pela diretora de Promo\u00e7\u00e3o da Cidadania LGBTQIA+ da Superintend\u00eancia de Direitos Humanos da Sasc, Joseane Borges.<\/h2>\n<p>&nbsp;<\/p>\n<p>A Secretaria do Desenvolvimento e Assist\u00eancia Social, Fam\u00edlia e Combate \u00e0 Fome (Sasc) participou da 5\u00aa Reuni\u00e3o Ordin\u00e1ria da Comiss\u00e3o Nacional Intergestores da Pol\u00edtica LGBTQIA+, realizada entre os dias 2 e 4 de mar\u00e7o, na sede da Ordem dos Advogados do Brasil (OAB) Seccional Para\u00edba, em Jo\u00e3o Pessoa. O Piau\u00ed foi representado por Joseane Borges, diretora de Promo\u00e7\u00e3o da Cidadania LGBTQIA+ da Superintend\u00eancia de Direitos Humanos da Sasc.<\/p>\n<p>O encontro reuniu representantes de diversos estados com o objetivo de alinhar a\u00e7\u00f5es e estrat\u00e9gias interfederativas para o ano de 2026, fortalecendo a implementa\u00e7\u00e3o da Pol\u00edtica Nacional dos Direitos das Pessoas LGBTQIA+ em todo o pa\u00eds.<\/p>\n<p>Durante a programa\u00e7\u00e3o, os participantes acompanharam debates sobre perspectivas e avan\u00e7os da pol\u00edtica nacional, apresentados pelo diretor de Promo\u00e7\u00e3o e Defesa da Secretaria Nacional dos Direitos das Pessoas LGBTQIA+, do Minist\u00e9rio dos Direitos Humanos e da Cidadania, Hiago Guimar\u00e3es. Tamb\u00e9m foram discutidos os indicadores do Sistema de Informa\u00e7\u00e3o e Monitoramento Nacional de Pol\u00edticas para a Popula\u00e7\u00e3o LGBTQIA+, ferramenta que dever\u00e1 auxiliar no acompanhamento e na avalia\u00e7\u00e3o das a\u00e7\u00f5es desenvolvidas pelos estados.<\/p>\n<figure id=\"attachment_120671\" class=\"wp-caption alignnone\" aria-describedby=\"caption-attachment-120671\"><img loading=\"lazy\" decoding=\"async\" class=\"wp-image-120671 size-full\" src=\"https:\/\/www.pi.gov.br\/wp-content\/uploads\/2026\/03\/34a7d543-a9be-4d8b-b4f7-ca2e3d403432.jpg\" sizes=\"auto, (max-width: 1040px) 100vw, 1040px\" srcset=\"https:\/\/www.pi.gov.br\/wp-content\/uploads\/2026\/03\/34a7d543-a9be-4d8b-b4f7-ca2e3d403432.jpg 1040w, https:\/\/www.pi.gov.br\/wp-content\/uploads\/2026\/03\/34a7d543-a9be-4d8b-b4f7-ca2e3d403432-300x225.jpg 300w, https:\/\/www.pi.gov.br\/wp-content\/uploads\/2026\/03\/34a7d543-a9be-4d8b-b4f7-ca2e3d403432-1024x768.jpg 1024w, https:\/\/www.pi.gov.br\/wp-content\/uploads\/2026\/03\/34a7d543-a9be-4d8b-b4f7-ca2e3d403432-768x576.jpg 768w\" alt=\"\" width=\"1040\" height=\"780\" \/><figcaption id=\"caption-attachment-120671\" class=\"wp-caption-text\">Foto: Ascom Sasc<\/figcaption><\/figure>\n<p>A agenda incluiu ainda visitas t\u00e9cnicas a equipamentos voltados \u00e0 promo\u00e7\u00e3o da cidadania LGBTQIA+ na Para\u00edba, como a Casa de Acolhida Cris Nag\u00f4, o Centro Estadual de Refer\u00eancia LGBTQIA+ Pedro \u00c1lvares de Sousa e o Ambulat\u00f3rio de Sa\u00fade Integral para Travestis e Transexuais (TT) Fernanda Benvenutty. Os participantes tamb\u00e9m conheceram a sede da Secretaria de Estado das Mulheres e da Diversidade Humana.<\/p>\n<p>Ao final do encontro, foi iniciado o planejamento estrat\u00e9gico das a\u00e7\u00f5es da Comiss\u00e3o Nacional Intergestores para 2026, com foco na amplia\u00e7\u00e3o da ades\u00e3o e no fortalecimento da Pol\u00edtica Nacional dos Direitos das Pessoas LGBTQIA+, por meio da articula\u00e7\u00e3o entre Uni\u00e3o, estados e munic\u00edpios.<\/p>\n<figure id=\"attachment_120672\" class=\"wp-caption alignnone\" aria-describedby=\"caption-attachment-120672\"><img loading=\"lazy\" decoding=\"async\" class=\"size-full wp-image-120672\" src=\"https:\/\/www.pi.gov.br\/wp-content\/uploads\/2026\/03\/020d439d-aebe-486b-b3f6-97044cc1c1bc-e1772800879986.jpg\" sizes=\"auto, (max-width: 1200px) 100vw, 1200px\" srcset=\"https:\/\/www.pi.gov.br\/wp-content\/uploads\/2026\/03\/020d439d-aebe-486b-b3f6-97044cc1c1bc-e1772800879986.jpg 1200w, https:\/\/www.pi.gov.br\/wp-content\/uploads\/2026\/03\/020d439d-aebe-486b-b3f6-97044cc1c1bc-e1772800879986-300x241.jpg 300w, https:\/\/www.pi.gov.br\/wp-content\/uploads\/2026\/03\/020d439d-aebe-486b-b3f6-97044cc1c1bc-e1772800879986-1024x823.jpg 1024w, https:\/\/www.pi.gov.br\/wp-content\/uploads\/2026\/03\/020d439d-aebe-486b-b3f6-97044cc1c1bc-e1772800879986-768x618.jpg 768w\" alt=\"\" width=\"1200\" height=\"965\" \/><figcaption id=\"caption-attachment-120672\" class=\"wp-caption-text\">Foto: Ascom Sasc<\/p>\n<p>Fonte: Portal pi.Gov.<br \/>\nConfira esta e outras mat\u00e9rias na \u00edntegra pelo link: https:\/\/www.pi.gov.br\/piaui-contribui-para-alinhamento-nacional-de-politicas-publicas-em-defesa-dos-direitos-da-populacao-lgbtqia\/<\/figcaption><\/figure>\n","protected":false},"excerpt":{"rendered":"<p>Estado foi representado pela diretora de Promo\u00e7\u00e3o da Cidadania LGBTQIA+ da Superintend\u00eancia de Direitos Humanos da Sasc, Joseane Borges. &nbsp; A Secretaria do Desenvolvimento e Assist\u00eancia Social, Fam\u00edlia e Combate \u00e0 Fome (Sasc) participou da 5\u00aa Reuni\u00e3o Ordin\u00e1ria da Comiss\u00e3o Nacional Intergestores da Pol\u00edtica LGBTQIA+, realizada entre os dias 2 e 4 de mar\u00e7o, na [&hellip;]<\/p>\n","protected":false},"author":3,"featured_media":18409,"comment_status":"open","ping_status":"open","sticky":false,"template":"","format":"standard","meta":{"om_disable_all_campaigns":false,"_monsterinsights_skip_tracking":false,"_monsterinsights_sitenote_active":false,"_monsterinsights_sitenote_note":"","_monsterinsights_sitenote_category":0,"footnotes":""},"categories":[33],"tags":[],"class_list":["post-18408","post","type-post","status-publish","format-standard","has-post-thumbnail","hentry","category-piaui"],"jetpack_featured_media_url":"https:\/\/fatoelado.com\/wp-content\/uploads\/2026\/03\/020d439d-aebe-486b-b3f6-97044cc1c1bc-e1772800879986.jpg","_links":{"self":[{"href":"https:\/\/fatoelado.com\/index.php?rest_route=\/wp\/v2\/posts\/18408","targetHints":{"allow":["GET"]}}],"collection":[{"href":"https:\/\/fatoelado.com\/index.php?rest_route=\/wp\/v2\/posts"}],"about":[{"href":"https:\/\/fatoelado.com\/index.php?rest_route=\/wp\/v2\/types\/post"}],"author":[{"embeddable":true,"href":"https:\/\/fatoelado.com\/index.php?rest_route=\/wp\/v2\/users\/3"}],"replies":[{"embeddable":true,"href":"https:\/\/fatoelado.com\/index.php?rest_route=%2Fwp%2Fv2%2Fcomments&post=18408"}],"version-history":[{"count":1,"href":"https:\/\/fatoelado.com\/index.php?rest_route=\/wp\/v2\/posts\/18408\/revisions"}],"predecessor-version":[{"id":18410,"href":"https:\/\/fatoelado.com\/index.php?rest_route=\/wp\/v2\/posts\/18408\/revisions\/18410"}],"wp:featuredmedia":[{"embeddable":true,"href":"https:\/\/fatoelado.com\/index.php?rest_route=\/wp\/v2\/media\/18409"}],"wp:attachment":[{"href":"https:\/\/fatoelado.com\/index.php?rest_route=%2Fwp%2Fv2%2Fmedia&parent=18408"}],"wp:term":[{"taxonomy":"category","embeddable":true,"href":"https:\/\/fatoelado.com\/index.php?rest_route=%2Fwp%2Fv2%2Fcategories&post=18408"},{"taxonomy":"post_tag","embeddable":true,"href":"https:\/\/fatoelado.com\/index.php?rest_route=%2Fwp%2Fv2%2Ftags&post=18408"}],"curies":[{"name":"wp","href":"https:\/\/api.w.org\/{rel}","templated":true}]}}