{"id":18404,"date":"2026-03-06T11:13:27","date_gmt":"2026-03-06T14:13:27","guid":{"rendered":"https:\/\/fatoelado.com\/?p=18404"},"modified":"2026-03-06T11:13:27","modified_gmt":"2026-03-06T14:13:27","slug":"maternidade-dona-evangelina-rosa-realiza-i-simposio-em-perinatologia-com-foco-na-prevencao-de-infeccoes-hospitalares","status":"publish","type":"post","link":"https:\/\/fatoelado.com\/?p=18404","title":{"rendered":"Maternidade Dona Evangelina Rosa realiza I Simp\u00f3sio em Perinatologia com foco na preven\u00e7\u00e3o de infec\u00e7\u00f5es hospitalares"},"content":{"rendered":"<h2 class=\"elementor-heading-title elementor-size-default\" style=\"text-align: center;\">A Perinatologia \u00e9 especialidade m\u00e9dica dedicada ao cuidado de gesta\u00e7\u00f5es de alto risco, focando na sa\u00fade da gestante, do feto e do rec\u00e9m-nascido<\/h2>\n<p>&nbsp;<\/p>\n<p>A Nova Maternidade Dona Evangelina Rosa (NMDER) realiza, na pr\u00f3xima segunda-feira (09), o I Simp\u00f3sio em Perinatologia, a medicina neonatal dedicada ao cuidado de gesta\u00e7\u00f5es de alto risco, focando na sa\u00fade da gestante, do feto e do rec\u00e9m-nascido. O evento reunir\u00e1 m\u00e9dicos, enfermeiros e equipes multiprofissionais da assist\u00eancia a gestante e ao rec\u00e9m-nascido para discutir estrat\u00e9gias de preven\u00e7\u00e3o e manejo da sepse e de infec\u00e7\u00f5es cong\u00eanitas, principais causas de morbidade e mortalidade neonatal.<\/p>\n<p>A programa\u00e7\u00e3o inicia \u00e0s 8h e contar\u00e1 com a participa\u00e7\u00e3o da m\u00e9dica neonatologista Roseli Calil, refer\u00eancia nacional no tema e consultora do Minist\u00e9rio da Sa\u00fade. Ao longo do dia, ser\u00e3o abordados temas como sepse precoce e tardia, resist\u00eancia microbiana e infec\u00e7\u00f5es cong\u00eanitas. A m\u00e9dica ginecologista e obstetra Ana Maria Holanda tamb\u00e9m integra a programa\u00e7\u00e3o e apresentar\u00e1 o perfil epidemiol\u00f3gico da sepse materna na maternidade, com dados institucionais e an\u00e1lise dos principais desafios relacionados ao diagn\u00f3stico e tratamento.<\/p>\n<div id=\"gallery-1\" class=\"gallery galleryid-120701 gallery-columns-1 gallery-size-large\">\n<figure class=\"gallery-item\">\n<div class=\"gallery-icon portrait\"><a href=\"https:\/\/www.pi.gov.br\/maternidade-dona-evangelina-rosa-realiza-i-simposio-em-perinatologia-com-foco-na-prevencao-de-infeccoes-hospitalares\/whatsapp-image-2026-03-06-at-10-25-54\/\"><img loading=\"lazy\" decoding=\"async\" class=\"attachment-large size-large\" src=\"https:\/\/www.pi.gov.br\/wp-content\/uploads\/2026\/03\/WhatsApp-Image-2026-03-06-at-10.25.54-819x1024.jpeg\" sizes=\"auto, (max-width: 800px) 100vw, 800px\" srcset=\"https:\/\/www.pi.gov.br\/wp-content\/uploads\/2026\/03\/WhatsApp-Image-2026-03-06-at-10.25.54-819x1024.jpeg 819w, https:\/\/www.pi.gov.br\/wp-content\/uploads\/2026\/03\/WhatsApp-Image-2026-03-06-at-10.25.54-240x300.jpeg 240w, https:\/\/www.pi.gov.br\/wp-content\/uploads\/2026\/03\/WhatsApp-Image-2026-03-06-at-10.25.54-768x960.jpeg 768w, https:\/\/www.pi.gov.br\/wp-content\/uploads\/2026\/03\/WhatsApp-Image-2026-03-06-at-10.25.54-1229x1536.jpeg 1229w, https:\/\/www.pi.gov.br\/wp-content\/uploads\/2026\/03\/WhatsApp-Image-2026-03-06-at-10.25.54.jpeg 1280w\" alt=\"\" width=\"800\" height=\"1000\" \/><\/a><\/div>\n<\/figure>\n<\/div>\n<p>&nbsp;<\/p>\n<p>De acordo com a diretora-geral da NMDER, Carmen Ramos, a iniciativa refor\u00e7a o compromisso da institui\u00e7\u00e3o com a qualifica\u00e7\u00e3o permanente das equipes. \u201cTrazer uma especialista com a experi\u00eancia da Dra. Roseli \u00e9 investir diretamente na seguran\u00e7a do paciente. \u00c9 um momento cient\u00edfico, mas tamb\u00e9m de avalia\u00e7\u00e3o t\u00e9cnica, que contribui para aprimorar processos e impactar positivamente nossos indicadores\u201d, destaca.<\/p>\n<p>A m\u00e9dica neonatologista e organizadora do evento, Isabel Marl\u00facia Almeida, ressalta que a sepse, associada \u00e0 prematuridade, est\u00e1 entre as principais causas de mortalidade neonatal. \u201c\u00c9 fundamental estudar aquilo que adoece nossas crian\u00e7as e leva a desfechos negativos. A sepse precoce tem rela\u00e7\u00e3o direta com a sa\u00fade materna, e a tardia est\u00e1 relacionada aos procedimentos necess\u00e1rios ao cuidado do prematuro. Por isso, precisamos capacitar equipes, fortalecer protocolos e trabalhar com base em evid\u00eancias\u201d, afirma.<\/p>\n<figure id=\"attachment_120703\" class=\"wp-caption alignnone\" aria-describedby=\"caption-attachment-120703\"><img loading=\"lazy\" decoding=\"async\" class=\"size-full wp-image-120703\" src=\"https:\/\/www.pi.gov.br\/wp-content\/uploads\/2026\/03\/WhatsApp-Image-2026-03-06-at-10.25.15.jpeg\" sizes=\"auto, (max-width: 1280px) 100vw, 1280px\" srcset=\"https:\/\/www.pi.gov.br\/wp-content\/uploads\/2026\/03\/WhatsApp-Image-2026-03-06-at-10.25.15.jpeg 1280w, https:\/\/www.pi.gov.br\/wp-content\/uploads\/2026\/03\/WhatsApp-Image-2026-03-06-at-10.25.15-300x225.jpeg 300w, https:\/\/www.pi.gov.br\/wp-content\/uploads\/2026\/03\/WhatsApp-Image-2026-03-06-at-10.25.15-1024x768.jpeg 1024w, https:\/\/www.pi.gov.br\/wp-content\/uploads\/2026\/03\/WhatsApp-Image-2026-03-06-at-10.25.15-768x576.jpeg 768w\" alt=\"\" width=\"1280\" height=\"960\" \/><figcaption id=\"caption-attachment-120703\" class=\"wp-caption-text\">Foto: Ascom NMDER<\/figcaption><\/figure>\n<p>Em sua primeira edi\u00e7\u00e3o, o evento tem como diferencial a integra\u00e7\u00e3o entre obstetr\u00edcia e neonatologia em uma abordagem perinatal. \u201cAo cuidar bem da gestante, cuidamos tamb\u00e9m do beb\u00ea. Trabalhar essas duas frentes de forma conjunta \u00e9 fazer perinatologia\u201d, pontua.<\/p>\n<p>O I Simp\u00f3sio em Perinatologia contempla m\u00e9dicos, enfermeiros e demais profissionais com atua\u00e7\u00e3o direta na assist\u00eancia \u00e0 gestante e ao rec\u00e9m-nascido, al\u00e9m de representantes de maternidades da rede estadual e municipal.<\/p>\n<p>&nbsp;<\/p>\n<p>Fonte: Portal pi.Gov.<br \/>\nConfira esta e outras mat\u00e9rias na \u00edntegra pelo link: https:\/\/www.pi.gov.br\/maternidade-dona-evangelina-rosa-realiza-i-simposio-em-perinatologia-com-foco-na-prevencao-de-infeccoes-hospitalares\/<\/p>\n","protected":false},"excerpt":{"rendered":"<p>A Perinatologia \u00e9 especialidade m\u00e9dica dedicada ao cuidado de gesta\u00e7\u00f5es de alto risco, focando na sa\u00fade da gestante, do feto e do rec\u00e9m-nascido &nbsp; A Nova Maternidade Dona Evangelina Rosa (NMDER) realiza, na pr\u00f3xima segunda-feira (09), o I Simp\u00f3sio em Perinatologia, a medicina neonatal dedicada ao cuidado de gesta\u00e7\u00f5es de alto risco, focando na sa\u00fade [&hellip;]<\/p>\n","protected":false},"author":3,"featured_media":18405,"comment_status":"open","ping_status":"open","sticky":false,"template":"","format":"standard","meta":{"om_disable_all_campaigns":false,"_monsterinsights_skip_tracking":false,"_monsterinsights_sitenote_active":false,"_monsterinsights_sitenote_note":"","_monsterinsights_sitenote_category":0,"footnotes":""},"categories":[33],"tags":[],"class_list":["post-18404","post","type-post","status-publish","format-standard","has-post-thumbnail","hentry","category-piaui"],"jetpack_featured_media_url":"https:\/\/fatoelado.com\/wp-content\/uploads\/2026\/03\/WhatsApp-Image-2026-03-06-at-10.25.15.jpeg","_links":{"self":[{"href":"https:\/\/fatoelado.com\/index.php?rest_route=\/wp\/v2\/posts\/18404","targetHints":{"allow":["GET"]}}],"collection":[{"href":"https:\/\/fatoelado.com\/index.php?rest_route=\/wp\/v2\/posts"}],"about":[{"href":"https:\/\/fatoelado.com\/index.php?rest_route=\/wp\/v2\/types\/post"}],"author":[{"embeddable":true,"href":"https:\/\/fatoelado.com\/index.php?rest_route=\/wp\/v2\/users\/3"}],"replies":[{"embeddable":true,"href":"https:\/\/fatoelado.com\/index.php?rest_route=%2Fwp%2Fv2%2Fcomments&post=18404"}],"version-history":[{"count":1,"href":"https:\/\/fatoelado.com\/index.php?rest_route=\/wp\/v2\/posts\/18404\/revisions"}],"predecessor-version":[{"id":18406,"href":"https:\/\/fatoelado.com\/index.php?rest_route=\/wp\/v2\/posts\/18404\/revisions\/18406"}],"wp:featuredmedia":[{"embeddable":true,"href":"https:\/\/fatoelado.com\/index.php?rest_route=\/wp\/v2\/media\/18405"}],"wp:attachment":[{"href":"https:\/\/fatoelado.com\/index.php?rest_route=%2Fwp%2Fv2%2Fmedia&parent=18404"}],"wp:term":[{"taxonomy":"category","embeddable":true,"href":"https:\/\/fatoelado.com\/index.php?rest_route=%2Fwp%2Fv2%2Fcategories&post=18404"},{"taxonomy":"post_tag","embeddable":true,"href":"https:\/\/fatoelado.com\/index.php?rest_route=%2Fwp%2Fv2%2Ftags&post=18404"}],"curies":[{"name":"wp","href":"https:\/\/api.w.org\/{rel}","templated":true}]}}