{"id":18389,"date":"2026-03-06T11:08:13","date_gmt":"2026-03-06T14:08:13","guid":{"rendered":"https:\/\/fatoelado.com\/?p=18389"},"modified":"2026-03-06T11:08:13","modified_gmt":"2026-03-06T14:08:13","slug":"santos-presidente-rebate-neymar-sobre-rescisao-com-zagueiro","status":"publish","type":"post","link":"https:\/\/fatoelado.com\/?p=18389","title":{"rendered":"Santos: presidente rebate Neymar sobre rescis\u00e3o com zagueiro"},"content":{"rendered":"<h2 class=\"article-subtitle\" style=\"text-align: center;\">Jo\u00e3o Basso ficou livre no mercado ap\u00f3s ter contrato rescindido com o Peixe<\/h2>\n<p>&nbsp;<\/p>\n<div class=\"article-image-featured\" style=\"text-align: center;\"><img decoding=\"async\" class=\"i-amphtml-fill-content i-amphtml-replaced-content aligncenter\" src=\"https:\/\/www.meionews.com\/uploads\/imagens\/2026\/3\/6\/marcelo-teixeira--488118d1b4b988fb.jpg\" alt=\"Marcelo Teixeira | Raul Baretta\/Santos FC\" data-amp-loading=\"lazy\" \/><small>Marcelo Teixeira | Foto: Raul Baretta\/Santos FC<\/small><\/div>\n<div class=\"g-news\"><\/div>\n<div class=\"article-html\">\n<div class=\"article-html-more\">\n<p>O\u00a0<strong>presidente do Santos, Marcelo Teixeira<\/strong>, rebateu o pronunciamento p\u00fablico de Neymar sobre a rescis\u00e3o contratual do zagueiro Jo\u00e3o Basso, de 29 anos.<strong>\u00a0Por meio de um story publicado no Instagram na quarta-feira (4), o camisa 10 afirmou que o defensor \u201cmerecia mais respeito\u201d ao deixar o clube.<\/strong><\/p>\n<blockquote><p>Boa sorte na sua nova etapa, irm\u00e3o. Fico triste em ver voc\u00ea saindo dessa forma, voc\u00ea \u00e9 profissional demais e merecia mais respeito. Mas \u00e9 a vida. S\u00f3 te desejo coisas boas, estarei sempre na torcida, escreveu Neymar, ao publicar uma foto ao lado do agora ex-zagueiro santista.<\/p>\n<p>Precisa perguntar ao Neymar o que ele quis dizer. As decis\u00f5es do clube s\u00e3o decis\u00f5es profissionais. Acho que ele falou pela emo\u00e7\u00e3o e amizade com o Basso. N\u00f3s respeitamos, mas as decis\u00f5es s\u00e3o decis\u00f5es profissionais, disse Marcelo Teixeira, nesta quinta-feira (5).<\/p>\n<p class=\"ads\">\n<\/blockquote>\n<h2 data-end=\"985\" data-section-id=\"1s0g2hx\" data-start=\"950\">Situa\u00e7\u00e3o de Jo\u00e3o Basso no Santos<\/h2>\n<p>Jo\u00e3o Basso n\u00e3o vinha tendo espa\u00e7o sob o comando do t\u00e9cnico Juan Pablo Vojvoda. O jogador se despediu do Santos com tr\u00eas gols e uma assist\u00eancia em 39 jogos (32 como titular). Na temporada atual, foram apenas duas partidas, nenhuma como titular.<\/p>\n<p>Recentemente, o Peixe sofreu um transfer ban na FIFA por conta de uma d\u00edvida com o clube portugu\u00eas FC Arouca, relacionada \u00e0 compra de Basso em 2023, durante a gest\u00e3o de Andr\u00e9s Rueda. A diretoria atual quitou o d\u00e9bito, e o clube voltou a ficar liberado para registrar novos jogadores.<\/p>\n<p>&nbsp;<\/p>\n<div class=\"article-share_buttons2 article-share\">\n<div class=\"share_buttons\">\n<div class=\"buttons\">\n<p>Fonte: Portal MeioNews.<br \/>\nConfira esta e outras mat\u00e9rias na \u00edntegra pelo link: https:\/\/www.meionews.com\/esportes\/santos-presidente-rebate-neymar-sobre-rescisao-com-zagueiro-557195<\/p>\n<\/div>\n<\/div>\n<\/div>\n<\/div>\n<\/div>\n","protected":false},"excerpt":{"rendered":"<p>Jo\u00e3o Basso ficou livre no mercado ap\u00f3s ter contrato rescindido com o Peixe &nbsp; Marcelo Teixeira | Foto: Raul Baretta\/Santos FC O\u00a0presidente do Santos, Marcelo Teixeira, rebateu o pronunciamento p\u00fablico de Neymar sobre a rescis\u00e3o contratual do zagueiro Jo\u00e3o Basso, de 29 anos.\u00a0Por meio de um story publicado no Instagram na quarta-feira (4), o camisa [&hellip;]<\/p>\n","protected":false},"author":3,"featured_media":18390,"comment_status":"open","ping_status":"open","sticky":false,"template":"","format":"standard","meta":{"om_disable_all_campaigns":false,"_monsterinsights_skip_tracking":false,"_monsterinsights_sitenote_active":false,"_monsterinsights_sitenote_note":"","_monsterinsights_sitenote_category":0,"footnotes":""},"categories":[48],"tags":[],"class_list":["post-18389","post","type-post","status-publish","format-standard","has-post-thumbnail","hentry","category-esportes"],"jetpack_featured_media_url":"https:\/\/fatoelado.com\/wp-content\/uploads\/2026\/03\/marcelo-teixeira-488118d1b4b988fb.jpg","_links":{"self":[{"href":"https:\/\/fatoelado.com\/index.php?rest_route=\/wp\/v2\/posts\/18389","targetHints":{"allow":["GET"]}}],"collection":[{"href":"https:\/\/fatoelado.com\/index.php?rest_route=\/wp\/v2\/posts"}],"about":[{"href":"https:\/\/fatoelado.com\/index.php?rest_route=\/wp\/v2\/types\/post"}],"author":[{"embeddable":true,"href":"https:\/\/fatoelado.com\/index.php?rest_route=\/wp\/v2\/users\/3"}],"replies":[{"embeddable":true,"href":"https:\/\/fatoelado.com\/index.php?rest_route=%2Fwp%2Fv2%2Fcomments&post=18389"}],"version-history":[{"count":1,"href":"https:\/\/fatoelado.com\/index.php?rest_route=\/wp\/v2\/posts\/18389\/revisions"}],"predecessor-version":[{"id":18391,"href":"https:\/\/fatoelado.com\/index.php?rest_route=\/wp\/v2\/posts\/18389\/revisions\/18391"}],"wp:featuredmedia":[{"embeddable":true,"href":"https:\/\/fatoelado.com\/index.php?rest_route=\/wp\/v2\/media\/18390"}],"wp:attachment":[{"href":"https:\/\/fatoelado.com\/index.php?rest_route=%2Fwp%2Fv2%2Fmedia&parent=18389"}],"wp:term":[{"taxonomy":"category","embeddable":true,"href":"https:\/\/fatoelado.com\/index.php?rest_route=%2Fwp%2Fv2%2Fcategories&post=18389"},{"taxonomy":"post_tag","embeddable":true,"href":"https:\/\/fatoelado.com\/index.php?rest_route=%2Fwp%2Fv2%2Ftags&post=18389"}],"curies":[{"name":"wp","href":"https:\/\/api.w.org\/{rel}","templated":true}]}}