{"id":18385,"date":"2026-03-06T11:07:12","date_gmt":"2026-03-06T14:07:12","guid":{"rendered":"https:\/\/fatoelado.com\/?p=18385"},"modified":"2026-03-06T11:07:12","modified_gmt":"2026-03-06T14:07:12","slug":"supremo-comeca-a-julgar-hoje-denuncia-da-pgr-contra-o-pastor-silas-malafaia","status":"publish","type":"post","link":"https:\/\/fatoelado.com\/?p=18385","title":{"rendered":"Supremo come\u00e7a a julgar hoje den\u00fancia da PGR contra o pastor Silas Malafaia"},"content":{"rendered":"<h2 class=\"article-subtitle\" style=\"text-align: center;\">Pastor \u00e9 acusado de inj\u00faria e cal\u00fania contra comandante do Ex\u00e9rcito ap\u00f3s discurso em ato na Avenida Paulista<\/h2>\n<p>&nbsp;<\/p>\n<div class=\"article-image-featured\" style=\"text-align: center;\"><img decoding=\"async\" class=\"i-amphtml-fill-content i-amphtml-replaced-content aligncenter\" src=\"https:\/\/www.meionews.com\/uploads\/imagens\/2026\/3\/6\/supremo-comeca-a-julgar-hoje-denuncia-da-pgr-contra-o-pastor-silas-malafaia--2ed360326bd7ec85.jpg\" alt=\"Supremo come\u00e7a a julgar hoje den\u00fancia da PGR contra o pastor Silas Malafaia | Reprodu\u00e7\u00e3o\/YouTube\" data-amp-loading=\"lazy\" \/><small>Supremo come\u00e7a a julgar hoje den\u00fancia da PGR contra o pastor Silas Malafaia | Foto: Reprodu\u00e7\u00e3o\/YouTube<\/small><\/div>\n<div class=\"g-news\"><\/div>\n<div class=\"article-html\">\n<div class=\"article-html-more\">\n<p>A\u00a0<strong>Supremo Tribunal Federal (STF)<\/strong>\u00a0inicia nesta sexta-feira (6) o<strong>\u00a0julgamento da den\u00fancia apresentada pela Procuradoria-Geral da Rep\u00fablica (PGR)<\/strong>\u00a0contra o\u00a0<strong>pastor Silas Malafaia por inj\u00faria e cal\u00fania<\/strong><strong>.<\/strong><\/p>\n<p>A an\u00e1lise ser\u00e1 feita pela Primeira Turma da Corte em plen\u00e1rio virtual e pode se estender at\u00e9 o dia 13 de mar\u00e7o. O julgamento foi pautado pelo presidente do colegiado, o ministro Fl\u00e1vio Dino, ap\u00f3s pedido do relator do caso, ministro Alexandre de Moraes.<\/p>\n<h2>SOBRE A DEN\u00daNCIA<\/h2>\n<p>A den\u00fancia foi apresentada pelo procurador-geral da Rep\u00fablica, Paulo Gonet, em 18 de dezembro. Segundo a PGR, Malafaia teria ofendido generais de quatro estrelas que integram o Alto Comando do Ex\u00e9rcito Brasileiro, incluindo o comandante da for\u00e7a, o general Tom\u00e1s Miguel Min\u00e9 Ribeiro Paiva.<\/p>\n<p>As declara\u00e7\u00f5es teriam sido feitas durante uma manifesta\u00e7\u00e3o bolsonarista realizada em 6 de abril de 2025, na Avenida Paulista, em S\u00e3o Paulo. Na ocasi\u00e3o, o pastor chamou integrantes do Alto Comando de \u201ccambada de frouxos\u201d, \u201ccambada de covardes\u201d e \u201ccambada de omissos\u201d.<\/p>\n<p>A acusa\u00e7\u00e3o tamb\u00e9m afirma que Malafaia atribuiu falsamente a pr\u00e1tica de crime militar aos oficiais ao criticar a pris\u00e3o do general Walter Braga Netto. As falas foram posteriormente divulgadas em suas redes sociais.<\/p>\n<h2>INJ\u00daRIA E CAL\u00daNIA<\/h2>\n<p>De acordo com a PGR, as condutas configuram inj\u00faria e cal\u00fania com agravantes, por terem sido dirigidas a autoridades p\u00fablicas em raz\u00e3o do cargo e divulgadas em ambiente p\u00fablico e virtual. Se a den\u00fancia for aceita pela Primeira Turma do STF, Silas Malafaia passar\u00e1 \u00e0 condi\u00e7\u00e3o de r\u00e9u e o processo penal ter\u00e1 andamento na Corte.<\/p>\n<p>&nbsp;<\/p>\n<div class=\"article-share_buttons2 article-share\">\n<div class=\"share_buttons\">\n<div class=\"buttons\">\n<p>Fonte: Portal MeioNews.<br \/>\nConfira esta e outras mat\u00e9rias na \u00edntegra pelo link: https:\/\/www.meionews.com\/politica\/supremo-comeca-a-julgar-hoje-denuncia-da-pgr-contra-o-pastor-silas-malafaia-557187<\/p>\n<\/div>\n<\/div>\n<\/div>\n<\/div>\n<\/div>\n","protected":false},"excerpt":{"rendered":"<p>Pastor \u00e9 acusado de inj\u00faria e cal\u00fania contra comandante do Ex\u00e9rcito ap\u00f3s discurso em ato na Avenida Paulista &nbsp; Supremo come\u00e7a a julgar hoje den\u00fancia da PGR contra o pastor Silas Malafaia | Foto: Reprodu\u00e7\u00e3o\/YouTube A\u00a0Supremo Tribunal Federal (STF)\u00a0inicia nesta sexta-feira (6) o\u00a0julgamento da den\u00fancia apresentada pela Procuradoria-Geral da Rep\u00fablica (PGR)\u00a0contra o\u00a0pastor Silas Malafaia por [&hellip;]<\/p>\n","protected":false},"author":3,"featured_media":18386,"comment_status":"open","ping_status":"open","sticky":false,"template":"","format":"standard","meta":{"om_disable_all_campaigns":false,"_monsterinsights_skip_tracking":false,"_monsterinsights_sitenote_active":false,"_monsterinsights_sitenote_note":"","_monsterinsights_sitenote_category":0,"footnotes":""},"categories":[47],"tags":[],"class_list":["post-18385","post","type-post","status-publish","format-standard","has-post-thumbnail","hentry","category-nacionais"],"jetpack_featured_media_url":"https:\/\/fatoelado.com\/wp-content\/uploads\/2026\/03\/supremo-comeca-a-julgar-hoje-denuncia-da-pgr-contra-o-pastor-silas-malafaia-2ed360326bd7ec85.jpg","_links":{"self":[{"href":"https:\/\/fatoelado.com\/index.php?rest_route=\/wp\/v2\/posts\/18385","targetHints":{"allow":["GET"]}}],"collection":[{"href":"https:\/\/fatoelado.com\/index.php?rest_route=\/wp\/v2\/posts"}],"about":[{"href":"https:\/\/fatoelado.com\/index.php?rest_route=\/wp\/v2\/types\/post"}],"author":[{"embeddable":true,"href":"https:\/\/fatoelado.com\/index.php?rest_route=\/wp\/v2\/users\/3"}],"replies":[{"embeddable":true,"href":"https:\/\/fatoelado.com\/index.php?rest_route=%2Fwp%2Fv2%2Fcomments&post=18385"}],"version-history":[{"count":1,"href":"https:\/\/fatoelado.com\/index.php?rest_route=\/wp\/v2\/posts\/18385\/revisions"}],"predecessor-version":[{"id":18387,"href":"https:\/\/fatoelado.com\/index.php?rest_route=\/wp\/v2\/posts\/18385\/revisions\/18387"}],"wp:featuredmedia":[{"embeddable":true,"href":"https:\/\/fatoelado.com\/index.php?rest_route=\/wp\/v2\/media\/18386"}],"wp:attachment":[{"href":"https:\/\/fatoelado.com\/index.php?rest_route=%2Fwp%2Fv2%2Fmedia&parent=18385"}],"wp:term":[{"taxonomy":"category","embeddable":true,"href":"https:\/\/fatoelado.com\/index.php?rest_route=%2Fwp%2Fv2%2Fcategories&post=18385"},{"taxonomy":"post_tag","embeddable":true,"href":"https:\/\/fatoelado.com\/index.php?rest_route=%2Fwp%2Fv2%2Ftags&post=18385"}],"curies":[{"name":"wp","href":"https:\/\/api.w.org\/{rel}","templated":true}]}}