{"id":18379,"date":"2026-03-06T05:19:34","date_gmt":"2026-03-06T08:19:34","guid":{"rendered":"https:\/\/fatoelado.com\/?p=18379"},"modified":"2026-03-05T21:20:26","modified_gmt":"2026-03-06T00:20:26","slug":"por-unanimidade-stf-nega-prisao-domiciliar-a-bolsonaro-e-o-mantem-na-papudinha","status":"publish","type":"post","link":"https:\/\/fatoelado.com\/?p=18379","title":{"rendered":"Por unanimidade, STF nega pris\u00e3o domiciliar a Bolsonaro e o mant\u00e9m na &#8216;Papudinha&#8217;"},"content":{"rendered":"<h2 class=\"article-subtitle\" style=\"text-align: center;\">Decis\u00e3o un\u00e2nime da Primeira Turma confirmou determina\u00e7\u00e3o de Moraes; defesa alegava sa\u00fade fr\u00e1gil e instala\u00e7\u00f5es inadequadas.<\/h2>\n<p>&nbsp;<\/p>\n<div class=\"article-image-featured\" style=\"text-align: center;\"><img decoding=\"async\" class=\"i-amphtml-fill-content i-amphtml-replaced-content aligncenter\" src=\"https:\/\/www.meionews.com\/uploads\/imagens\/2026\/3\/5\/ex-presidente-jair-bolsonaro--4501fc8e4b36d2dd.jpg\" alt=\"Ex-presidente Jair Bolsonaro |  Fabio Rodrigues-Pozzebom\/ Ag\u00eancia Brasil\" data-amp-loading=\"lazy\" \/><small>Ex-presidente Jair Bolsonaro | Foto: Fabio Rodrigues-Pozzebom\/ Ag\u00eancia Brasil<\/small><\/div>\n<div class=\"g-news\"><\/div>\n<div class=\"article-html\">\n<div class=\"article-html-more\">\n<p>A Primeira Turma do Supremo Tribunal Federal (STF) decidiu, por unanimidade,\u00a0<strong>negar o novo pedido de pris\u00e3o domiciliar do ex-presidente Jair Bolsonaro\u00a0<\/strong>e mant\u00ea-lo preso no 19\u00ba Batalh\u00e3o da Pol\u00edcia Militar do Distrito Federal, conhecido como \u2018Papudinha\u2019. A decis\u00e3o foi tomada nesta quinta-feira (5), durante julgamento realizado em sess\u00e3o virtual.<\/p>\n<p>O colegiado confirmou a decis\u00e3o individual do ministro Alexandre de Moraes, relator do caso, que, na \u00faltima segunda-feira (2), havia determinado a perman\u00eancia de Bolsonaro<strong>\u00a0p<\/strong><strong>reso na &#8216;Papudinha&#8217;.\u00a0<\/strong>Al\u00e9m do relator, os votos foram proferidos pelos<strong><span class=\"highlight\">\u00a0ministros Fl\u00e1vio Dino, Cristiano Zanin e C\u00e1rmen L\u00facia.\u00a0<\/span><\/strong><\/p>\n<h2>Novo pedido<\/h2>\n<p>A pris\u00e3o domiciliar foi solicitada ao STF pelos advogados do ex-presidente. A defesa alegou que as instala\u00e7\u00f5es da pris\u00e3o<strong>\u00a0n\u00e3o est\u00e3o aptas para dar tratamento m\u00e9dico adequado a Bolsonaro<\/strong>, e que ele possui um quadro de sa\u00fade delicado, com diversas doen\u00e7as, e por isso deveria cumprir a pena em pris\u00e3o domiciliar.<\/p>\n<p>No entanto, na decis\u00e3o,\u00a0<strong><span class=\"highlight\">Moraes afirmou que as instala\u00e7\u00f5es da &#8216;Papudinha&#8217; oferecem atendimento m\u00e9dico adequado.\u00a0<\/span><\/strong>O magistrado tamb\u00e9m ressaltou que uma tentativa de viola\u00e7\u00e3o da tornozeleira eletr\u00f4nica, registrada no ano passado, pesa contra a concess\u00e3o da pris\u00e3o domiciliar solicitada pela defesa.<\/p>\n<h2>CONDENA\u00c7\u00c3O<\/h2>\n<p>Bolsonaro foi condenado a 27 anos e tr\u00eas meses de pris\u00e3o por liderar uma tentativa de golpe de Estado ap\u00f3s as elei\u00e7\u00f5es de 2022. Ele cumpre pena no 19\u00ba Batalh\u00e3o da Pol\u00edcia Militar, localizado dentro do Complexo Penitenci\u00e1rio da Papuda, em Bras\u00edlia. O\u00a0<strong><span class=\"highlight\">local \u00e9 destinado a presos especiais, como policiais, advogados e ju\u00edzes.<\/span><\/strong><\/p>\n<p>&nbsp;<\/p>\n<div class=\"article-share_buttons2 article-share\">\n<div class=\"share_buttons\">\n<div class=\"buttons\">\n<p>Fonte: Portal MeioNews.<br \/>\nConfira esta e outras mat\u00e9rias na \u00edntegra pelo link: https:\/\/www.meionews.com\/politica\/por-unanimidade-stf-nega-prisao-domiciliar-a-bolsonaro-e-o-mantem-na-papudinha-557168<\/p>\n<\/div>\n<\/div>\n<\/div>\n<\/div>\n<\/div>\n","protected":false},"excerpt":{"rendered":"<p>Decis\u00e3o un\u00e2nime da Primeira Turma confirmou determina\u00e7\u00e3o de Moraes; defesa alegava sa\u00fade fr\u00e1gil e instala\u00e7\u00f5es inadequadas. &nbsp; Ex-presidente Jair Bolsonaro | Foto: Fabio Rodrigues-Pozzebom\/ Ag\u00eancia Brasil A Primeira Turma do Supremo Tribunal Federal (STF) decidiu, por unanimidade,\u00a0negar o novo pedido de pris\u00e3o domiciliar do ex-presidente Jair Bolsonaro\u00a0e mant\u00ea-lo preso no 19\u00ba Batalh\u00e3o da Pol\u00edcia Militar [&hellip;]<\/p>\n","protected":false},"author":3,"featured_media":18380,"comment_status":"open","ping_status":"open","sticky":false,"template":"","format":"standard","meta":{"om_disable_all_campaigns":false,"_monsterinsights_skip_tracking":false,"_monsterinsights_sitenote_active":false,"_monsterinsights_sitenote_note":"","_monsterinsights_sitenote_category":0,"footnotes":""},"categories":[47],"tags":[],"class_list":["post-18379","post","type-post","status-publish","format-standard","has-post-thumbnail","hentry","category-nacionais"],"jetpack_featured_media_url":"https:\/\/fatoelado.com\/wp-content\/uploads\/2026\/03\/ex-presidente-jair-bolsonaro-4501fc8e4b36d2dd.jpg","_links":{"self":[{"href":"https:\/\/fatoelado.com\/index.php?rest_route=\/wp\/v2\/posts\/18379","targetHints":{"allow":["GET"]}}],"collection":[{"href":"https:\/\/fatoelado.com\/index.php?rest_route=\/wp\/v2\/posts"}],"about":[{"href":"https:\/\/fatoelado.com\/index.php?rest_route=\/wp\/v2\/types\/post"}],"author":[{"embeddable":true,"href":"https:\/\/fatoelado.com\/index.php?rest_route=\/wp\/v2\/users\/3"}],"replies":[{"embeddable":true,"href":"https:\/\/fatoelado.com\/index.php?rest_route=%2Fwp%2Fv2%2Fcomments&post=18379"}],"version-history":[{"count":1,"href":"https:\/\/fatoelado.com\/index.php?rest_route=\/wp\/v2\/posts\/18379\/revisions"}],"predecessor-version":[{"id":18381,"href":"https:\/\/fatoelado.com\/index.php?rest_route=\/wp\/v2\/posts\/18379\/revisions\/18381"}],"wp:featuredmedia":[{"embeddable":true,"href":"https:\/\/fatoelado.com\/index.php?rest_route=\/wp\/v2\/media\/18380"}],"wp:attachment":[{"href":"https:\/\/fatoelado.com\/index.php?rest_route=%2Fwp%2Fv2%2Fmedia&parent=18379"}],"wp:term":[{"taxonomy":"category","embeddable":true,"href":"https:\/\/fatoelado.com\/index.php?rest_route=%2Fwp%2Fv2%2Fcategories&post=18379"},{"taxonomy":"post_tag","embeddable":true,"href":"https:\/\/fatoelado.com\/index.php?rest_route=%2Fwp%2Fv2%2Ftags&post=18379"}],"curies":[{"name":"wp","href":"https:\/\/api.w.org\/{rel}","templated":true}]}}