{"id":18376,"date":"2026-03-06T05:18:16","date_gmt":"2026-03-06T08:18:16","guid":{"rendered":"https:\/\/fatoelado.com\/?p=18376"},"modified":"2026-03-05T21:19:32","modified_gmt":"2026-03-06T00:19:32","slug":"prazo-do-imposto-de-renda-de-2026-deve-comecar-em-marco-e-segue-ate-29-de-maio","status":"publish","type":"post","link":"https:\/\/fatoelado.com\/?p=18376","title":{"rendered":"Prazo do Imposto de Renda de 2026 deve come\u00e7ar em mar\u00e7o e segue at\u00e9 29 de maio"},"content":{"rendered":"<h2 class=\"article-subtitle\" style=\"text-align: center;\">A Receita Federal deve abrir em meados de mar\u00e7o o prazo para entrega da declara\u00e7\u00e3o do Imposto de Renda 2026, referente aos rendimentos de 2025. Regras completas ser\u00e3o divulgadas ainda neste m\u00eas<\/h2>\n<p>&nbsp;<\/p>\n<div class=\"article-image-featured\" style=\"text-align: center;\"><img decoding=\"async\" class=\"i-amphtml-fill-content i-amphtml-replaced-content aligncenter\" src=\"https:\/\/www.meionews.com\/uploads\/imagens\/2026\/3\/5\/entrega-da-declaracao-do-imposto-de-renda-2026-deve-comecar-no-dia-16-de-marco--95a83c66a802c8f1.jpg\" alt=\"Entrega da declara\u00e7\u00e3o do Imposto de Renda 2026 deve come\u00e7ar no dia 16 de mar\u00e7o | Reprodu\u00e7\u00e3o\/Adobe Stock\" data-amp-loading=\"lazy\" \/><small>Entrega da declara\u00e7\u00e3o do Imposto de Renda 2026 deve come\u00e7ar no dia 16 de mar\u00e7o | Foto: Reprodu\u00e7\u00e3o\/Adobe Stock<\/small><\/div>\n<div class=\"g-news\"><\/div>\n<div class=\"article-html\">\n<div class=\"article-html-more\">\n<p>A\u00a0<strong data-end=\"607\" data-start=\"566\">Receita Federal do Brasil<\/strong>\u00a0est\u00e1 finalizando os detalhes da declara\u00e7\u00e3o anual de ajuste do\u00a0<strong data-end=\"711\" data-start=\"670\">Imposto de Renda Pessoa F\u00edsica<\/strong> de 2026, referente aos rendimentos obtidos pelos contribuintes ao longo de 2025.<\/p>\n<p>Assim como ocorreu no ano passado, o prazo para envio da declara\u00e7\u00e3o dever\u00e1 come\u00e7ar em\u00a0<strong data-end=\"899\" data-start=\"880\">meados de mar\u00e7o<\/strong>, embora a data exata ainda n\u00e3o tenha sido definida. O per\u00edodo de entrega seguir\u00e1 at\u00e9\u00a0<strong data-end=\"999\" data-start=\"985\">29 de maio<\/strong>, totalizando cerca de dois meses e meio para que os contribuintes prestem contas ao Fisco.<\/p>\n<p>A Receita Federal deve anunciar oficialmente, na pr\u00f3xima semana, a data de abertura do sistema. A expectativa \u00e9 que a\u00a0<strong data-end=\"1239\" data-start=\"1210\">declara\u00e7\u00e3o pr\u00e9-preenchida,<\/strong>\u00a0modalidade em que parte das informa\u00e7\u00f5es j\u00e1 aparece automaticamente no sistema, esteja dispon\u00edvel logo no in\u00edcio do prazo.<\/p>\n<p>Os detalhes completos da declara\u00e7\u00e3o de 2026 ser\u00e3o divulgados na\u00a0<strong data-end=\"1452\" data-start=\"1430\">segunda-feira (16)<\/strong>, com a publica\u00e7\u00e3o das regras no\u00a0<strong data-end=\"1526\" data-start=\"1485\">Di\u00e1rio Oficial da Uni\u00e3o<\/strong>.<\/p>\n<p>Dados mais recentes do \u00f3rg\u00e3o apontam que\u00a0<strong data-end=\"1604\" data-start=\"1570\">45,64 milh\u00f5es de contribuintes<\/strong>\u00a0enviaram a declara\u00e7\u00e3o do Imposto de Renda em 2025. Esse n\u00famero corresponde a cerca de\u00a0<strong>41% da popula\u00e7\u00e3o economicamente ativa<\/strong>, que somava 110,7 milh\u00f5es de pessoas, segundo o Instituto Brasileiro de Geografia e Estat\u00edstica (IBGE)<\/p>\n<h3 data-end=\"1851\" data-start=\"1829\">Quem deve declarar<\/h3>\n<p>Segundo estimativa do diretor tribut\u00e1rio da Confirp Contabilidade, Welinton Mota, dever\u00e1 ser obrigado a declarar em 2026 quem recebeu\u00a0<strong data-end=\"2073\" data-start=\"2010\">rendimentos tribut\u00e1veis acima de R$ 35.584 ao longo de 2025<\/strong>. O valor\u00a0<strong>ainda \u00e9 preliminar e ser\u00e1 confirmado<\/strong>\u00a0pela Receita Federal quando as regras oficiais forem publicadas.<\/p>\n<p>Em 2025, por exemplo, a obrigatoriedade atingiu quem teve\u00a0<strong data-end=\"2302\" data-start=\"2244\">rendimentos tribut\u00e1veis superiores a R$ 33.888 em 2024<\/strong>.<\/p>\n<p>Regras de obrigatoriedade que valeram em 2025, mas que tamb\u00e9m precisam ser confirmadas pela Receita:<\/p>\n<ul>\n<li>contribuintes que receberam rendimentos isentos, n\u00e3o-tribut\u00e1veis ou tributados exclusivamente na fonte, cuja soma tenha sido superior a R$ 200 mil no ano passado;<\/li>\n<li>quem obteve, em qualquer m\u00eas de 2024, ganho de capital na aliena\u00e7\u00e3o de bens ou direitos, sujeito \u00e0 incid\u00eancia do imposto, ou realizou opera\u00e7\u00f5es em bolsas de valores, de mercadorias, de futuros e assemelhadas cuja soma foi superior a R$ 40 mil, ou com apura\u00e7\u00e3o de ganhos l\u00edquidos sujeitas \u00e0 incid\u00eancia do imposto;<\/li>\n<li>quem teve isen\u00e7\u00e3o de imposto sobre o ganho de capital na venda de im\u00f3veis residenciais, seguido de aquisi\u00e7\u00e3o de outro im\u00f3vel residencial no prazo de 180 dias;<\/li>\n<li>quem teve, em 2024, receita bruta em valor superior a R$ 169.440,00 em atividade rural;<\/li>\n<li>quem tinha, at\u00e9 31 de dezembro de 2024, a posse ou a propriedade de bens ou direitos, inclusive terra nua, de valor total superior a R$ 800 mil;<\/li>\n<li>quem passou para a condi\u00e7\u00e3o de residente no Brasil em qualquer m\u00eas e se encontrava nessa condi\u00e7\u00e3o at\u00e9 31 de dezembro de 2024;<\/li>\n<li>quem optou por declarar os bens, direitos e obriga\u00e7\u00f5es detidos pela entidade controlada, direta ou indireta, no exterior como se fossem detidos diretamente pela pessoa f\u00edsica;<\/li>\n<li>Possui trust no exterior;<\/li>\n<li>quem atualizou bens im\u00f3veis pagando ganho de capital diferenciado em dezembro\/2024 (Lei n\u00ba 14.973\/2024);<\/li>\n<li>quem auferiu rendimentos no exterior de aplica\u00e7\u00f5es financeiras e de lucros e dividendos;<\/li>\n<li>deseja atualizar bens no exterior.<\/li>\n<\/ul>\n<div class=\"dimg\"><img decoding=\"async\" class=\"i-amphtml-intrinsic-sizer\" role=\"presentation\" src=\"data:;base64,<svg height=\"450px\" width=\"870px\" xmlns=\"http:\/\/www.w3.org\/2000\/svg\" version=\"1.1\"\/>&#8221; alt=&#8221;&#8221; aria-hidden=&#8221;true&#8221; \/><\/div>\n<h3 data-end=\"2331\" data-start=\"2305\"><span class=\"fr-img-caption fr-fic fr-dib\"><span class=\"fr-img-wrap\"><span class=\"fr-inner\">Receita federal ainda definir\u00e1 regras do irpf 2026 &#8211; imagem: divulga\u00e7\u00e3o<\/span><\/span><\/span><\/h3>\n<h3 data-end=\"2331\" data-start=\"2305\">Organiza\u00e7\u00e3o antecipada<\/h3>\n<p>Especialistas recomendam que os contribuintes se preparem com anteced\u00eancia para evitar problemas na hora de preencher a declara\u00e7\u00e3o. Reunir documentos e comprovantes antes do in\u00edcio do prazo facilita o processo e reduz o risco de erros ou inconsist\u00eancias.<\/p>\n<p>Al\u00e9m disso, quem envia a declara\u00e7\u00e3o mais cedo, sem pend\u00eancias, costuma receber a\u00a0<strong data-end=\"2807\" data-start=\"2772\">restitui\u00e7\u00e3o do Imposto de Renda<\/strong>\u00a0nos primeiros lotes, logo ap\u00f3s os grupos priorit\u00e1rios.<\/p>\n<h3 data-end=\"2890\" data-start=\"2864\">Documentos necess\u00e1rios<\/h3>\n<p>Entre os principais documentos exigidos est\u00e3o os\u00a0<strong data-end=\"2967\" data-start=\"2940\">informes de rendimentos<\/strong>\u00a0fornecidos por empresas, bancos e institui\u00e7\u00f5es financeiras. Documentos necess\u00e1rios:<\/p>\n<ul>\n<li>Bancos e institui\u00e7\u00f5es financeiras, inclusive corretoras de valores<\/li>\n<li>Sal\u00e1rios<\/li>\n<li>Pr\u00f3-labore<\/li>\n<li>Distribui\u00e7\u00e3o de lucros<\/li>\n<li>Pens\u00e3o<\/li>\n<li>Aposentadoria<\/li>\n<li>Alugu\u00e9is de bens m\u00f3veis e im\u00f3veis recebidos<\/li>\n<li>Programas fiscais como Nota Fiscal Paulista e similares<\/li>\n<li>Juros sobre Capital Pr\u00f3prio<\/li>\n<li>Previd\u00eancia privada<\/li>\n<\/ul>\n<p>Comprovantes e controles de recebimentos:<\/p>\n<ul data-mrf-recirculation=\"Mat\u00e9ria - Leia Tamb\u00e9m (Lista)\">\n<li>Doa\u00e7\u00f5es<\/li>\n<li>Heran\u00e7as<\/li>\n<li>Livro Caixa e DARFs de Carn\u00ea-Le\u00e3o<\/li>\n<li>Resgate de Fundo de Garantia por Tempo de Servi\u00e7o<\/li>\n<li>Seguro de vida<\/li>\n<li>Indeniza\u00e7\u00f5es<\/li>\n<li>Acordos com redu\u00e7\u00e3o de d\u00edvidas<\/li>\n<\/ul>\n<p>Informes de\u00a0<strong>pagamentos<\/strong>:<\/p>\n<ul data-mrf-recirculation=\"Mat\u00e9ria - Leia Tamb\u00e9m (Lista)\">\n<li>Assist\u00eancia m\u00e9dica<\/li>\n<li>Assist\u00eancia odontol\u00f3gica<\/li>\n<li>Seguro sa\u00fade (m\u00e9dico e odontol\u00f3gico)<\/li>\n<li>Reembolsos realizados por seguro sa\u00fade e\/ou odontol\u00f3gico<\/li>\n<li>Despesas com educa\u00e7\u00e3o (creche, pr\u00e9-escola, ensino fundamental, m\u00e9dio, superior, p\u00f3s-gradua\u00e7\u00e3o, mestrado, doutorado etc.)<\/li>\n<li>Previd\u00eancia privada<\/li>\n<\/ul>\n<p>Caso esses documentos n\u00e3o estejam dispon\u00edveis, o contribuinte dever\u00e1 reunir comprovantes de pagamentos e receitas, como\u00a0<strong data-end=\"3185\" data-start=\"3149\">notas fiscais, recibos e boletos<\/strong>, que possam comprovar as movimenta\u00e7\u00f5es financeiras declaradas:<\/p>\n<ul data-mrf-recirculation=\"Mat\u00e9ria - Leia Tamb\u00e9m (Lista)\">\n<li>Comprovantes de Pagamentos e Dedu\u00e7\u00f5es Efetuadas<\/li>\n<li>Comprovante de pagamento de previd\u00eancia social<\/li>\n<li>Recibos de doa\u00e7\u00f5es efetuadas<\/li>\n<li>Recibos de pagamentos realizados a prestadores de servi\u00e7os, pessoas f\u00edsicas ou jur\u00eddicas<\/li>\n<li>Comprovantes de gastos com profissionais da \u00e1rea da sa\u00fade: m\u00e9dicos de qualquer especialidade, dentistas, psic\u00f3logos, fisioterapeutas, terapeutas ocupacionais, fonoaudi\u00f3logos<\/li>\n<li>Exames laboratoriais e radiol\u00f3gicos<\/li>\n<li>Aparelhos e pr\u00f3teses ortop\u00e9dicas<\/li>\n<li>Pr\u00f3teses dent\u00e1rias<\/li>\n<li>Cadeiras de rodas e andadores ortop\u00e9dicos<\/li>\n<li>Despesas com interna\u00e7\u00f5es e cirurgias, inclusive est\u00e9ticas<\/li>\n<\/ul>\n<p>Comprovantes de bens e direitos:<\/p>\n<ul data-mrf-recirculation=\"Mat\u00e9ria - Leia Tamb\u00e9m (Lista)\">\n<li>Notas fiscais ou recibos de venda, compra e permuta de bens como autom\u00f3veis, motocicletas, aeronaves, embarca\u00e7\u00f5es e im\u00f3veis<\/li>\n<li>Documentos que comprovem constru\u00e7\u00e3o, reforma ou amplia\u00e7\u00e3o de bens<\/li>\n<li>Contratos de empr\u00e9stimos concedidos a terceiros com saldo em 31\/12\/2024 e 31\/12\/2025<\/li>\n<li>Demonstrativo de saldo de a\u00e7\u00f5es por ativo em 31\/12\/2025 apurados a custo m\u00e9dio<\/li>\n<li>Demonstrativo de saldo de criptoativos por ativo em 31\/12\/2025 apurados a custo m\u00e9dio<\/li>\n<li>Demonstrativo de saldo de ETFs por ativo em 31\/12\/2025 apurados a custo m\u00e9dio<\/li>\n<li>Demonstrativo de saldo de moedas estrangeiras por moeda em 31\/12\/2025 apurados a custo m\u00e9dio<\/li>\n<\/ul>\n<p>D\u00edvidas e \u00f4nus<\/p>\n<ul data-mrf-recirculation=\"Mat\u00e9ria - Leia Tamb\u00e9m (Lista)\">\n<li>Documentos comprobat\u00f3rios da aquisi\u00e7\u00e3o de d\u00edvidas e \u00f4nus com indica\u00e7\u00e3o do saldo em 31\/12\/2024 e 31\/12\/2025<\/li>\n<\/ul>\n<p>Apura\u00e7\u00e3o de ganho de capital e renda vari\u00e1vel<\/p>\n<ul data-mrf-recirculation=\"Mat\u00e9ria - Leia Tamb\u00e9m (Lista)\">\n<li>Opera\u00e7\u00f5es comuns em mercado \u00e0 vista, op\u00e7\u00f5es e derivativos<\/li>\n<li>Opera\u00e7\u00f5es day trade<\/li>\n<li>Mem\u00f3ria de c\u00e1lculo do Imposto de Renda sobre renda vari\u00e1vel<\/li>\n<li>Opera\u00e7\u00f5es com fundos imobili\u00e1rios<\/li>\n<li>Mem\u00f3ria de c\u00e1lculo do imposto referente a fundos imobili\u00e1rios<\/li>\n<\/ul>\n<p>Informa\u00e7\u00f5es gerais<\/p>\n<ul data-mrf-recirculation=\"Mat\u00e9ria - Leia Tamb\u00e9m (Lista)\">\n<li>Nome, CPF, grau de parentesco e data de nascimento dos dependentes<\/li>\n<li>Endere\u00e7o atualizado<\/li>\n<li>C\u00f3pia completa da \u00faltima Declara\u00e7\u00e3o de Imposto de Renda entregue<\/li>\n<li>Dados banc\u00e1rios para restitui\u00e7\u00e3o ou d\u00e9bito das cotas do imposto<\/li>\n<li>Atividade profissional exercida atualmente<\/li>\n<\/ul>\n<p>&nbsp;<\/p>\n<div class=\"article-share_buttons2 article-share\">\n<div class=\"share_buttons\">\n<div class=\"buttons\">\n<p>Fonte: Portal MeioNews.<br \/>\nConfira esta e outras mat\u00e9rias na \u00edntegra pelo link: https:\/\/www.meionews.com\/noticias\/economia\/prazo-do-imposto-de-renda-de-2026-deve-comecar-em-marco-e-segue-ate-29-de-maio-557150<\/p>\n<\/div>\n<\/div>\n<\/div>\n<\/div>\n<\/div>\n","protected":false},"excerpt":{"rendered":"<p>A Receita Federal deve abrir em meados de mar\u00e7o o prazo para entrega da declara\u00e7\u00e3o do Imposto de Renda 2026, referente aos rendimentos de 2025. Regras completas ser\u00e3o divulgadas ainda neste m\u00eas &nbsp; Entrega da declara\u00e7\u00e3o do Imposto de Renda 2026 deve come\u00e7ar no dia 16 de mar\u00e7o | Foto: Reprodu\u00e7\u00e3o\/Adobe Stock A\u00a0Receita Federal do [&hellip;]<\/p>\n","protected":false},"author":3,"featured_media":18377,"comment_status":"open","ping_status":"open","sticky":false,"template":"","format":"standard","meta":{"om_disable_all_campaigns":false,"_monsterinsights_skip_tracking":false,"_monsterinsights_sitenote_active":false,"_monsterinsights_sitenote_note":"","_monsterinsights_sitenote_category":0,"footnotes":""},"categories":[47],"tags":[],"class_list":["post-18376","post","type-post","status-publish","format-standard","has-post-thumbnail","hentry","category-nacionais"],"jetpack_featured_media_url":"https:\/\/fatoelado.com\/wp-content\/uploads\/2026\/03\/entrega-da-declaracao-do-imposto-de-renda-2026-deve-comecar-no-dia-16-de-marco-95a83c66a802c8f1.jpg","_links":{"self":[{"href":"https:\/\/fatoelado.com\/index.php?rest_route=\/wp\/v2\/posts\/18376","targetHints":{"allow":["GET"]}}],"collection":[{"href":"https:\/\/fatoelado.com\/index.php?rest_route=\/wp\/v2\/posts"}],"about":[{"href":"https:\/\/fatoelado.com\/index.php?rest_route=\/wp\/v2\/types\/post"}],"author":[{"embeddable":true,"href":"https:\/\/fatoelado.com\/index.php?rest_route=\/wp\/v2\/users\/3"}],"replies":[{"embeddable":true,"href":"https:\/\/fatoelado.com\/index.php?rest_route=%2Fwp%2Fv2%2Fcomments&post=18376"}],"version-history":[{"count":1,"href":"https:\/\/fatoelado.com\/index.php?rest_route=\/wp\/v2\/posts\/18376\/revisions"}],"predecessor-version":[{"id":18378,"href":"https:\/\/fatoelado.com\/index.php?rest_route=\/wp\/v2\/posts\/18376\/revisions\/18378"}],"wp:featuredmedia":[{"embeddable":true,"href":"https:\/\/fatoelado.com\/index.php?rest_route=\/wp\/v2\/media\/18377"}],"wp:attachment":[{"href":"https:\/\/fatoelado.com\/index.php?rest_route=%2Fwp%2Fv2%2Fmedia&parent=18376"}],"wp:term":[{"taxonomy":"category","embeddable":true,"href":"https:\/\/fatoelado.com\/index.php?rest_route=%2Fwp%2Fv2%2Fcategories&post=18376"},{"taxonomy":"post_tag","embeddable":true,"href":"https:\/\/fatoelado.com\/index.php?rest_route=%2Fwp%2Fv2%2Ftags&post=18376"}],"curies":[{"name":"wp","href":"https:\/\/api.w.org\/{rel}","templated":true}]}}