{"id":18370,"date":"2026-03-06T05:16:24","date_gmt":"2026-03-06T08:16:24","guid":{"rendered":"https:\/\/fatoelado.com\/?p=18370"},"modified":"2026-03-05T21:17:16","modified_gmt":"2026-03-06T00:17:16","slug":"adversario-do-brasil-marrocos-fica-sem-tecnico-a-tres-meses-da-copa","status":"publish","type":"post","link":"https:\/\/fatoelado.com\/?p=18370","title":{"rendered":"Advers\u00e1rio do Brasil, Marrocos fica sem t\u00e9cnico a tr\u00eas meses da Copa"},"content":{"rendered":"<h2 class=\"article-subtitle\" style=\"text-align: center;\">Ap\u00f3s a derrota na final pol\u00eamica da Copa Africana de Na\u00e7\u00f5es, Walid Regragui apresentou um pedido de demiss\u00e3o \u00e0 federa\u00e7\u00e3o local.<\/h2>\n<p>&nbsp;<\/p>\n<div class=\"article-image-featured\" style=\"text-align: center;\"><img decoding=\"async\" class=\"i-amphtml-fill-content i-amphtml-replaced-content aligncenter\" src=\"https:\/\/www.meionews.com\/uploads\/imagens\/2026\/3\/5\/walid-regragui-comandando-o-marrocos-contra-franca-na-copa-do-mundo-de-2022--de4122020da2a187.jpg\" alt=\"Walid Regragui comandando o Marrocos contra Fran\u00e7a na Copa do Mundo de 2022 | REUTERS\/Kai Pfaffenbach\" data-amp-loading=\"lazy\" \/><small>Walid Regragui comandando o Marrocos contra Fran\u00e7a na Copa do Mundo de 2022 | Foto: REUTERS\/Kai Pfaffenbach<\/small><\/div>\n<div class=\"g-news\"><\/div>\n<div class=\"article-html\">\n<div class=\"article-html-more\">\n<p><strong><u>Walid Regragui n\u00e3o \u00e9 mais o treinador da sele\u00e7\u00e3o do Marrocos, advers\u00e1ria do Brasil na partida de estreia da pr\u00f3xima Copa do Mundo<\/u><\/strong>. A sa\u00edda do t\u00e9cnico foi confirmada pela federa\u00e7\u00e3o marroquina faltando cerca de<strong> tr\u00eas meses para o in\u00edcio do torneio.<\/strong><\/p>\n<p>Ap\u00f3s o an\u00fancio, Regragui usou as redes sociais para se despedir da equipe e agradecer pelo per\u00edodo em que esteve \u00e0 frente da sele\u00e7\u00e3o. Um dos principais nomes do elenco marroquino, o lateral Achraf Hakimi tamb\u00e9m comentou a sa\u00edda do treinador e publicou uma mensagem curta de reconhecimento:\u00a0<strong><em>\u201cObrigado, Walid\u201d.<\/em><\/strong><\/p>\n<p><iframe class=\"i-amphtml-fill-content\" title=\"Instagram: null\" src=\"https:\/\/www.instagram.com\/p\/DVg7hU_imda\/embed\/captioned\/?cr=1&amp;v=12\" frameborder=\"0\" scrolling=\"no\" data-mce-fragment=\"1\"><\/iframe><\/p>\n<h2>DESLIGAMENTO<\/h2>\n<p>Rumores sobre a poss\u00edvel sa\u00edda do treinador j\u00e1 circulavam desde o in\u00edcio de fevereiro na imprensa francesa. Na \u00e9poca, ve\u00edculos noticiaram que o t\u00e9cnico teria solicitado o desligamento ap\u00f3s a derrota na final da Copa Africana de Na\u00e7\u00f5es, disputada em casa. A federa\u00e7\u00e3o chegou a negar a informa\u00e7\u00e3o naquele momento.<\/p>\n<p>O \u00faltimo jogo de Regragui no comando da sele\u00e7\u00e3o foi justamente a decis\u00e3o da competi\u00e7\u00e3o continental. Na partida, realizada em 18 de janeiro, o Marrocos acabou derrotado pelo Senegal por 1 a 0 em um confronto marcado por pol\u00eamicas e pela interrup\u00e7\u00e3o do jogo ap\u00f3s o abandono do campo por parte da equipe advers\u00e1ria. Com o resultado, os marroquinos perderam a chance de conquistar o bicampeonato do torneio diante da torcida, em Rabat.<\/p>\n<div class=\"dimg\"><img decoding=\"async\" class=\"i-amphtml-intrinsic-sizer\" role=\"presentation\" src=\"data:;base64,<svg height=\"592px\" width=\"888px\" xmlns=\"http:\/\/www.w3.org\/2000\/svg\" version=\"1.1\"\/>&#8221; alt=&#8221;&#8221; aria-hidden=&#8221;true&#8221; \/><img decoding=\"async\" class=\"i-amphtml-fill-content i-amphtml-replaced-content\" src=\"https:\/\/www.meionews.com\/uploads\/imagens\/2026\/3\/5\/adversario-do-brasil-marrocos-fica-sem-tecnico-a-tres-meses-da-copa--8547c98d6fb92a5e.jpg\" alt=\"Confus\u00e3o na na Final da Copa Africana de Na\u00e7\u00f5es entre Marrocos e Senegal - Foto: Reuters\" data-amp-loading=\"lazy\" \/><\/div>\n<p><span class=\"fr-inner\">Confus\u00e3o na na Final da Copa Africana de Na\u00e7\u00f5es entre Marrocos e Senegal &#8211; Foto: Reuters<\/span>&nbsp;<\/p>\n<p>Apesar do rev\u00e9s recente<strong>, Regragui marcou seu nome na hist\u00f3ria do futebol do pa\u00eds<\/strong>. Sob seu comando, o\u00a0<strong>Marrocos<\/strong>\u00a0alcan\u00e7ou pela primeira vez uma\u00a0<strong>semifinal de Copa do Mundo<\/strong>, na edi\u00e7\u00e3o de 2022, quando acabou eliminado pela Fran\u00e7a.<\/p>\n<p><strong>Franco-marroquino,<\/strong>\u00a0<strong>Regragui tem 50 anos<\/strong>\u00a0e encerrou a carreira como jogador em 2012. No mesmo ano iniciou a trajet\u00f3ria como treinador, inicialmente como auxiliar da sele\u00e7\u00e3o marroquina. Antes de retornar \u00e0 equipe nacional como t\u00e9cnico principal, h\u00e1 quatro anos, ele passou por clubes como<strong>\u00a0FUS Rabat, Al-Duhail e Wydad Casablanca.<\/strong>\u00a0Durante o per\u00edodo \u00e0 frente da sele\u00e7\u00e3o, por\u00e9m, n\u00e3o conquistou t\u00edtulos.<\/p>\n<h2>Copa do Mundo<\/h2>\n<p><strong>Marrocos<\/strong>\u00a0\u00e9 um dos advers\u00e1rios da<strong>\u00a0Sele\u00e7\u00e3o Brasileira na Copa do Mundo<\/strong>. No grupo C da competi\u00e7\u00e3o, os marroquinos encaram o Brasil logo na estreia do torneio,\u00a0<strong>no dia 13 de junho, \u00e0s 19h (de Bras\u00edlia).<\/strong><\/p>\n<p>Al\u00e9m de Brasil e Marrocos, o grupo C da Copa do Mundo ainda conta com<strong>\u00a0Esc\u00f3cia e Haiti.<\/strong>\u00a0O Mundial come\u00e7a no dia 11 de junho, com o duelo entre\u00a0<strong>M\u00e9xico e \u00c1frica do Sul.<\/strong><\/p>\n<p class=\"ads\">\n<div class=\"article-share_buttons2 article-share\">\n<div class=\"share_buttons\">\n<div class=\"buttons\">\n<p>Fonte: Portal MeioNews.<br \/>\nConfira esta e outras mat\u00e9rias na \u00edntegra pelo link: https:\/\/www.meionews.com\/esportes\/adversario-do-brasil-marrocos-fica-sem-tecnico-a-tres-meses-da-copa-557170<\/p>\n<\/div>\n<\/div>\n<\/div>\n<\/div>\n<\/div>\n","protected":false},"excerpt":{"rendered":"<p>Ap\u00f3s a derrota na final pol\u00eamica da Copa Africana de Na\u00e7\u00f5es, Walid Regragui apresentou um pedido de demiss\u00e3o \u00e0 federa\u00e7\u00e3o local. &nbsp; Walid Regragui comandando o Marrocos contra Fran\u00e7a na Copa do Mundo de 2022 | Foto: REUTERS\/Kai Pfaffenbach Walid Regragui n\u00e3o \u00e9 mais o treinador da sele\u00e7\u00e3o do Marrocos, advers\u00e1ria do Brasil na partida [&hellip;]<\/p>\n","protected":false},"author":3,"featured_media":18371,"comment_status":"open","ping_status":"open","sticky":false,"template":"","format":"standard","meta":{"om_disable_all_campaigns":false,"_monsterinsights_skip_tracking":false,"_monsterinsights_sitenote_active":false,"_monsterinsights_sitenote_note":"","_monsterinsights_sitenote_category":0,"footnotes":""},"categories":[48],"tags":[],"class_list":["post-18370","post","type-post","status-publish","format-standard","has-post-thumbnail","hentry","category-esportes"],"jetpack_featured_media_url":"https:\/\/fatoelado.com\/wp-content\/uploads\/2026\/03\/walid-regragui-comandando-o-marrocos-contra-franca-na-copa-do-mundo-de-2022-de4122020da2a187.jpg","_links":{"self":[{"href":"https:\/\/fatoelado.com\/index.php?rest_route=\/wp\/v2\/posts\/18370","targetHints":{"allow":["GET"]}}],"collection":[{"href":"https:\/\/fatoelado.com\/index.php?rest_route=\/wp\/v2\/posts"}],"about":[{"href":"https:\/\/fatoelado.com\/index.php?rest_route=\/wp\/v2\/types\/post"}],"author":[{"embeddable":true,"href":"https:\/\/fatoelado.com\/index.php?rest_route=\/wp\/v2\/users\/3"}],"replies":[{"embeddable":true,"href":"https:\/\/fatoelado.com\/index.php?rest_route=%2Fwp%2Fv2%2Fcomments&post=18370"}],"version-history":[{"count":1,"href":"https:\/\/fatoelado.com\/index.php?rest_route=\/wp\/v2\/posts\/18370\/revisions"}],"predecessor-version":[{"id":18372,"href":"https:\/\/fatoelado.com\/index.php?rest_route=\/wp\/v2\/posts\/18370\/revisions\/18372"}],"wp:featuredmedia":[{"embeddable":true,"href":"https:\/\/fatoelado.com\/index.php?rest_route=\/wp\/v2\/media\/18371"}],"wp:attachment":[{"href":"https:\/\/fatoelado.com\/index.php?rest_route=%2Fwp%2Fv2%2Fmedia&parent=18370"}],"wp:term":[{"taxonomy":"category","embeddable":true,"href":"https:\/\/fatoelado.com\/index.php?rest_route=%2Fwp%2Fv2%2Fcategories&post=18370"},{"taxonomy":"post_tag","embeddable":true,"href":"https:\/\/fatoelado.com\/index.php?rest_route=%2Fwp%2Fv2%2Ftags&post=18370"}],"curies":[{"name":"wp","href":"https:\/\/api.w.org\/{rel}","templated":true}]}}