{"id":18361,"date":"2026-03-05T12:02:22","date_gmt":"2026-03-05T15:02:22","guid":{"rendered":"https:\/\/fatoelado.com\/?p=18361"},"modified":"2026-03-05T12:02:22","modified_gmt":"2026-03-05T15:02:22","slug":"rafael-fonteles-comemora-aprovacao-da-pec-da-seguranca-publica-na-camara-dos-deputados","status":"publish","type":"post","link":"https:\/\/fatoelado.com\/?p=18361","title":{"rendered":"Rafael Fonteles comemora aprova\u00e7\u00e3o da PEC da Seguran\u00e7a P\u00fablica na C\u00e2mara dos Deputados"},"content":{"rendered":"<h2 class=\"elementor-heading-title elementor-size-default\" style=\"text-align: center;\">A proposta visa melhorar a integra\u00e7\u00e3o dos \u00f3rg\u00e3os de seguran\u00e7a do pa\u00eds e garantir mais recursos para o setor.<\/h2>\n<p>&nbsp;<\/p>\n<p>O governador Rafael Fonteles comemorou, nesta quinta-feira (5), em suas redes sociais, a aprova\u00e7\u00e3o, na C\u00e2mara dos Deputados, em segundo turno, da Proposta de Emenda \u00e0 Constitui\u00e7\u00e3o da Seguran\u00e7a P\u00fablica (PEC 18\/25). A medida visa melhorar a integra\u00e7\u00e3o dos \u00f3rg\u00e3os de seguran\u00e7a do pa\u00eds e garantir mais recursos para a \u00e1rea.<\/p>\n<p>\u201c\u00c9 mais uma vit\u00f3ria do governo do presidente Lula, do ministro da Justi\u00e7a e Seguran\u00e7a P\u00fablica, Wellington C\u00e9sar, e do secret\u00e1rio Nacional de Seguran\u00e7a P\u00fablica, Chico Lucas\u201d, diz o governador, declarando que a PEC representa o fortalecimento da seguran\u00e7a p\u00fablica e o combate ao crime, especialmente ao crime organizado.<\/p>\n<p>A PEC institui o Sistema \u00danico de Seguran\u00e7a P\u00fablica e fortalece o Fundo de Seguran\u00e7a para combater a criminalidade em todo o pa\u00eds de forma integrada entre Uni\u00e3o, estados e munic\u00edpios. \u201cEsperamos que o Senado aprove essa PEC o mais r\u00e1pido poss\u00edvel para que ela seja promulgada e o Brasil passe a contar com mais esse instrumento poderoso no combate ao crime e que vai ajudar a proteger a vida das fam\u00edlias brasileiras\u201d, afirma Rafael Fonteles.<\/p>\n<figure id=\"attachment_105677\" class=\"wp-caption alignnone\" aria-describedby=\"caption-attachment-105677\"><img loading=\"lazy\" decoding=\"async\" class=\"size-full wp-image-105677\" src=\"https:\/\/www.pi.gov.br\/wp-content\/uploads\/2025\/12\/governador-rafael-fonteles-e1765813086929.jpeg\" sizes=\"auto, (max-width: 1280px) 100vw, 1280px\" srcset=\"https:\/\/www.pi.gov.br\/wp-content\/uploads\/2025\/12\/governador-rafael-fonteles-e1765813086929.jpeg 1280w, https:\/\/www.pi.gov.br\/wp-content\/uploads\/2025\/12\/governador-rafael-fonteles-e1765813086929-300x165.jpeg 300w, https:\/\/www.pi.gov.br\/wp-content\/uploads\/2025\/12\/governador-rafael-fonteles-e1765813086929-1024x565.jpeg 1024w, https:\/\/www.pi.gov.br\/wp-content\/uploads\/2025\/12\/governador-rafael-fonteles-e1765813086929-768x424.jpeg 768w\" alt=\"\" width=\"1280\" height=\"706\" \/><figcaption id=\"caption-attachment-105677\" class=\"wp-caption-text\">Governador Rafael Fonteles (Foto: Gabriel Paulino)<\/figcaption><\/figure>\n<p><strong>Principais pontos da PEC<\/strong><\/p>\n<p>A proposta estabelece o \u2018Sistema \u00danico de Seguran\u00e7a\u2019, cuja finalidade \u00e9 integrar o combate ao crime organizado entre Uni\u00e3o, estados e munic\u00edpios.<\/p>\n<p>O projeto inclui na Constitui\u00e7\u00e3o o Fundo Nacional de Seguran\u00e7a P\u00fablica e o Fundo Penitenci\u00e1rio Nacional, sendo que a Uni\u00e3o dever\u00e1 repassar aos estados e aos munic\u00edpios 50% de cada fundo.<\/p>\n<p>A proposta atribui \u00e0 Pol\u00edcia Federal o combate a crimes cometidos por organiza\u00e7\u00f5es e mil\u00edcias privadas com repercuss\u00e3o interestadual ou internacional.<\/p>\n<p>O texto autoriza a cria\u00e7\u00e3o de pol\u00edcias municipais de natureza civil, organizadas em carreira e destinadas a a\u00e7\u00f5es de policiamento ostensivo e comunit\u00e1rio.<\/p>\n<p>A Pol\u00edcia Rodovi\u00e1ria Federal (PRF) ter\u00e1 mais atribui\u00e7\u00f5es, como policiamento ostensivo de ferrovias e hidrovias federais, ressalvadas as compet\u00eancias das For\u00e7as Armadas, que exercer\u00e3o o policiamento em seus terrenos.<\/p>\n<p>&nbsp;<\/p>\n<p>Fonte: Portal pi.Gov.<br \/>\nConfira esta e outras mat\u00e9rias na \u00edntegra pelo link: https:\/\/www.pi.gov.br\/rafael-fonteles-comemora-aprovacao-da-pec-da-seguranca-publica-na-camara-dos-deputados\/<\/p>\n","protected":false},"excerpt":{"rendered":"<p>A proposta visa melhorar a integra\u00e7\u00e3o dos \u00f3rg\u00e3os de seguran\u00e7a do pa\u00eds e garantir mais recursos para o setor. &nbsp; O governador Rafael Fonteles comemorou, nesta quinta-feira (5), em suas redes sociais, a aprova\u00e7\u00e3o, na C\u00e2mara dos Deputados, em segundo turno, da Proposta de Emenda \u00e0 Constitui\u00e7\u00e3o da Seguran\u00e7a P\u00fablica (PEC 18\/25). A medida visa [&hellip;]<\/p>\n","protected":false},"author":3,"featured_media":18362,"comment_status":"open","ping_status":"open","sticky":false,"template":"","format":"standard","meta":{"om_disable_all_campaigns":false,"_monsterinsights_skip_tracking":false,"_monsterinsights_sitenote_active":false,"_monsterinsights_sitenote_note":"","_monsterinsights_sitenote_category":0,"footnotes":""},"categories":[33],"tags":[],"class_list":["post-18361","post","type-post","status-publish","format-standard","has-post-thumbnail","hentry","category-piaui"],"jetpack_featured_media_url":"https:\/\/fatoelado.com\/wp-content\/uploads\/2026\/03\/governador-rafael-fonteles-e1765813086929.jpeg","_links":{"self":[{"href":"https:\/\/fatoelado.com\/index.php?rest_route=\/wp\/v2\/posts\/18361","targetHints":{"allow":["GET"]}}],"collection":[{"href":"https:\/\/fatoelado.com\/index.php?rest_route=\/wp\/v2\/posts"}],"about":[{"href":"https:\/\/fatoelado.com\/index.php?rest_route=\/wp\/v2\/types\/post"}],"author":[{"embeddable":true,"href":"https:\/\/fatoelado.com\/index.php?rest_route=\/wp\/v2\/users\/3"}],"replies":[{"embeddable":true,"href":"https:\/\/fatoelado.com\/index.php?rest_route=%2Fwp%2Fv2%2Fcomments&post=18361"}],"version-history":[{"count":1,"href":"https:\/\/fatoelado.com\/index.php?rest_route=\/wp\/v2\/posts\/18361\/revisions"}],"predecessor-version":[{"id":18363,"href":"https:\/\/fatoelado.com\/index.php?rest_route=\/wp\/v2\/posts\/18361\/revisions\/18363"}],"wp:featuredmedia":[{"embeddable":true,"href":"https:\/\/fatoelado.com\/index.php?rest_route=\/wp\/v2\/media\/18362"}],"wp:attachment":[{"href":"https:\/\/fatoelado.com\/index.php?rest_route=%2Fwp%2Fv2%2Fmedia&parent=18361"}],"wp:term":[{"taxonomy":"category","embeddable":true,"href":"https:\/\/fatoelado.com\/index.php?rest_route=%2Fwp%2Fv2%2Fcategories&post=18361"},{"taxonomy":"post_tag","embeddable":true,"href":"https:\/\/fatoelado.com\/index.php?rest_route=%2Fwp%2Fv2%2Ftags&post=18361"}],"curies":[{"name":"wp","href":"https:\/\/api.w.org\/{rel}","templated":true}]}}