{"id":18354,"date":"2026-03-05T12:00:54","date_gmt":"2026-03-05T15:00:54","guid":{"rendered":"https:\/\/fatoelado.com\/?p=18354"},"modified":"2026-03-05T12:00:54","modified_gmt":"2026-03-05T15:00:54","slug":"aguas-do-piaui-melhora-abastecimento-nos-bairros-alecrim-e-novo-milenio-em-esperantina","status":"publish","type":"post","link":"https:\/\/fatoelado.com\/?p=18354","title":{"rendered":"\u00c1guas do Piau\u00ed melhora abastecimento nos bairros Alecrim e Novo Mil\u00eanio em Esperantina"},"content":{"rendered":"<h2 class=\"elementor-heading-title elementor-size-default\" style=\"text-align: center;\">Os servi\u00e7os incluem a reativa\u00e7\u00e3o de po\u00e7o e extens\u00e3o da rede, beneficinado mais de 500 fam\u00edlias dessas duas comunidades.<\/h2>\n<p>&nbsp;<\/p>\n<p>A realidade das cerca de 500 fam\u00edlias que moram no bairro Alecrim, em Esperantina, foi transformada gra\u00e7as aos servi\u00e7os da \u00c1guas do Piau\u00ed.<span data-ccp-props=\"{}\">\u00a0<\/span>A comunidade teve o abastecimento regularizado com melhorias no sistema de abastecimento, que inclui a reativa\u00e7\u00e3o de um novo po\u00e7o e amplia\u00e7\u00e3o da rede.<\/p>\n<p>A regi\u00e3o, que era abastecida por tr\u00eas po\u00e7os, teve seu fornecimento de \u00e1gua prejudicado no \u00faltimo m\u00eas quando um desses equipamentos parou de funcionar. \u201cIdentificamos que a bomba do po\u00e7o havia ca\u00eddo e que precisar\u00edamos resgat\u00e1-la al\u00e9m de instalar um novo equipamento de bombeamento. O servi\u00e7o demorou alguns dias para ser conclu\u00eddo, pois se tratava de um trabalho delicado e complexo, j\u00e1 que esse po\u00e7o possui 100 metros de profundidade\u201d, explica o coordenador de Opera\u00e7\u00f5es da \u00c1guas do Piau\u00ed, Philippe Gomes.<span data-ccp-props=\"{}\">\u00a0<\/span><\/p>\n<p><span data-contrast=\"auto\">Paralelamente \u00e0 reativa\u00e7\u00e3o do po\u00e7o, as equipes da concession\u00e1ria iniciaram uma extens\u00e3o de rede, de cerca de 1 km, iniciando no bairro M\u00e3o Santa e finalizando no Alecrim, para aumentar ainda mais o volume de \u00e1gua distribu\u00eddo na regi\u00e3o. \u201cAgora, al\u00e9m dos po\u00e7os, o Alecrim contar\u00e1 com abastecimento vindo da Esta\u00e7\u00e3o de Tratamento de \u00c1gua. Isso significa um importante refor\u00e7o na distribui\u00e7\u00e3o da \u00e1gua, chegando com maior regularidade e for\u00e7a \u00e0s casas dos moradores\u201d, acrescenta Philippe.\u00a0<\/span><\/p>\n<figure id=\"attachment_120334\" class=\"wp-caption alignnone\" aria-describedby=\"caption-attachment-120334\"><img loading=\"lazy\" decoding=\"async\" class=\"wp-image-120334 size-full\" src=\"https:\/\/www.pi.gov.br\/wp-content\/uploads\/2026\/03\/20260302_164437.jpg-scaled.jpeg\" sizes=\"auto, (max-width: 2560px) 100vw, 2560px\" srcset=\"https:\/\/www.pi.gov.br\/wp-content\/uploads\/2026\/03\/20260302_164437.jpg-scaled.jpeg 2560w, https:\/\/www.pi.gov.br\/wp-content\/uploads\/2026\/03\/20260302_164437.jpg-300x225.jpeg 300w, https:\/\/www.pi.gov.br\/wp-content\/uploads\/2026\/03\/20260302_164437.jpg-1024x768.jpeg 1024w, https:\/\/www.pi.gov.br\/wp-content\/uploads\/2026\/03\/20260302_164437.jpg-768x576.jpeg 768w, https:\/\/www.pi.gov.br\/wp-content\/uploads\/2026\/03\/20260302_164437.jpg-1536x1152.jpeg 1536w, https:\/\/www.pi.gov.br\/wp-content\/uploads\/2026\/03\/20260302_164437.jpg-2048x1536.jpeg 2048w\" alt=\"\" width=\"2560\" height=\"1920\" \/><figcaption id=\"caption-attachment-120334\" class=\"wp-caption-text\">Foto: \u00c1guas do Piau\u00ed<\/figcaption><\/figure>\n<p><span data-contrast=\"auto\">Essas melhorias j\u00e1 est\u00e3o sendo sentidas pela popula\u00e7\u00e3o.\u00a0\u201cA\u00a0\u00e1gua melhorou 100%. Aqui\u00a0a gente n\u00e3o tinha \u00e1gua no decorrer do dia nem \u00e0 noite, o abastecimento estava escasso. Mas\u00a0depois do ajuste que fizeram da encana\u00e7\u00e3o do\u00a0M\u00e3o\u00a0Santa e da religa\u00e7\u00e3o do po\u00e7o, a \u00e1gua est\u00e1 boa, est\u00e1 bem forte tamb\u00e9m. Era uma coisa que h\u00e1 muito tempo a gente n\u00e3o via,\u00a0\u00e1gua forte e \u00e1gua o dia todo na torneira. Ent\u00e3o,\u00a0\u00e9 uma grande vit\u00f3ria para n\u00f3s moradores e uma vit\u00f3ria tamb\u00e9m para a empresa\u201d, completa a moradora\u00a0Taciana\u00a0Ferreira Moraes.\u00a0<\/span><\/p>\n<p><strong><span data-contrast=\"auto\">Novo Mil\u00eanio e mais melhorias<\/span><\/strong><span data-ccp-props=\"{}\">\u00a0<\/span><\/p>\n<p><span data-contrast=\"auto\">Outro bairro de Esperantina que tamb\u00e9m est\u00e1 recebendo\u00a0melhorias da \u00c1guas do Piau\u00ed \u00e9 o Novo Mil\u00eanio. A regi\u00e3o\u00a0tinha registros de\u00a0baixa press\u00e3o da \u00e1gua\u00a0que chegava aos im\u00f3veis e, para solucionar a quest\u00e3o,\u00a0a concession\u00e1ria finaliza esta semana uma extens\u00e3o de 275 metros de rede.<\/span><\/p>\n<p>\u201cAp\u00f3s a interliga\u00e7\u00e3o, o Novo Mil\u00eanio tamb\u00e9m contar\u00e1 com mais \u00e1gua chegando com maior for\u00e7a \u00e0s torneiras dos\u00a0moradores. Estamos empenhados em trazer \u00e1gua com mais qualidade, regularidade e press\u00e3o aos piauienses\u201d, destaca o coordenador de Opera\u00e7\u00f5es da concession\u00e1ria.<span data-ccp-props=\"{}\">\u00a0<\/span><\/p>\n<p><span data-contrast=\"auto\">Philippe Gomes ressalta, ainda, que, na \u00faltima semana de fevereiro, a Esta\u00e7\u00e3o de Tratamento de \u00c1gua de Esperantina passou por uma limpeza que\u00a0contribuiu\u00a0diretamente para ampliar a produ\u00e7\u00e3o e qualidade da \u00e1gua distribu\u00edda\u00a0na cidade.\u202f\u201cReafirmamos nosso compromisso\u00a0com cada piauiense ao trabalharmos continuamente em busca de solu\u00e7\u00f5es que\u00a0tragam mais qualidade de vida e sa\u00fade<\/span><\/p>\n<p>&nbsp;<\/p>\n<p>Fonte: Portal pi.Gov.<br \/>\nConfira esta e outras mat\u00e9rias na \u00edntegra pelo link: https:\/\/www.pi.gov.br\/aguas-do-piaui-melhora-abastecimento-nos-bairros-alecrim-e-novo-milenio-em-esperantina\/<\/p>\n","protected":false},"excerpt":{"rendered":"<p>Os servi\u00e7os incluem a reativa\u00e7\u00e3o de po\u00e7o e extens\u00e3o da rede, beneficinado mais de 500 fam\u00edlias dessas duas comunidades. &nbsp; A realidade das cerca de 500 fam\u00edlias que moram no bairro Alecrim, em Esperantina, foi transformada gra\u00e7as aos servi\u00e7os da \u00c1guas do Piau\u00ed.\u00a0A comunidade teve o abastecimento regularizado com melhorias no sistema de abastecimento, que [&hellip;]<\/p>\n","protected":false},"author":3,"featured_media":18355,"comment_status":"open","ping_status":"open","sticky":false,"template":"","format":"standard","meta":{"om_disable_all_campaigns":false,"_monsterinsights_skip_tracking":false,"_monsterinsights_sitenote_active":false,"_monsterinsights_sitenote_note":"","_monsterinsights_sitenote_category":0,"footnotes":""},"categories":[33],"tags":[],"class_list":["post-18354","post","type-post","status-publish","format-standard","has-post-thumbnail","hentry","category-piaui"],"jetpack_featured_media_url":"https:\/\/fatoelado.com\/wp-content\/uploads\/2026\/03\/20260302_164437.jpg-2048x1536-1.jpeg","_links":{"self":[{"href":"https:\/\/fatoelado.com\/index.php?rest_route=\/wp\/v2\/posts\/18354","targetHints":{"allow":["GET"]}}],"collection":[{"href":"https:\/\/fatoelado.com\/index.php?rest_route=\/wp\/v2\/posts"}],"about":[{"href":"https:\/\/fatoelado.com\/index.php?rest_route=\/wp\/v2\/types\/post"}],"author":[{"embeddable":true,"href":"https:\/\/fatoelado.com\/index.php?rest_route=\/wp\/v2\/users\/3"}],"replies":[{"embeddable":true,"href":"https:\/\/fatoelado.com\/index.php?rest_route=%2Fwp%2Fv2%2Fcomments&post=18354"}],"version-history":[{"count":1,"href":"https:\/\/fatoelado.com\/index.php?rest_route=\/wp\/v2\/posts\/18354\/revisions"}],"predecessor-version":[{"id":18356,"href":"https:\/\/fatoelado.com\/index.php?rest_route=\/wp\/v2\/posts\/18354\/revisions\/18356"}],"wp:featuredmedia":[{"embeddable":true,"href":"https:\/\/fatoelado.com\/index.php?rest_route=\/wp\/v2\/media\/18355"}],"wp:attachment":[{"href":"https:\/\/fatoelado.com\/index.php?rest_route=%2Fwp%2Fv2%2Fmedia&parent=18354"}],"wp:term":[{"taxonomy":"category","embeddable":true,"href":"https:\/\/fatoelado.com\/index.php?rest_route=%2Fwp%2Fv2%2Fcategories&post=18354"},{"taxonomy":"post_tag","embeddable":true,"href":"https:\/\/fatoelado.com\/index.php?rest_route=%2Fwp%2Fv2%2Ftags&post=18354"}],"curies":[{"name":"wp","href":"https:\/\/api.w.org\/{rel}","templated":true}]}}