{"id":18350,"date":"2026-03-05T11:59:50","date_gmt":"2026-03-05T14:59:50","guid":{"rendered":"https:\/\/fatoelado.com\/?p=18350"},"modified":"2026-03-05T11:59:50","modified_gmt":"2026-03-05T14:59:50","slug":"aumento-gradual-da-licenca-paternidade-para-20-dias-vai-a-sancao-presidencial","status":"publish","type":"post","link":"https:\/\/fatoelado.com\/?p=18350","title":{"rendered":"Aumento gradual da licen\u00e7a-paternidade para 20 dias vai \u00e0 san\u00e7\u00e3o presidencial"},"content":{"rendered":"<h2 class=\"article-subtitle\" style=\"text-align: center;\">A licen\u00e7a-paternidade ser\u00e1 concedida ao empregado, sem preju\u00edzo do emprego e do sal\u00e1rio, em raz\u00e3o de nascimento de filho, de ado\u00e7\u00e3o ou de guarda judicial<\/h2>\n<p>&nbsp;<\/p>\n<div class=\"article-image-featured\" style=\"text-align: center;\"><img decoding=\"async\" class=\"i-amphtml-fill-content i-amphtml-replaced-content aligncenter\" src=\"https:\/\/www.meionews.com\/uploads\/imagens\/2026\/3\/5\/aumento-gradual-da-licenca-paternidade--167690a01e89635f.jpg\" alt=\"Aumento gradual da licen\u00e7a-paternidade  | Imagem de Freepik\" data-amp-loading=\"lazy\" \/><small>Aumento gradual da licen\u00e7a-paternidade | Foto: Imagem de Freepik<\/small><\/div>\n<div class=\"g-news\"><\/div>\n<div class=\"article-html\">\n<div class=\"article-html-more\">\n<p>O\u00a0<strong>Plen\u00e1rio aprovou na quarta-feira (4)<\/strong>, em regime de urg\u00eancia, o\u00a0<strong>projeto de lei que aumenta de forma gradual o per\u00edodo de afastamento do trabalho para pais segurados da Previd\u00eancia Social<\/strong>. Aprovado em vota\u00e7\u00e3o simb\u00f3lica, o texto ser\u00e1 encaminhado \u00e0 san\u00e7\u00e3o presidencial.<\/p>\n<p>O texto assegura garantia de remunera\u00e7\u00e3o integral, estabilidade no emprego e novas regras para ado\u00e7\u00e3o e fam\u00edlias em situa\u00e7\u00e3o de vulnerabilidade. Regulamenta um direito social previsto na Constitui\u00e7\u00e3o de 1988, mas que permaneceu restrito desde ent\u00e3o ao prazo transit\u00f3rio de cinco dias.<\/p>\n<p>De acordo com o<a href=\"https:\/\/www25.senado.leg.br\/web\/atividade\/materias\/-\/materia\/171606\" target=\"_blank\" rel=\"noopener\"><strong>\u00a0PL 5.811\/2025<\/strong><\/a>, a licen\u00e7a-paternidade e o sal\u00e1rio-paternidade, considerados isoladamente, ter\u00e3o a dura\u00e7\u00e3o total de:<\/p>\n<p>.\u00a0<strong>10 dias, a partir de 1\u00ba de janeiro de 2027;<\/strong><\/p>\n<p><strong>. 15 dias, a partir de 1\u00ba de janeiro de 2028;<\/strong><\/p>\n<p><strong>. 20 dias, a partir de 1\u00ba de janeiro de 2029.<\/strong><\/p>\n<p>De autoria da ex-senadora Patr\u00edcia Saboya, o texto foi relatado pela senadora Ana Paula Lobato (PSB-MA).<\/p>\n<p><strong>O projeto j\u00e1 havia sido aprovado na C\u00e2mara com altera\u00e7\u00f5es<\/strong>, voltou para o Senado e seguiu para aprecia\u00e7\u00e3o do Plen\u00e1rio, ap\u00f3s ter sido aprovado na Comiss\u00e3o de Assuntos Sociais (CAS), em dezembro de 2025.<\/p>\n<p>&nbsp;<\/p>\n<div class=\"dimg\"><img decoding=\"async\" class=\"i-amphtml-intrinsic-sizer\" role=\"presentation\" src=\"data:;base64,<svg height=\"800px\" width=\"1200px\" xmlns=\"http:\/\/www.w3.org\/2000\/svg\" version=\"1.1\"\/>&#8221; alt=&#8221;&#8221; aria-hidden=&#8221;true&#8221; \/><img decoding=\"async\" class=\"i-amphtml-fill-content i-amphtml-replaced-content\" src=\"https:\/\/www.meionews.com\/uploads\/imagens\/2026\/3\/5\/aumento-gradual-da-licenca-paternidade-para-20-dias-vai-a-sancao-presidencial--b213880a7e58542f.jpg\" alt=\"Foto: Jefferson Rudy\/Ag\u00eancia Senado\" data-amp-loading=\"lazy\" \/><\/div>\n<p><span class=\"fr-inner\">Foto: Jefferson Rudy\/Ag\u00eancia Senado<\/span>&nbsp;<\/p>\n<h3><strong>Licen\u00e7a-paternidade<\/strong><\/h3>\n<p>De acordo com o projeto, a licen\u00e7a-paternidade ser\u00e1 concedida ao empregado, sem preju\u00edzo do emprego e do sal\u00e1rio, em raz\u00e3o de nascimento de filho, de ado\u00e7\u00e3o ou de guarda judicial para fins de ado\u00e7\u00e3o de crian\u00e7a ou de adolescente.<\/p>\n<p>O benef\u00edcio ser\u00e1 suspenso, cessado ou indeferido quando houver elementos concretos que indiquem a pr\u00e1tica, pelo pai, de viol\u00eancia dom\u00e9stica ou familiar ou de abandono material em rela\u00e7\u00e3o \u00e0 crian\u00e7a ou ao adolescente sob sua responsabilidade.<\/p>\n<h3><strong>Sal\u00e1rio-paternidade<\/strong><\/h3>\n<p>O sal\u00e1rio-paternidade para o segurado empregado ou o trabalhador avulso consistir\u00e1 em renda mensal igual \u00e0 sua remunera\u00e7\u00e3o integral, proporcional \u00e0 dura\u00e7\u00e3o do benef\u00edcio.<\/p>\n<p>Cabe \u00e0 empresa pagar o sal\u00e1rio-paternidade devido ao respectivo empregado, podendo obter reembolso, observado o limite m\u00e1ximo dos benef\u00edcios pagos pelo Regime Geral de Previd\u00eancia Social (RGPS).<\/p>\n<p>As microempresas e pequenas empresas poder\u00e3o receber reembolso do sal\u00e1rio-paternidade pago aos empregados que lhes prestem servi\u00e7o.<\/p>\n<p><em>(Com informa\u00e7\u00f5es da Ag\u00eancia Senado)<\/em><\/p>\n<p class=\"ads\">\n<div class=\"article-share_buttons2 article-share\">\n<div class=\"share_buttons\">\n<div class=\"buttons\">\n<p>Fonte: Portal MeioNews.<br \/>\nConfira esta e outras mat\u00e9rias na \u00edntegra pelo link: https:\/\/www.meionews.com\/politica\/aumento-gradual-da-licenca-paternidade-para-20-dias-vai-a-sancao-presidencial-557086<\/p>\n<\/div>\n<\/div>\n<\/div>\n<\/div>\n<\/div>\n","protected":false},"excerpt":{"rendered":"<p>A licen\u00e7a-paternidade ser\u00e1 concedida ao empregado, sem preju\u00edzo do emprego e do sal\u00e1rio, em raz\u00e3o de nascimento de filho, de ado\u00e7\u00e3o ou de guarda judicial &nbsp; Aumento gradual da licen\u00e7a-paternidade | Foto: Imagem de Freepik O\u00a0Plen\u00e1rio aprovou na quarta-feira (4), em regime de urg\u00eancia, o\u00a0projeto de lei que aumenta de forma gradual o per\u00edodo de [&hellip;]<\/p>\n","protected":false},"author":3,"featured_media":18351,"comment_status":"open","ping_status":"open","sticky":false,"template":"","format":"standard","meta":{"om_disable_all_campaigns":false,"_monsterinsights_skip_tracking":false,"_monsterinsights_sitenote_active":false,"_monsterinsights_sitenote_note":"","_monsterinsights_sitenote_category":0,"footnotes":""},"categories":[47],"tags":[],"class_list":["post-18350","post","type-post","status-publish","format-standard","has-post-thumbnail","hentry","category-nacionais"],"jetpack_featured_media_url":"https:\/\/fatoelado.com\/wp-content\/uploads\/2026\/03\/aumento-gradual-da-licenca-paternidade-167690a01e89635f.jpg","_links":{"self":[{"href":"https:\/\/fatoelado.com\/index.php?rest_route=\/wp\/v2\/posts\/18350","targetHints":{"allow":["GET"]}}],"collection":[{"href":"https:\/\/fatoelado.com\/index.php?rest_route=\/wp\/v2\/posts"}],"about":[{"href":"https:\/\/fatoelado.com\/index.php?rest_route=\/wp\/v2\/types\/post"}],"author":[{"embeddable":true,"href":"https:\/\/fatoelado.com\/index.php?rest_route=\/wp\/v2\/users\/3"}],"replies":[{"embeddable":true,"href":"https:\/\/fatoelado.com\/index.php?rest_route=%2Fwp%2Fv2%2Fcomments&post=18350"}],"version-history":[{"count":2,"href":"https:\/\/fatoelado.com\/index.php?rest_route=\/wp\/v2\/posts\/18350\/revisions"}],"predecessor-version":[{"id":18353,"href":"https:\/\/fatoelado.com\/index.php?rest_route=\/wp\/v2\/posts\/18350\/revisions\/18353"}],"wp:featuredmedia":[{"embeddable":true,"href":"https:\/\/fatoelado.com\/index.php?rest_route=\/wp\/v2\/media\/18351"}],"wp:attachment":[{"href":"https:\/\/fatoelado.com\/index.php?rest_route=%2Fwp%2Fv2%2Fmedia&parent=18350"}],"wp:term":[{"taxonomy":"category","embeddable":true,"href":"https:\/\/fatoelado.com\/index.php?rest_route=%2Fwp%2Fv2%2Fcategories&post=18350"},{"taxonomy":"post_tag","embeddable":true,"href":"https:\/\/fatoelado.com\/index.php?rest_route=%2Fwp%2Fv2%2Ftags&post=18350"}],"curies":[{"name":"wp","href":"https:\/\/api.w.org\/{rel}","templated":true}]}}