{"id":18347,"date":"2026-03-05T11:59:01","date_gmt":"2026-03-05T14:59:01","guid":{"rendered":"https:\/\/fatoelado.com\/?p=18347"},"modified":"2026-03-05T11:59:01","modified_gmt":"2026-03-05T14:59:01","slug":"flavio-dino-acompanha-moraes-e-vota-para-manter-bolsonaro-na-papudinha","status":"publish","type":"post","link":"https:\/\/fatoelado.com\/?p=18347","title":{"rendered":"Fl\u00e1vio Dino acompanha Moraes e vota para manter Bolsonaro na Papudinha"},"content":{"rendered":"<h2 class=\"article-subtitle\" style=\"text-align: center;\">Em sess\u00e3o virtual, ministros da Primeira Turma votam hoje se referendam a posi\u00e7\u00e3o de Moraes e mant\u00eam o ex-presidente na Papudinha<\/h2>\n<p>&nbsp;<\/p>\n<div class=\"article-image-featured\" style=\"text-align: center;\"><img decoding=\"async\" class=\"i-amphtml-fill-content i-amphtml-replaced-content aligncenter\" src=\"https:\/\/www.meionews.com\/uploads\/imagens\/2026\/3\/5\/bolsonaro-esta-preso-na-unidade-conhecida-como-papudinha--ccc4215a43450af1.jpg\" alt=\"Bolsonaro est\u00e1 preso na unidade conhecida como &quot;Papudinha&quot; | Fabio Rodrigues\/Ag\u00eancia Brasil\" data-amp-loading=\"lazy\" \/><small>Bolsonaro est\u00e1 preso na unidade conhecida como &#8220;Papudinha&#8221; | Foto: Fabio Rodrigues\/Ag\u00eancia Brasil<\/small><\/div>\n<div class=\"g-news\"><\/div>\n<div class=\"article-html\">\n<div class=\"article-html-more\">\n<p>A\u00a0<strong data-end=\"157\" data-start=\"92\">Primeira Turma do Supremo Tribunal Federal (STF)<\/strong>\u00a0j\u00e1 soma\u00a0<strong data-end=\"252\" data-start=\"166\">dois votos para manter a decis\u00e3o do ministro Alexandre de Moraes<\/strong>\u00a0que\u00a0<strong data-end=\"356\" data-start=\"257\">negou o pedido de pris\u00e3o domiciliar ao\u00a0<\/strong><strong data-end=\"356\" data-start=\"257\">ex-presidente Jair Bolsonaro (PL)<\/strong>.<\/p>\n<p>O ministro Fl\u00e1vio Dino acompanhou o relator, formando placar de 2 a 0 pela manuten\u00e7\u00e3o da decis\u00e3o. A an\u00e1lise ocorre em sess\u00e3o virtual, na qual os ministros registram seus votos eletronicamente.<\/p>\n<p>&nbsp;<\/p>\n<h2 data-end=\"638\" data-start=\"591\">Julgamento virtual segue at\u00e9 esta quinta<\/h2>\n<p>No formato virtual, os ministros da Primeira Turma t\u00eam\u00a0<strong data-end=\"730\" data-start=\"695\">at\u00e9 as 23h59 desta quinta-feira<\/strong>\u00a0para registrar seus votos no sistema do tribunal. Como a decis\u00e3o foi\u00a0<strong data-end=\"815\" data-start=\"800\">monocr\u00e1tica<\/strong>, ela precisa ser submetida ao\u00a0<strong data-end=\"872\" data-start=\"846\">referendo do colegiado<\/strong>.<\/p>\n<p>A maioria \u00e9 alcan\u00e7ada com\u00a0<strong data-end=\"915\" data-start=\"901\">tr\u00eas votos<\/strong>. Al\u00e9m de Moraes e Dino, integram a Primeira Turma:<\/p>\n<ul data-start=\"968\">\n<li data-start=\"968\">C\u00e1rmen L\u00facia<\/li>\n<li data-start=\"1010\">Cristiano Zanin<\/li>\n<\/ul>\n<p>&nbsp;<\/p>\n<div class=\"dimg\"><img decoding=\"async\" class=\"i-amphtml-intrinsic-sizer\" role=\"presentation\" src=\"data:;base64,<svg height=\"600px\" width=\"900px\" xmlns=\"http:\/\/www.w3.org\/2000\/svg\" version=\"1.1\"\/>&#8221; alt=&#8221;&#8221; aria-hidden=&#8221;true&#8221; \/><img decoding=\"async\" class=\"i-amphtml-fill-content i-amphtml-replaced-content\" src=\"https:\/\/www.meionews.com\/uploads\/imagens\/2026\/3\/5\/flavio-dino-acompanha-moraes-e-vota-para-manter-bolsonaro-na-papudinha--06e8882a02867923.jpg\" alt=\"Fotos: Antonio Augusto e Felipe Sampaio\/STF\" data-amp-loading=\"lazy\" \/><\/div>\n<p><span class=\"fr-inner\">Fotos: Antonio Augusto e Felipe Sampaio\/STF<\/span>&nbsp;<\/p>\n<h2 data-end=\"1091\" data-start=\"1053\">Defesa alegou problemas de sa\u00fade<\/h2>\n<p>O pedido de pris\u00e3o domiciliar foi negado por Moraes na segunda-feira (2). A defesa de Bolsonaro argumentou que o ex-presidente possui quadro cl\u00ednico complexo, com m\u00faltiplas comorbidades, e solicitou a convers\u00e3o da pena por raz\u00f5es humanit\u00e1rias.<\/p>\n<p>Ap\u00f3s avalia\u00e7\u00e3o m\u00e9dica, por\u00e9m, os peritos conclu\u00edram que as doen\u00e7as est\u00e3o sob controle cl\u00ednico e medicamentoso e que o Complexo da Papuda, em Bras\u00edlia, possui estrutura adequada para a perman\u00eancia do ex-presidente.<\/p>\n<h2 data-end=\"1672\" data-start=\"1633\">Condena\u00e7\u00e3o por tentativa de golpe<\/h2>\n<p>Jair Bolsonaro foi condenado a 27 anos e tr\u00eas meses de pris\u00e3o por liderar uma tentativa de golpe de Estado ap\u00f3s a derrota nas elei\u00e7\u00f5es de 2022. Atualmente, o ex-presidente cumpre pena em uma sala de Estado-Maior no 19\u00ba Batalh\u00e3o da Pol\u00edcia Militar, localizado no Complexo da Papuda, no Distrito Federal.<\/p>\n<p class=\"ads\">\n<div class=\"article-share_buttons2 article-share\">\n<div class=\"share_buttons\">\n<div class=\"buttons\">\n<p>Fonte: Portal MeioNews.<br \/>\nConfira esta e outras mat\u00e9rias na \u00edntegra pelo link: https:\/\/www.meionews.com\/politica\/flavio-dino-acompanha-moraes-e-vota-para-manter-bolsonaro-na-papudinha-557101<\/p>\n<\/div>\n<\/div>\n<\/div>\n<\/div>\n<\/div>\n","protected":false},"excerpt":{"rendered":"<p>Em sess\u00e3o virtual, ministros da Primeira Turma votam hoje se referendam a posi\u00e7\u00e3o de Moraes e mant\u00eam o ex-presidente na Papudinha &nbsp; Bolsonaro est\u00e1 preso na unidade conhecida como &#8220;Papudinha&#8221; | Foto: Fabio Rodrigues\/Ag\u00eancia Brasil A\u00a0Primeira Turma do Supremo Tribunal Federal (STF)\u00a0j\u00e1 soma\u00a0dois votos para manter a decis\u00e3o do ministro Alexandre de Moraes\u00a0que\u00a0negou o pedido [&hellip;]<\/p>\n","protected":false},"author":3,"featured_media":18348,"comment_status":"open","ping_status":"open","sticky":false,"template":"","format":"standard","meta":{"om_disable_all_campaigns":false,"_monsterinsights_skip_tracking":false,"_monsterinsights_sitenote_active":false,"_monsterinsights_sitenote_note":"","_monsterinsights_sitenote_category":0,"footnotes":""},"categories":[47],"tags":[],"class_list":["post-18347","post","type-post","status-publish","format-standard","has-post-thumbnail","hentry","category-nacionais"],"jetpack_featured_media_url":"https:\/\/fatoelado.com\/wp-content\/uploads\/2026\/03\/bolsonaro-esta-preso-na-unidade-conhecida-como-papudinha-ccc4215a43450af1.jpg","_links":{"self":[{"href":"https:\/\/fatoelado.com\/index.php?rest_route=\/wp\/v2\/posts\/18347","targetHints":{"allow":["GET"]}}],"collection":[{"href":"https:\/\/fatoelado.com\/index.php?rest_route=\/wp\/v2\/posts"}],"about":[{"href":"https:\/\/fatoelado.com\/index.php?rest_route=\/wp\/v2\/types\/post"}],"author":[{"embeddable":true,"href":"https:\/\/fatoelado.com\/index.php?rest_route=\/wp\/v2\/users\/3"}],"replies":[{"embeddable":true,"href":"https:\/\/fatoelado.com\/index.php?rest_route=%2Fwp%2Fv2%2Fcomments&post=18347"}],"version-history":[{"count":1,"href":"https:\/\/fatoelado.com\/index.php?rest_route=\/wp\/v2\/posts\/18347\/revisions"}],"predecessor-version":[{"id":18349,"href":"https:\/\/fatoelado.com\/index.php?rest_route=\/wp\/v2\/posts\/18347\/revisions\/18349"}],"wp:featuredmedia":[{"embeddable":true,"href":"https:\/\/fatoelado.com\/index.php?rest_route=\/wp\/v2\/media\/18348"}],"wp:attachment":[{"href":"https:\/\/fatoelado.com\/index.php?rest_route=%2Fwp%2Fv2%2Fmedia&parent=18347"}],"wp:term":[{"taxonomy":"category","embeddable":true,"href":"https:\/\/fatoelado.com\/index.php?rest_route=%2Fwp%2Fv2%2Fcategories&post=18347"},{"taxonomy":"post_tag","embeddable":true,"href":"https:\/\/fatoelado.com\/index.php?rest_route=%2Fwp%2Fv2%2Ftags&post=18347"}],"curies":[{"name":"wp","href":"https:\/\/api.w.org\/{rel}","templated":true}]}}