{"id":18344,"date":"2026-03-05T11:58:10","date_gmt":"2026-03-05T14:58:10","guid":{"rendered":"https:\/\/fatoelado.com\/?p=18344"},"modified":"2026-03-05T11:58:10","modified_gmt":"2026-03-05T14:58:10","slug":"espanha-x-argentina-segue-sem-sede-definida-afirma-uefa","status":"publish","type":"post","link":"https:\/\/fatoelado.com\/?p=18344","title":{"rendered":"Espanha x Argentina segue sem sede definida, afirma Uefa"},"content":{"rendered":"<h2 class=\"article-subtitle\" style=\"text-align: center;\">A capacidade do Catar de sediar a partida est\u00e1 em d\u00favida devido \u00e0s tens\u00f5es regionais; Londres, Roma e Mil\u00e3o s\u00e3o consideradas poss\u00edveis cidades-sede<\/h2>\n<p>&nbsp;<\/p>\n<div class=\"article-image-featured\" style=\"text-align: center;\"><img decoding=\"async\" class=\"i-amphtml-fill-content i-amphtml-replaced-content aligncenter\" src=\"https:\/\/www.meionews.com\/uploads\/imagens\/2026\/3\/5\/espanha-x-argentina--485886115b09424c.jpg\" alt=\"Espanha x Argentina | Divulga\u00e7\u00e3o\" data-amp-loading=\"lazy\" \/><small>Espanha x Argentina | Foto: Divulga\u00e7\u00e3o<\/small><\/div>\n<div class=\"g-news\"><\/div>\n<div class=\"article-html\">\n<div class=\"article-html-more\">\n<p>A decis\u00e3o sobre\u00a0<strong data-end=\"246\" data-start=\"112\">se \u2014 e onde \u2014 ser\u00e1 disputada a Final\u00edssima entre a Sele\u00e7\u00e3o da Espanha e a Sele\u00e7\u00e3o da Argentina<\/strong>\u00a0deve ser tomada\u00a0<strong data-end=\"294\" data-start=\"263\">at\u00e9 o fim da pr\u00f3xima semana<\/strong>, segundo informou a UEFA nesta quinta-feira (5).<\/p>\n<p>A indefini\u00e7\u00e3o acontece por causa de d\u00favidas sobre a capacidade do Catar de sediar o confronto, que inicialmente estava marcado para 27 de mar\u00e7o, no Est\u00e1dio Lusail, em Doha.<\/p>\n<h2 data-end=\"679\" data-start=\"652\">Press\u00e3o por defini\u00e7\u00e3o<\/h2>\n<p>A Real Federaci\u00f3n Espa\u00f1ola de F\u00fatbol (RFEF) tem pressionado por uma defini\u00e7\u00e3o r\u00e1pida, j\u00e1 que a janela internacional de mar\u00e7o \u00e9 considerada fundamental na prepara\u00e7\u00e3o para a pr\u00f3xima Copa do Mundo FIFA 2026, que ser\u00e1 disputada entre junho e julho na Am\u00e9rica do Norte.<\/p>\n<p>&nbsp;<\/p>\n<div class=\"dimg\"><img decoding=\"async\" class=\"i-amphtml-intrinsic-sizer\" role=\"presentation\" src=\"data:;base64,<svg height=\"553px\" width=\"984px\" xmlns=\"http:\/\/www.w3.org\/2000\/svg\" version=\"1.1\"\/>&#8221; alt=&#8221;&#8221; aria-hidden=&#8221;true&#8221; \/><img decoding=\"async\" class=\"i-amphtml-fill-content i-amphtml-replaced-content\" src=\"https:\/\/www.meionews.com\/uploads\/imagens\/2026\/3\/5\/espanha-x-argentina-segue-sem-sede-definida-afirma-uefa--d98c972db85e925f.jpg\" alt=\"Foto: Uefa\/Getty Images\" data-amp-loading=\"lazy\" \/><\/div>\n<p><span class=\"fr-inner\">Foto: Uefa\/Getty Images<\/span><\/p>\n<div class=\"mgbox\"><\/div>\n<p>Com menos de tr\u00eas semanas para a data prevista da partida, a falta de defini\u00e7\u00e3o gera preocupa\u00e7\u00e3o na organiza\u00e7\u00e3o e nas sele\u00e7\u00f5es.<\/p>\n<h2 data-end=\"1160\" data-start=\"1117\">Poss\u00edveis cidades para sediar o jogo<\/h2>\n<p>De acordo com fontes ouvidas pela Reuters, Londres aparece atualmente como a principal favorita para receber o jogo. Por outro lado, ve\u00edculos da imprensa espanhola apontam outras alternativas na It\u00e1lia, como:<\/p>\n<ul data-start=\"1419\">\n<li data-start=\"1419\">Roma<\/li>\n<li data-start=\"1461\">Mil\u00e3o<\/li>\n<\/ul>\n<p>A Final\u00edssima re\u00fane o campe\u00e3o da Europa e o campe\u00e3o da Am\u00e9rica do Sul, repetindo o modelo do torneio disputado em 2022.<\/p>\n<p>&nbsp;<\/p>\n<div class=\"article-share_buttons2 article-share\">\n<div class=\"share_buttons\">\n<div class=\"buttons\">\n<p>Fonte: Portal MeioNews.<br \/>\nConfira esta e outras mat\u00e9rias na \u00edntegra pelo link: https:\/\/www.meionews.com\/esportes\/espanha-x-argentina-segue-sem-sede-definida-afirma-uefa-557083<\/p>\n<\/div>\n<\/div>\n<\/div>\n<\/div>\n<\/div>\n","protected":false},"excerpt":{"rendered":"<p>A capacidade do Catar de sediar a partida est\u00e1 em d\u00favida devido \u00e0s tens\u00f5es regionais; Londres, Roma e Mil\u00e3o s\u00e3o consideradas poss\u00edveis cidades-sede &nbsp; Espanha x Argentina | Foto: Divulga\u00e7\u00e3o A decis\u00e3o sobre\u00a0se \u2014 e onde \u2014 ser\u00e1 disputada a Final\u00edssima entre a Sele\u00e7\u00e3o da Espanha e a Sele\u00e7\u00e3o da Argentina\u00a0deve ser tomada\u00a0at\u00e9 o fim [&hellip;]<\/p>\n","protected":false},"author":3,"featured_media":18345,"comment_status":"open","ping_status":"open","sticky":false,"template":"","format":"standard","meta":{"om_disable_all_campaigns":false,"_monsterinsights_skip_tracking":false,"_monsterinsights_sitenote_active":false,"_monsterinsights_sitenote_note":"","_monsterinsights_sitenote_category":0,"footnotes":""},"categories":[48],"tags":[],"class_list":["post-18344","post","type-post","status-publish","format-standard","has-post-thumbnail","hentry","category-esportes"],"jetpack_featured_media_url":"https:\/\/fatoelado.com\/wp-content\/uploads\/2026\/03\/espanha-x-argentina-485886115b09424c-1.jpg","_links":{"self":[{"href":"https:\/\/fatoelado.com\/index.php?rest_route=\/wp\/v2\/posts\/18344","targetHints":{"allow":["GET"]}}],"collection":[{"href":"https:\/\/fatoelado.com\/index.php?rest_route=\/wp\/v2\/posts"}],"about":[{"href":"https:\/\/fatoelado.com\/index.php?rest_route=\/wp\/v2\/types\/post"}],"author":[{"embeddable":true,"href":"https:\/\/fatoelado.com\/index.php?rest_route=\/wp\/v2\/users\/3"}],"replies":[{"embeddable":true,"href":"https:\/\/fatoelado.com\/index.php?rest_route=%2Fwp%2Fv2%2Fcomments&post=18344"}],"version-history":[{"count":1,"href":"https:\/\/fatoelado.com\/index.php?rest_route=\/wp\/v2\/posts\/18344\/revisions"}],"predecessor-version":[{"id":18346,"href":"https:\/\/fatoelado.com\/index.php?rest_route=\/wp\/v2\/posts\/18344\/revisions\/18346"}],"wp:featuredmedia":[{"embeddable":true,"href":"https:\/\/fatoelado.com\/index.php?rest_route=\/wp\/v2\/media\/18345"}],"wp:attachment":[{"href":"https:\/\/fatoelado.com\/index.php?rest_route=%2Fwp%2Fv2%2Fmedia&parent=18344"}],"wp:term":[{"taxonomy":"category","embeddable":true,"href":"https:\/\/fatoelado.com\/index.php?rest_route=%2Fwp%2Fv2%2Fcategories&post=18344"},{"taxonomy":"post_tag","embeddable":true,"href":"https:\/\/fatoelado.com\/index.php?rest_route=%2Fwp%2Fv2%2Ftags&post=18344"}],"curies":[{"name":"wp","href":"https:\/\/api.w.org\/{rel}","templated":true}]}}